{"id":51788,"date":"2026-03-09T20:44:41","date_gmt":"2026-03-09T20:44:41","guid":{"rendered":"https:\/\/historiografija.hr\/?p=51788"},"modified":"2026-03-09T20:46:18","modified_gmt":"2026-03-09T20:46:18","slug":"dan-povijesti-umjetnosti-2026","status":"publish","type":"post","link":"https:\/\/historiografija.hr\/?p=51788","title":{"rendered":"Dan povijesti umjetnosti 2026."},"content":{"rendered":"\n<p>Dan povijesti umjetnosti odr\u017eat \u0107e se u organizaciji Odsjeka za povijest umjetnosti u Vije\u0107nici Filozofskoga fakulteta u Zagrebu u srijedu, 11. o\u017eujka 2026., na obljetnicu prvog predavanja iz povijesti umjetnosti na Sveu\u010dili\u0161tu u Zagrebu (11. o\u017eujka 1878.).<\/p>\n\n\n\n<p>Raspored doga\u0111anja dostupan je u <a href=\"http:\/\/povum.ffzg.unizg.hr\/wp-content\/uploads\/2026\/03\/Dan-povijesti-umjetnosti_2026_program.pdf\" target=\"_blank\" rel=\"noreferrer noopener\">prilogu<\/a>.<\/p>\n\n\n\n<hr class=\"wp-block-separator has-alpha-channel-opacity\"\/>\n\n\n\n<p>Izvori:<\/p>\n\n\n\n<p><a href=\"https:\/\/povum.ffzg.unizg.hr\/?p=11533\">https:\/\/povum.ffzg.unizg.hr\/?p=11533<\/a><\/p>\n\n\n\n<figure class=\"wp-block-embed is-type-wp-embed is-provider-filozofski-fakultet-sveu-ili-ta-u-zagrebu wp-block-embed-filozofski-fakultet-sveu-ili-ta-u-zagrebu\"><div class=\"wp-block-embed__wrapper\">\n<blockquote class=\"wp-embedded-content\" data-secret=\"11CyGxvlBK\"><a href=\"https:\/\/web2020.ffzg.unizg.hr\/blog\/2026\/03\/09\/dan-povijesti-umjetnosti-2\/\">Dan povijesti umjetnosti<\/a><\/blockquote><iframe loading=\"lazy\" class=\"wp-embedded-content\" sandbox=\"allow-scripts\" security=\"restricted\" style=\"position: absolute; visibility: hidden;\" title=\"&#8220;Dan povijesti umjetnosti&#8221; &#8212; Filozofski fakultet Sveu\u010dili\u0161ta u Zagrebu\" src=\"https:\/\/web2020.ffzg.unizg.hr\/blog\/2026\/03\/09\/dan-povijesti-umjetnosti-2\/embed\/#?secret=11CyGxvlBK\" data-secret=\"11CyGxvlBK\" width=\"600\" height=\"338\" frameborder=\"0\" marginwidth=\"0\" marginheight=\"0\" scrolling=\"no\"><\/iframe>\n<\/div><\/figure>\n\n\n\n<hr class=\"wp-block-separator has-alpha-channel-opacity\"\/>\n","protected":false},"excerpt":{"rendered":"","protected":false},"author":2,"featured_media":51791,"comment_status":"open","ping_status":"open","sticky":false,"template":"","format":"standard","meta":{"_acf_changed":false,"jetpack_post_was_ever_published":false,"_jetpack_newsletter_access":"","_jetpack_dont_email_post_to_subs":false,"_jetpack_newsletter_tier_id":0,"_jetpack_memberships_contains_paywalled_content":false,"_jetpack_memberships_contains_paid_content":false,"footnotes":"","jetpack_publicize_message":"","jetpack_publicize_feature_enabled":true,"jetpack_social_post_already_shared":true,"jetpack_social_options":{"image_generator_settings":{"template":"highway","default_image_id":0,"font":"","enabled":false},"version":2}},"categories":[3],"tags":[],"class_list":["post-51788","post","type-post","status-publish","format-standard","has-post-thumbnail","hentry","category-novosti"],"acf":{"facebook_opis":""},"jetpack_publicize_connections":[],"jetpack_featured_media_url":"https:\/\/i0.wp.com\/historiografija.hr\/wp-content\/uploads\/2026\/03\/Dan-povijesti-umjetnosti_2026.jpg?fit=1240%2C740&ssl=1","jetpack_sharing_enabled":true,"jetpack-related-posts":[],"_links":{"self":[{"href":"https:\/\/historiografija.hr\/index.php?rest_route=\/wp\/v2\/posts\/51788","targetHints":{"allow":["GET"]}}],"collection":[{"href":"https:\/\/historiografija.hr\/index.php?rest_route=\/wp\/v2\/posts"}],"about":[{"href":"https:\/\/historiografija.hr\/index.php?rest_route=\/wp\/v2\/types\/post"}],"author":[{"embeddable":true,"href":"https:\/\/historiografija.hr\/index.php?rest_route=\/wp\/v2\/users\/2"}],"replies":[{"embeddable":true,"href":"https:\/\/historiografija.hr\/index.php?rest_route=%2Fwp%2Fv2%2Fcomments&post=51788"}],"version-history":[{"count":1,"href":"https:\/\/historiografija.hr\/index.php?rest_route=\/wp\/v2\/posts\/51788\/revisions"}],"predecessor-version":[{"id":51790,"href":"https:\/\/historiografija.hr\/index.php?rest_route=\/wp\/v2\/posts\/51788\/revisions\/51790"}],"wp:featuredmedia":[{"embeddable":true,"href":"https:\/\/historiografija.hr\/index.php?rest_route=\/wp\/v2\/media\/51791"}],"wp:attachment":[{"href":"https:\/\/historiografija.hr\/index.php?rest_route=%2Fwp%2Fv2%2Fmedia&parent=51788"}],"wp:term":[{"taxonomy":"category","embeddable":true,"href":"https:\/\/historiografija.hr\/index.php?rest_route=%2Fwp%2Fv2%2Fcategories&post=51788"},{"taxonomy":"post_tag","embeddable":true,"href":"https:\/\/historiografija.hr\/index.php?rest_route=%2Fwp%2Fv2%2Ftags&post=51788"}],"curies":[{"name":"wp","href":"https:\/\/api.w.org\/{rel}","templated":true}]}}