{"id":51785,"date":"2026-03-09T20:29:37","date_gmt":"2026-03-09T20:29:37","guid":{"rendered":"https:\/\/historiografija.hr\/?p=51785"},"modified":"2026-03-09T20:29:37","modified_gmt":"2026-03-09T20:29:37","slug":"posljednji-tjedan-izlozbe-u-pocetku-bijase-kraljevstvo","status":"publish","type":"post","link":"https:\/\/historiografija.hr\/?p=51785","title":{"rendered":"Posljednji tjedan izlo\u017ebe \u201cU PO\u010cETKU BIJA\u0160E KRALJEVSTVO\u201d"},"content":{"rendered":"\n<p><strong>U PO\u010cETKU BIJA\u0160E KRALJEVSTVO \u2013 IZLO\u017dBA U POVODU 1100 GODINA HRVATSKOG KRALJEVSTVA<\/strong><\/p>\n\n\n\n<p><strong>GALERIJA KLOVI\u0106EVI DVORI, 16. listopada 2025. \u2013 15. o\u017eujka 2026. (produ\u017eena zbog velikog interesa publike i brojnih najavljenih grupa)<\/strong><\/p>\n\n\n\n<p>U posljednjem tjednu izlo\u017ebe htjeli bismo jo\u0161 jednom pozvati sve koji to nisu da posjete izlo\u017ebu koja se zatvara <strong>15. o\u017eujka 2026. godine<\/strong>. Obzirom na zna\u010daj izlo\u017ebe u prigodi 1100. obljetnice Hrvatskoga Kraljevstva \u017eeljeli bismo se osvrnuti na posje\u0107enost izlo\u017ebe i njezin odjek me\u0111u hrvatskom publikom.<\/p>\n\n\n\n<p>Izlo\u017ebu je vidjelo preko 55.000 posjetitelja iz cijele Hrvatske. Posebna nam je bila \u010dast ugostiti vi\u0161e od 750 osnovnih i srednjih \u0161kola, oko 1000 djece zagreba\u010dkih vrti\u0107a i djece pred\u0161kolskog uzrasta op\u0107enito. Ugostili smo i brojne Udruge, bolni\u010dke odjele, posjetitelje iz srodnih i drugih javnih dr\u017eavnih i gradskih institucija u organiziranim obilascima.<\/p>\n\n\n\n<p>Svaki je \u010detvrtak odr\u017eano stru\u010dno predavanje suradnika koji su radili na izlo\u017ebi te izlagali o zanimljivim temama poput dragocjenosti iz Riznice zagreba\u010dke katedrale, Vi\u0161eslavove krstionice, knji\u017enog blaga Sveu\u010dili\u0161ne knji\u017enice, historicisti\u010dkog slikarstva i druge. Odr\u017eana su bezbrojna stru\u010dna vodstva u kojima su sudjelovali ne samo autori i kustosi, ve\u0107 i pojedini stru\u010dnjaci te studenti koji su od posjetitelja dobili brojne pohvale.<\/p>\n\n\n\n<p>Izlo\u017ebu je otvorio premijer RH Andrej Plenkovi\u0107, a posjetio ju je i predsjednik RH Zoran Milanovi\u0107 te brojna ministarstva, predstavnici diplomatskoga kora, crkava i biskupija, crkvenih redova, rektorskog zbora, Dru\u017ebe bra\u0107e Hrvatskog zmaja, muzeja i galerija iz cijele zemlje.<\/p>\n\n\n\n<p>Objediniv\u0161i najzna\u010dajnije spomenike hrvatske pro\u0161losti od antike do suvremenosti izlo\u017eba je ponudila zanimljivo putovanje kroz bogatu pro\u0161lost za\u010detaka, razvoja i prestanka Hrvatskoga Kraljevstva.<\/p>\n\n\n\n<p>Nakon izlo\u017ebe, svi oni koji to \u017eele isti \u0107e sadr\u017eaj mo\u0107i konzultirati i putem bogato opremljenog kataloga na hrvatskom i na engleskom jeziku te virtualne \u0161etnje kroz cijelu izlo\u017ebu.<\/p>\n\n\n\n<p>Vjeruju\u0107i da \u0107e nara\u0161taji za sto godina s jednakom stra\u0161\u0107u pristupati istra\u017eivanju vlastite pro\u0161losti, nadamo se da \u0107e im ova izlo\u017eba poslu\u017eiti kao nadahnu\u0107e i izda\u0161na referenca.<\/p>\n\n\n\n<p>Zahvaljujemo svima na prelijepim komentarima u Knjizi dojmova, kao i na primjedbama koje \u0107emo nastojati u budu\u0107nosti ispraviti.<\/p>\n\n\n\n<p>Zahvaljujemo autorima, koautorima, svim suradnicima, institucijama suorganizatora i posu\u0111iva\u010da, sponzorima i medijskim pokroviteljima te Vladi Republike Hrvatske na pokroviteljstvu, Ministarstvu kulture i medija RH na potpori i svim vjernim posjetiteljima.<\/p>\n\n\n\n<p>Galerija Klovi\u0107evi dvori<\/p>\n\n\n\n<hr class=\"wp-block-separator has-alpha-channel-opacity\"\/>\n\n\n\n<p>Izvor:<\/p>\n\n\n\n<figure class=\"wp-block-embed is-type-wp-embed is-provider-galerija-klovi-evi-dvori wp-block-embed-galerija-klovi-evi-dvori\"><div class=\"wp-block-embed__wrapper\">\n<blockquote class=\"wp-embedded-content\" data-secret=\"s273of6ZlQ\"><a href=\"https:\/\/gkd.hr\/2026\/03\/09\/posljednji-tjedan-izlozbe-u-pocetku-bijase-kraljevstvo\/\">Posljednji tjedan izlo\u017ebe &#8220;U PO\u010cETKU BIJA\u0160E KRALJEVSTVO&#8221;<\/a><\/blockquote><iframe loading=\"lazy\" class=\"wp-embedded-content\" sandbox=\"allow-scripts\" security=\"restricted\" style=\"position: absolute; visibility: hidden;\" title=\"&#8220;Posljednji tjedan izlo\u017ebe &#8220;U PO\u010cETKU BIJA\u0160E KRALJEVSTVO&#8221;&#8221; &#8212; Galerija Klovi\u0107evi dvori\" src=\"https:\/\/gkd.hr\/2026\/03\/09\/posljednji-tjedan-izlozbe-u-pocetku-bijase-kraljevstvo\/embed\/#?secret=EKCZ54zBcw#?secret=s273of6ZlQ\" data-secret=\"s273of6ZlQ\" width=\"600\" height=\"338\" frameborder=\"0\" marginwidth=\"0\" marginheight=\"0\" scrolling=\"no\"><\/iframe>\n<\/div><\/figure>\n\n\n\n<hr class=\"wp-block-separator has-alpha-channel-opacity\"\/>\n","protected":false},"excerpt":{"rendered":"","protected":false},"author":2,"featured_media":51786,"comment_status":"open","ping_status":"open","sticky":false,"template":"","format":"standard","meta":{"_acf_changed":false,"jetpack_post_was_ever_published":false,"_jetpack_newsletter_access":"","_jetpack_dont_email_post_to_subs":false,"_jetpack_newsletter_tier_id":0,"_jetpack_memberships_contains_paywalled_content":false,"_jetpack_memberships_contains_paid_content":false,"footnotes":"","jetpack_publicize_message":"","jetpack_publicize_feature_enabled":true,"jetpack_social_post_already_shared":true,"jetpack_social_options":{"image_generator_settings":{"template":"highway","default_image_id":0,"font":"","enabled":false},"version":2}},"categories":[10,3],"tags":[],"class_list":["post-51785","post","type-post","status-publish","format-standard","has-post-thumbnail","hentry","category-izlozbe","category-novosti"],"acf":{"facebook_opis":""},"jetpack_publicize_connections":[],"jetpack_featured_media_url":"https:\/\/i0.wp.com\/historiografija.hr\/wp-content\/uploads\/2026\/03\/Klovicevi-dvori-izlozba.jpg?fit=2048%2C876&ssl=1","jetpack_sharing_enabled":true,"jetpack-related-posts":[],"_links":{"self":[{"href":"https:\/\/historiografija.hr\/index.php?rest_route=\/wp\/v2\/posts\/51785","targetHints":{"allow":["GET"]}}],"collection":[{"href":"https:\/\/historiografija.hr\/index.php?rest_route=\/wp\/v2\/posts"}],"about":[{"href":"https:\/\/historiografija.hr\/index.php?rest_route=\/wp\/v2\/types\/post"}],"author":[{"embeddable":true,"href":"https:\/\/historiografija.hr\/index.php?rest_route=\/wp\/v2\/users\/2"}],"replies":[{"embeddable":true,"href":"https:\/\/historiografija.hr\/index.php?rest_route=%2Fwp%2Fv2%2Fcomments&post=51785"}],"version-history":[{"count":1,"href":"https:\/\/historiografija.hr\/index.php?rest_route=\/wp\/v2\/posts\/51785\/revisions"}],"predecessor-version":[{"id":51787,"href":"https:\/\/historiografija.hr\/index.php?rest_route=\/wp\/v2\/posts\/51785\/revisions\/51787"}],"wp:featuredmedia":[{"embeddable":true,"href":"https:\/\/historiografija.hr\/index.php?rest_route=\/wp\/v2\/media\/51786"}],"wp:attachment":[{"href":"https:\/\/historiografija.hr\/index.php?rest_route=%2Fwp%2Fv2%2Fmedia&parent=51785"}],"wp:term":[{"taxonomy":"category","embeddable":true,"href":"https:\/\/historiografija.hr\/index.php?rest_route=%2Fwp%2Fv2%2Fcategories&post=51785"},{"taxonomy":"post_tag","embeddable":true,"href":"https:\/\/historiografija.hr\/index.php?rest_route=%2Fwp%2Fv2%2Ftags&post=51785"}],"curies":[{"name":"wp","href":"https:\/\/api.w.org\/{rel}","templated":true}]}}