{"id":51637,"date":"2026-02-25T22:56:29","date_gmt":"2026-02-25T22:56:29","guid":{"rendered":"https:\/\/historiografija.hr\/?p=51637"},"modified":"2026-02-25T22:56:29","modified_gmt":"2026-02-25T22:56:29","slug":"gostovanje-predstave-smrt-u-dubrovniku-u-zagrebu","status":"publish","type":"post","link":"https:\/\/historiografija.hr\/?p=51637","title":{"rendered":"Gostovanje predstave \u201eSmrt u Dubrovniku\u201c u Zagrebu"},"content":{"rendered":"\n<p>Najbolja predstava pro\u0161logodi\u0161njih Maruli\u0107evih dana,&nbsp;<em>Smrt u Dubrovniku,&nbsp;<\/em>gostuje u&nbsp;<strong>Teatru &amp;TD 27. i 28. velja\u010de&nbsp;<\/strong>2026. godine. Rije\u010d je o prvom zagreba\u010dkom izvo\u0111enju ove vi\u0161estruko nagra\u0111ivane kazali\u0161ne produkcije koja se ubraja me\u0111u najzna\u010dajnija kazali\u0161na ostvarenja pro\u0161le sezone.<\/p>\n\n\n\n<p><strong>Predstava \u0107e se odr\u017eati oba dana s po\u010detkom u 19 sati<\/strong>. Ulaz na izvedbu 27. velja\u010de mogu\u0107 je isklju\u010divo uz pozivnicu, dok su ulaznice za izvedbu 28. velja\u010de mogu kupiti na blagajni kazali\u0161ta kao i na linku <a href=\"https:\/\/www.ulaznice.hr\/web\/regular\/18333798.\">https:\/\/www.ulaznice.hr\/web\/regular\/18333798.<\/a><\/p>\n\n\n\n<p>Redatelj predstave je&nbsp;<strong>Petar Pejakovi\u0107,<\/strong>&nbsp;dok dramaturgiju potpisuje&nbsp;<strong>Anja Pletikosa.<\/strong>&nbsp;U predstavi igraju <strong>Slavi\u0161a Grubi\u0161a, Emir \u0106atovi\u0107, Pavle Prelevi\u0107, Milo\u0161 Ka\u0161\u0107elan, Kristijan Ble\u010di\u0107 i Ma\u0161a Bo\u017eovi\u0107.<\/strong><\/p>\n\n\n\n<p><em>Smrt u Dubrovniku<\/em>&nbsp;kazali\u0161na je predstava o napadu na Dubrovnik 1991. godine, utemeljena na svjedo\u010denjima sudionika tih doga\u0111aja. Na predstavi se neprekidno i intenzivno radilo tri godine, a nastajala je kroz intervjue s vi\u0161e od trideset sudionika iz svih krajeva Crne Gore te s nekolicinom sudionika iz Dubrovnika.<\/p>\n\n\n\n<p>Kroz proces kazali\u0161nih i dru\u0161tveno anga\u017eiranih radionica pro\u0161lo je vi\u0161e stotina mladih, umjetnika i sudionika ratnih doga\u0111anja. Zapisi razgovora s ratnim veteranima \u010dine sastavni dio teksta predstave. U prethodnim desetlje\u0107ima ti su glasovi u Crnoj Gori bili usamljeni, a danas tvore mali zbor. Predstava je ujedno i javni poziv ostalim glasovima u regiji da se pridru\u017ee tom zboru.<\/p>\n\n\n\n<p>Predstava pripada onome \u0161to nazivamo kulturom sje\u0107anja, nasuprot rasprostranjenoj (ne)kulturi zaborava. Njezina je namjera suo\u010diti javnost u regiji s istinom o ratu vo\u0111enom u Dubrovniku i njegovoj okolini. Nesuo\u010davanje sa stvarnom pro\u0161lo\u0161\u0107u plodno je tlo za ponavljanje povijesti, \u0161to danas, vi\u0161e nego ikada, osje\u0107amo na vlastitoj ko\u017ei.<\/p>\n\n\n\n<p>Predstava je nastala u produkciji Dramskog studija Prazan prostor iz Podgorice, u suradnji s Akcijom za ljudska prava. Realizira se u sklopu projekta&nbsp;<strong>Opsada Dubrovnika 1991.\u20131992.: Sje\u0107anja na rat da se zlo ne ponovi,<\/strong>&nbsp;koji podr\u017eava Europska unija kroz regionalni projekt EU podr\u0161ka izgradnji povjerenja na Zapadnom Balkanu, a implementira Program Ujedinjenih naroda za razvoj (UNDP).<\/p>\n\n\n\n<p><strong>Na Maruli\u0107evim danima 2025.<\/strong>&nbsp;godine&nbsp;<em>Smrt u Dubrovniku<\/em>&nbsp;osvojila je nagradu za najbolju predstavu u cjelini, dok je&nbsp;<strong>Anja Pletikosa<\/strong>&nbsp;nagra\u0111ena za dramaturgiju.<\/p>\n\n\n\n<p>Na festivalu&nbsp;<strong>FIAT Ma\u0161a Bo\u017eovi\u0107 i Pavle Prelevi\u0107<\/strong>&nbsp;dobili su nagrade za najbolje gluma\u010dke uloge, a&nbsp;<strong>Milo\u0161 Ka\u0161\u0107elan&nbsp;<\/strong>nagradu za najboljeg mladog glumca.<\/p>\n\n\n\n<p>Gostovanje u Zagrebu organiziraju Studentski centar u Zagrebu \u2013 Teatar &amp;TD, Lutkarska organizacija koju fakat trebamo LOFT i Dramski studio Prazan prostor. Program se realizira sredstvima Grada Zagreba te u sklopu projekta Art for Peace, koji financira British Council.<\/p>\n\n\n\n<hr class=\"wp-block-separator has-alpha-channel-opacity\"\/>\n\n\n\n<p>Izvor:<\/p>\n\n\n\n<p><a href=\"https:\/\/www.sczg.unizg.hr\/teatar-td\/predstave\/nagradivana-predstava-smrt-u-dubrovniku-gostuje-u-teatru-td-2\">https:\/\/www.sczg.unizg.hr\/teatar-td\/predstave\/nagradivana-predstava-smrt-u-dubrovniku-gostuje-u-teatru-td-2<\/a><\/p>\n\n\n\n<hr class=\"wp-block-separator has-alpha-channel-opacity\"\/>\n","protected":false},"excerpt":{"rendered":"","protected":false},"author":2,"featured_media":51638,"comment_status":"open","ping_status":"open","sticky":false,"template":"","format":"standard","meta":{"_acf_changed":false,"_jetpack_newsletter_access":"","_jetpack_dont_email_post_to_subs":false,"_jetpack_newsletter_tier_id":0,"_jetpack_memberships_contains_paywalled_content":false,"_jetpack_memberships_contains_paid_content":false,"footnotes":"","jetpack_publicize_message":"","jetpack_publicize_feature_enabled":true,"jetpack_social_post_already_shared":true,"jetpack_social_options":{"image_generator_settings":{"template":"highway","default_image_id":0,"font":"","enabled":false},"version":2},"jetpack_post_was_ever_published":false},"categories":[22,3],"tags":[],"class_list":["post-51637","post","type-post","status-publish","format-standard","has-post-thumbnail","hentry","category-kazalisne-predstave","category-novosti"],"acf":{"facebook_opis":""},"jetpack_publicize_connections":[],"jetpack_featured_media_url":"https:\/\/i0.wp.com\/historiografija.hr\/wp-content\/uploads\/2026\/02\/Predstava.jpeg?fit=828%2C551&ssl=1","jetpack_sharing_enabled":true,"jetpack-related-posts":[{"id":54782,"url":"https:\/\/historiografija.hr\/?p=54782","url_meta":{"origin":51637,"position":0},"title":"Gostovanje predstave &#8211; George Bernard Shaw, &#8220;Oru\u017eje i \u010dovjek&#8221; &#8211; u Zagrebu","author":"Branimir Jankovi\u0107","date":"24. srpnja 2026.","format":false,"excerpt":"Izvedba u sklopu HNK2EU \u2013 Ciklusa europskog kazali\u0161ta u Zagrebu Petak 04.09.2026. u 19:30Narodno kazali\u0161te Ivan Vazov, Sofija (Bugarska) George Bernard Shaw Oru\u017eje i \u010dovjek Prijevod: Stojan \u010caprazov i Rajko \u010caprazov Re\u017eija: John Malkovich Scenografija: Pierre-Fran\u00e7ois Limbosch Kostimografija: Jordan Mihalev Oblikovanje zvuka: Julian Stoi\u010dkov Oblikovanje svjetla: Ilja Pa\u0161nin Asistentica re\u017eije:\u2026","rel":"","context":"U &quot;Kazali\u0161ne predstave&quot;","block_context":{"text":"Kazali\u0161ne predstave","link":"https:\/\/historiografija.hr\/?cat=22"},"img":{"alt_text":"","src":"https:\/\/historiografija.hr\/wp-content\/uploads\/2026\/07\/Gostujuca-predstava.avif","width":350,"height":200,"srcset":"https:\/\/historiografija.hr\/wp-content\/uploads\/2026\/07\/Gostujuca-predstava.avif 1x, https:\/\/historiografija.hr\/wp-content\/uploads\/2026\/07\/Gostujuca-predstava.avif 1.5x"},"classes":[]},{"id":54306,"url":"https:\/\/historiografija.hr\/?p=54306","url_meta":{"origin":51637,"position":1},"title":"\u201eDr\u017eava i njezino kazali\u0161te: Hrvatsko dr\u017eavno kazali\u0161te u Zagrebu 1941. \u2013 1945.\u201c (Zagreb: Fraktura, 2026)","author":"Filip \u0160imunjak","date":"25. lipnja 2026.","format":false,"excerpt":"U knjizi\u00a0Dr\u017eava i njezino kazali\u0161te: Hrvatsko dr\u017eavno kazali\u0161te u Zagrebu 1941. \u2013 1945.,\u00a0Snje\u017eana Banovi\u0107 precizno rekonstruira djelovanje zagreba\u010dkog kazali\u0161ta u razdoblju NDH, pokazuju\u0107i kako se kulturna politika, represija i osobne sudbine isprepli\u0107u u jednoj mra\u010dnoj povijesnoj epohi.\u00a0 O knjizi:\u00a0 Dr\u017eava i njezino kazali\u0161te: Hrvatsko dr\u017eavno kazali\u0161te u Zagrebu 1941. \u2013\u2026","rel":"","context":"U &quot;Knjige&quot;","block_context":{"text":"Knjige","link":"https:\/\/historiografija.hr\/?cat=8"},"img":{"alt_text":"","src":"https:\/\/i0.wp.com\/historiografija.hr\/wp-content\/uploads\/2026\/06\/Drzava-i-njeno-kazaliste.webp?fit=768%2C768&ssl=1&resize=350%2C200","width":350,"height":200,"srcset":"https:\/\/i0.wp.com\/historiografija.hr\/wp-content\/uploads\/2026\/06\/Drzava-i-njeno-kazaliste.webp?fit=768%2C768&ssl=1&resize=350%2C200 1x, https:\/\/i0.wp.com\/historiografija.hr\/wp-content\/uploads\/2026\/06\/Drzava-i-njeno-kazaliste.webp?fit=768%2C768&ssl=1&resize=525%2C300 1.5x, https:\/\/i0.wp.com\/historiografija.hr\/wp-content\/uploads\/2026\/06\/Drzava-i-njeno-kazaliste.webp?fit=768%2C768&ssl=1&resize=700%2C400 2x"},"classes":[]},{"id":53570,"url":"https:\/\/historiografija.hr\/?p=53570","url_meta":{"origin":51637,"position":2},"title":"Predstavljeno drugo izdanje knjige Vesne \u010cu\u010di\u0107 \u201cPosljednja kriza Dubrova\u010dke Republike\u201d u Dubrovniku i Kotoru","author":"Branimir Jankovi\u0107","date":"21. svibnja 2026.","format":false,"excerpt":"Drugo izdanje knjige \u201cPosljednja kriza Dubrova\u010dke Republike\u201d autorice dr. sc. Vesne \u010cu\u010di\u0107 predstavljeno je 12. svibnja 2026. godine u Dubrovniku, te dan kasnije 13. svibnja 2026. godine u Boki kotorskoj. Predstavljanje 12. svibnja odr\u017eano je u Ljetnikovcu Sorko\u010devi\u0107 pred mnogobrojnom publikom. Najprije su u ime izdava\u010da prisutne pozdravile ravnateljica Zavoda\u2026","rel":"","context":"U &quot;Novosti&quot;","block_context":{"text":"Novosti","link":"https:\/\/historiografija.hr\/?cat=3"},"img":{"alt_text":"","src":"https:\/\/i0.wp.com\/historiografija.hr\/wp-content\/uploads\/2026\/05\/cucic2026-%E2%80%93-2.jpg?fit=1200%2C454&ssl=1&resize=350%2C200","width":350,"height":200,"srcset":"https:\/\/i0.wp.com\/historiografija.hr\/wp-content\/uploads\/2026\/05\/cucic2026-%E2%80%93-2.jpg?fit=1200%2C454&ssl=1&resize=350%2C200 1x, https:\/\/i0.wp.com\/historiografija.hr\/wp-content\/uploads\/2026\/05\/cucic2026-%E2%80%93-2.jpg?fit=1200%2C454&ssl=1&resize=525%2C300 1.5x, https:\/\/i0.wp.com\/historiografija.hr\/wp-content\/uploads\/2026\/05\/cucic2026-%E2%80%93-2.jpg?fit=1200%2C454&ssl=1&resize=700%2C400 2x, https:\/\/i0.wp.com\/historiografija.hr\/wp-content\/uploads\/2026\/05\/cucic2026-%E2%80%93-2.jpg?fit=1200%2C454&ssl=1&resize=1050%2C600 3x"},"classes":[]},{"id":54271,"url":"https:\/\/historiografija.hr\/?p=54271","url_meta":{"origin":51637,"position":3},"title":"Slobodan Prosperov Novak, &#8220;Grga Novak. \u017divot i djela&#8221;","author":"Branimir Jankovi\u0107","date":"23. lipnja 2026.","format":false,"excerpt":"Biografija Grga Novak: \u017divot i djela donosi pri\u010du o hvarskom znanstveniku i arheologu, jedinom Hrvatu s vite\u0161kim naslovom sir, kojeg je odlikovala kraljica Elizabeta II. Slobodan Prosperov Novak prati njegov put od siroma\u0161tva do vrha akademije kroz re\u017eime XX. stolje\u0107a. Grga Novak jedan je od najfascinantnijih na\u0161ih znanstvenika u dvadesetom\u2026","rel":"","context":"U &quot;Knjige&quot;","block_context":{"text":"Knjige","link":"https:\/\/historiografija.hr\/?cat=8"},"img":{"alt_text":"","src":"https:\/\/i0.wp.com\/historiografija.hr\/wp-content\/uploads\/2026\/06\/grga-novak-slobodan-prosperov-novak-knjiga.jpg?fit=768%2C431&ssl=1&resize=350%2C200","width":350,"height":200,"srcset":"https:\/\/i0.wp.com\/historiografija.hr\/wp-content\/uploads\/2026\/06\/grga-novak-slobodan-prosperov-novak-knjiga.jpg?fit=768%2C431&ssl=1&resize=350%2C200 1x, https:\/\/i0.wp.com\/historiografija.hr\/wp-content\/uploads\/2026\/06\/grga-novak-slobodan-prosperov-novak-knjiga.jpg?fit=768%2C431&ssl=1&resize=525%2C300 1.5x, https:\/\/i0.wp.com\/historiografija.hr\/wp-content\/uploads\/2026\/06\/grga-novak-slobodan-prosperov-novak-knjiga.jpg?fit=768%2C431&ssl=1&resize=700%2C400 2x"},"classes":[]},{"id":53180,"url":"https:\/\/historiografija.hr\/?p=53180","url_meta":{"origin":51637,"position":4},"title":"Osnovna \u0161kola &#8220;Vladimir Nazor&#8221; \u0110akovo: Promocija slikovnice \u201cBJANKINA PRI\u010cA\u201d","author":"Branimir Jankovi\u0107","date":"12. svibnja 2026.","format":false,"excerpt":"U petak je u \u0161koli odr\u017eana promocija i predstavljanje slikovnice Bjankina pri\u010da koju su izradili u\u010denici 7.a razreda u suradnji s u\u010denicima \u0111akova\u010dke gimnazije. Druga je ovo suradnja na\u0161e \u0161kole i \u0111akova\u010dke gimnazije koje je povezala me\u0111unarodna organizacija TOLI iz New Yorka te i ove godine financirala na\u0161 zajedni\u010dki projekt.\u2026","rel":"","context":"U &quot;Novosti&quot;","block_context":{"text":"Novosti","link":"https:\/\/historiografija.hr\/?cat=3"},"img":{"alt_text":"","src":"https:\/\/i0.wp.com\/historiografija.hr\/wp-content\/uploads\/2026\/05\/Dakovo.jpg?fit=980%2C653&ssl=1&resize=350%2C200","width":350,"height":200,"srcset":"https:\/\/i0.wp.com\/historiografija.hr\/wp-content\/uploads\/2026\/05\/Dakovo.jpg?fit=980%2C653&ssl=1&resize=350%2C200 1x, https:\/\/i0.wp.com\/historiografija.hr\/wp-content\/uploads\/2026\/05\/Dakovo.jpg?fit=980%2C653&ssl=1&resize=525%2C300 1.5x, https:\/\/i0.wp.com\/historiografija.hr\/wp-content\/uploads\/2026\/05\/Dakovo.jpg?fit=980%2C653&ssl=1&resize=700%2C400 2x"},"classes":[]},{"id":53902,"url":"https:\/\/historiografija.hr\/?p=53902","url_meta":{"origin":51637,"position":5},"title":"Poziv za sudjelovanje na skupu &#8220;Commissioners, Artists, and the Public in the Cities of Central Europe (16th\u2013mid-19th centuries)&#8221;","author":"Filip \u0160imunjak","date":"2. lipnja 2026.","format":false,"excerpt":"U zavr\u0161noj godini projekta Modeli naru\u010diteljstva: Naru\u010ditelji, umjetnici i publika u Zagrebu u 17. i dugom 18. stolje\u0107u, koji financira Hrvatska zaklada za znanost (IP-2022-10-3190, voditelj projekta prof.dr.sc. Dubravka Botica), najavljujemo me\u0111unarodnu konferenciju Commissioners, Artists, and the Public in the Cities of Central Europe(16th\u2013mid-19th centuries).\u00a0Konferencija se organizira u suradnji s\u2026","rel":"","context":"U &quot;Novosti&quot;","block_context":{"text":"Novosti","link":"https:\/\/historiografija.hr\/?cat=3"},"img":{"alt_text":"","src":"https:\/\/i0.wp.com\/historiografija.hr\/wp-content\/uploads\/2026\/06\/Modenar.webp?fit=894%2C400&ssl=1&resize=350%2C200","width":350,"height":200,"srcset":"https:\/\/i0.wp.com\/historiografija.hr\/wp-content\/uploads\/2026\/06\/Modenar.webp?fit=894%2C400&ssl=1&resize=350%2C200 1x, https:\/\/i0.wp.com\/historiografija.hr\/wp-content\/uploads\/2026\/06\/Modenar.webp?fit=894%2C400&ssl=1&resize=525%2C300 1.5x, https:\/\/i0.wp.com\/historiografija.hr\/wp-content\/uploads\/2026\/06\/Modenar.webp?fit=894%2C400&ssl=1&resize=700%2C400 2x"},"classes":[]}],"_links":{"self":[{"href":"https:\/\/historiografija.hr\/index.php?rest_route=\/wp\/v2\/posts\/51637","targetHints":{"allow":["GET"]}}],"collection":[{"href":"https:\/\/historiografija.hr\/index.php?rest_route=\/wp\/v2\/posts"}],"about":[{"href":"https:\/\/historiografija.hr\/index.php?rest_route=\/wp\/v2\/types\/post"}],"author":[{"embeddable":true,"href":"https:\/\/historiografija.hr\/index.php?rest_route=\/wp\/v2\/users\/2"}],"replies":[{"embeddable":true,"href":"https:\/\/historiografija.hr\/index.php?rest_route=%2Fwp%2Fv2%2Fcomments&post=51637"}],"version-history":[{"count":1,"href":"https:\/\/historiografija.hr\/index.php?rest_route=\/wp\/v2\/posts\/51637\/revisions"}],"predecessor-version":[{"id":51639,"href":"https:\/\/historiografija.hr\/index.php?rest_route=\/wp\/v2\/posts\/51637\/revisions\/51639"}],"wp:featuredmedia":[{"embeddable":true,"href":"https:\/\/historiografija.hr\/index.php?rest_route=\/wp\/v2\/media\/51638"}],"wp:attachment":[{"href":"https:\/\/historiografija.hr\/index.php?rest_route=%2Fwp%2Fv2%2Fmedia&parent=51637"}],"wp:term":[{"taxonomy":"category","embeddable":true,"href":"https:\/\/historiografija.hr\/index.php?rest_route=%2Fwp%2Fv2%2Fcategories&post=51637"},{"taxonomy":"post_tag","embeddable":true,"href":"https:\/\/historiografija.hr\/index.php?rest_route=%2Fwp%2Fv2%2Ftags&post=51637"}],"curies":[{"name":"wp","href":"https:\/\/api.w.org\/{rel}","templated":true}]}}