{"id":51535,"date":"2026-02-18T21:44:58","date_gmt":"2026-02-18T21:44:58","guid":{"rendered":"https:\/\/historiografija.hr\/?p=51535"},"modified":"2026-02-18T21:44:58","modified_gmt":"2026-02-18T21:44:58","slug":"72nd-annual-meeting-of-the-renaissance-society-of-america-2026","status":"publish","type":"post","link":"https:\/\/historiografija.hr\/?p=51535","title":{"rendered":"72nd Annual Meeting of the Renaissance Society of America 2026"},"content":{"rendered":"\n<p>U San Franciscu se od 19. do 21. velja\u010de 2026. odr\u017eava 72. godi\u0161nja konferencija Renaissance Society of America (RSA) na kojoj sudjeluje vi\u0161e izlaga\u010dica i izlaga\u010da iz Hrvatske.<\/p>\n\n\n\n<hr class=\"wp-block-separator has-alpha-channel-opacity\"\/>\n\n\n\n<p>Op\u0161irnije:<\/p>\n\n\n\n<p><a href=\"https:\/\/www.rsa.org\/page\/RSASF2026\">https:\/\/www.rsa.org\/page\/RSASF2026<\/a><\/p>\n\n\n\n<p><a href=\"https:\/\/rsa.confex.com\/rsa\/2026\/meetingapp.cgi\/Home\/0\">https:\/\/rsa.confex.com\/rsa\/2026\/meetingapp.cgi\/Home\/0<\/a><\/p>\n\n\n\n<hr class=\"wp-block-separator has-alpha-channel-opacity\"\/>\n","protected":false},"excerpt":{"rendered":"","protected":false},"author":2,"featured_media":51536,"comment_status":"open","ping_status":"open","sticky":false,"template":"","format":"standard","meta":{"_acf_changed":false,"_jetpack_newsletter_access":"","_jetpack_dont_email_post_to_subs":false,"_jetpack_newsletter_tier_id":0,"_jetpack_memberships_contains_paywalled_content":false,"_jetpack_memberships_contains_paid_content":false,"footnotes":"","jetpack_publicize_message":"","jetpack_publicize_feature_enabled":true,"jetpack_social_post_already_shared":true,"jetpack_social_options":{"image_generator_settings":{"template":"highway","default_image_id":0,"font":"","enabled":false},"version":2},"jetpack_post_was_ever_published":false},"categories":[3,9],"tags":[],"class_list":["post-51535","post","type-post","status-publish","format-standard","has-post-thumbnail","hentry","category-novosti","category-skupovi"],"acf":{"facebook_opis":""},"jetpack_publicize_connections":[],"jetpack_featured_media_url":"https:\/\/i0.wp.com\/historiografija.hr\/wp-content\/uploads\/2026\/02\/RSA-2026.png?fit=1835%2C888&ssl=1","jetpack_sharing_enabled":true,"jetpack-related-posts":[{"id":54760,"url":"https:\/\/historiografija.hr\/?p=54760","url_meta":{"origin":51535,"position":0},"title":"Stephen Greenblatt, \u201eDark Renaissance\u201c","author":"Branimir Jankovi\u0107","date":"23. srpnja 2026.","format":false,"excerpt":"Autor u knjizi Mra\u010dna renesansa prikazuje \u017eivot Christophera Marlowea, Shakespeareova najve\u0107eg suparnika i nadahnu\u0107a, \u010diji su pjesni\u010dki talent, radikalne ideje i dramati\u010dna sudbina presudno pridonijeli procvatu engleske renesansne knji\u017eevnosti. O knjizi:\u00a0 \u201ePoor boy. Dark star. Spy. Transgressor. Genius. This is the extraordinary story of Christopher Marlowe \u2013 Shakespeare\u2019s greatest inspiration\u2026","rel":"","context":"U &quot;Knjige&quot;","block_context":{"text":"Knjige","link":"https:\/\/historiografija.hr\/?cat=8"},"img":{"alt_text":"","src":"https:\/\/i0.wp.com\/historiografija.hr\/wp-content\/uploads\/2026\/07\/Dark-Renaissance.webp?fit=326%2C500&ssl=1&resize=350%2C200","width":350,"height":200},"classes":[]},{"id":54757,"url":"https:\/\/historiografija.hr\/?p=54757","url_meta":{"origin":51535,"position":1},"title":"Exploring Monarchy in Medieval Europe, 1000\u20131500","author":"Branimir Jankovi\u0107","date":"23. srpnja 2026.","format":false,"excerpt":"By Elena Woodacre, Lucinda H.S. Dean, Simon Lambe, Patrik Pastrnak Through wide-ranging thematic chapters, this book offers students a comprehensive introduction to the theory and practice of monarchy across Europe in the Middle Ages. The volume is separated into four themes: Concepts of Rulership, Exercising Authority, Dynasty and Succession, and\u2026","rel":"","context":"U &quot;Knjige&quot;","block_context":{"text":"Knjige","link":"https:\/\/historiografija.hr\/?cat=8"},"img":{"alt_text":"","src":"https:\/\/i0.wp.com\/historiografija.hr\/wp-content\/uploads\/2026\/07\/Monarchy.jpg?fit=350%2C525&ssl=1&resize=350%2C200","width":350,"height":200},"classes":[]},{"id":55107,"url":"https:\/\/historiografija.hr\/?p=55107","url_meta":{"origin":51535,"position":2},"title":"Leonora Neville, \u201eSailing Away from Byzantium Toward East Roman History\u201c","author":"Filip \u0160imunjak","date":"28. kolovoza 2026.","format":false,"excerpt":"Although the first thing one learns about the 'Byzantine Empire' is that it was really the eastern Roman empire, scholars have preferred to call it 'Byzantine' in a repudiation of the self-conception and emic vocabulary of the inhabitants of that polity. The terminology of 'Byzantium' artificially severs the 'medieval' eastern\u2026","rel":"","context":"U &quot;E-knjige&quot;","block_context":{"text":"E-knjige","link":"https:\/\/historiografija.hr\/?cat=19"},"img":{"alt_text":"","src":"https:\/\/i0.wp.com\/historiografija.hr\/wp-content\/uploads\/2026\/08\/Sailing-Away-from-Byzantium-Toward-East-Roman-History.webp?fit=368%2C543&ssl=1&resize=350%2C200","width":350,"height":200},"classes":[]},{"id":55119,"url":"https:\/\/historiografija.hr\/?p=55119","url_meta":{"origin":51535,"position":3},"title":"Anthony Kaldellis, \u201ePhantom Byzantium: Europe, Empire, and Identity from Late Antiquity to World War II\u201c","author":"Filip \u0160imunjak","date":"28. kolovoza 2026.","format":false,"excerpt":"How the West appropriated aspects of the eastern Roman empire while portraying it as inferior.Unveiling the ideological foundations of Byzantine studies, Phantom Byzantium is a pioneering survey of western European perceptions of the eastern Roman empire (also known as Byzantium) spanning late antiquity to World War II. Through ten chronological\u2026","rel":"","context":"U &quot;Knjige&quot;","block_context":{"text":"Knjige","link":"https:\/\/historiografija.hr\/?cat=8"},"img":{"alt_text":"","src":"https:\/\/i0.wp.com\/historiografija.hr\/wp-content\/uploads\/2026\/08\/Phantom-Byzantium.webp?fit=795%2C1200&ssl=1&resize=350%2C200","width":350,"height":200,"srcset":"https:\/\/i0.wp.com\/historiografija.hr\/wp-content\/uploads\/2026\/08\/Phantom-Byzantium.webp?fit=795%2C1200&ssl=1&resize=350%2C200 1x, https:\/\/i0.wp.com\/historiografija.hr\/wp-content\/uploads\/2026\/08\/Phantom-Byzantium.webp?fit=795%2C1200&ssl=1&resize=525%2C300 1.5x, https:\/\/i0.wp.com\/historiografija.hr\/wp-content\/uploads\/2026\/08\/Phantom-Byzantium.webp?fit=795%2C1200&ssl=1&resize=700%2C400 2x"},"classes":[]},{"id":53573,"url":"https:\/\/historiografija.hr\/?p=53573","url_meta":{"origin":51535,"position":4},"title":"Izlo\u017eba \u201eKlovi\u0107: Hrvatski renesansni san u Egiptu\u201c u Aleksandrijskoj knji\u017enici","author":"Branimir Jankovi\u0107","date":"21. svibnja 2026.","format":false,"excerpt":"U\u00a0Aleksandrijskoj knji\u017enici u Egiptu 4. svibnja 2026.\u00a0sve\u010dano je otvorena\u00a0izlo\u017eba \u201eKlovi\u0107: Hrvatski renesansni san u Egiptu\u201c (\u201eKlovi\u0107: Croatian Renaissance Dream in Egypt\u201d ). Izlo\u017ebu je organiziralo Veleposlanstvo Republike Hrvatske u Egiptu, autor izlo\u017ebe je diplomatski savjetnik dr. Daniel Rafaeli\u0107, a izlo\u017eba je realizirana uz pomo\u0107 Hrvatske akademije znanosti i umjetnosti u\u2026","rel":"","context":"U &quot;Izlo\u017ebe&quot;","block_context":{"text":"Izlo\u017ebe","link":"https:\/\/historiografija.hr\/?cat=10"},"img":{"alt_text":"","src":"https:\/\/i0.wp.com\/historiografija.hr\/wp-content\/uploads\/2026\/05\/aleksandrijska-knjiznica-klovic-1.jpg?fit=1024%2C632&ssl=1&resize=350%2C200","width":350,"height":200,"srcset":"https:\/\/i0.wp.com\/historiografija.hr\/wp-content\/uploads\/2026\/05\/aleksandrijska-knjiznica-klovic-1.jpg?fit=1024%2C632&ssl=1&resize=350%2C200 1x, https:\/\/i0.wp.com\/historiografija.hr\/wp-content\/uploads\/2026\/05\/aleksandrijska-knjiznica-klovic-1.jpg?fit=1024%2C632&ssl=1&resize=525%2C300 1.5x, https:\/\/i0.wp.com\/historiografija.hr\/wp-content\/uploads\/2026\/05\/aleksandrijska-knjiznica-klovic-1.jpg?fit=1024%2C632&ssl=1&resize=700%2C400 2x"},"classes":[]},{"id":54541,"url":"https:\/\/historiografija.hr\/?p=54541","url_meta":{"origin":51535,"position":5},"title":"(CAPONEU) Summer School in Critical Theory and Praxis: Literature and Society","author":"Branimir Jankovi\u0107","date":"9. srpnja 2026.","format":false,"excerpt":"Ljetna \u0161kola\u00a0Summer School in Critical Theory and Praxis: Literature and Society odr\u017eava se od\u00a05. do 12. srpnja 2026.\u00a0u\u00a0Pala\u010di Moise u Cresu. Program organizira\u00a0Centar za teorijska istra\u017eivanja u humanistici (CTIH)\u00a0u okviru projekta\u00a0The Cartography of Political Novel in Europe (CAPONEU). Rije\u010d je o sedmodnevnom intenzivnom programu koji okuplja znanstvenike, studente, umjetnike, nastavnike,\u2026","rel":"","context":"U &quot;Novosti&quot;","block_context":{"text":"Novosti","link":"https:\/\/historiografija.hr\/?cat=3"},"img":{"alt_text":"","src":"https:\/\/i0.wp.com\/historiografija.hr\/wp-content\/uploads\/2026\/03\/Cres.png?fit=712%2C1004&ssl=1&resize=350%2C200","width":350,"height":200,"srcset":"https:\/\/i0.wp.com\/historiografija.hr\/wp-content\/uploads\/2026\/03\/Cres.png?fit=712%2C1004&ssl=1&resize=350%2C200 1x, https:\/\/i0.wp.com\/historiografija.hr\/wp-content\/uploads\/2026\/03\/Cres.png?fit=712%2C1004&ssl=1&resize=525%2C300 1.5x, https:\/\/i0.wp.com\/historiografija.hr\/wp-content\/uploads\/2026\/03\/Cres.png?fit=712%2C1004&ssl=1&resize=700%2C400 2x"},"classes":[]}],"_links":{"self":[{"href":"https:\/\/historiografija.hr\/index.php?rest_route=\/wp\/v2\/posts\/51535","targetHints":{"allow":["GET"]}}],"collection":[{"href":"https:\/\/historiografija.hr\/index.php?rest_route=\/wp\/v2\/posts"}],"about":[{"href":"https:\/\/historiografija.hr\/index.php?rest_route=\/wp\/v2\/types\/post"}],"author":[{"embeddable":true,"href":"https:\/\/historiografija.hr\/index.php?rest_route=\/wp\/v2\/users\/2"}],"replies":[{"embeddable":true,"href":"https:\/\/historiografija.hr\/index.php?rest_route=%2Fwp%2Fv2%2Fcomments&post=51535"}],"version-history":[{"count":1,"href":"https:\/\/historiografija.hr\/index.php?rest_route=\/wp\/v2\/posts\/51535\/revisions"}],"predecessor-version":[{"id":51537,"href":"https:\/\/historiografija.hr\/index.php?rest_route=\/wp\/v2\/posts\/51535\/revisions\/51537"}],"wp:featuredmedia":[{"embeddable":true,"href":"https:\/\/historiografija.hr\/index.php?rest_route=\/wp\/v2\/media\/51536"}],"wp:attachment":[{"href":"https:\/\/historiografija.hr\/index.php?rest_route=%2Fwp%2Fv2%2Fmedia&parent=51535"}],"wp:term":[{"taxonomy":"category","embeddable":true,"href":"https:\/\/historiografija.hr\/index.php?rest_route=%2Fwp%2Fv2%2Fcategories&post=51535"},{"taxonomy":"post_tag","embeddable":true,"href":"https:\/\/historiografija.hr\/index.php?rest_route=%2Fwp%2Fv2%2Ftags&post=51535"}],"curies":[{"name":"wp","href":"https:\/\/api.w.org\/{rel}","templated":true}]}}