{"id":51471,"date":"2026-02-13T22:40:12","date_gmt":"2026-02-13T22:40:12","guid":{"rendered":"https:\/\/historiografija.hr\/?p=51471"},"modified":"2026-07-21T14:46:32","modified_gmt":"2026-07-21T12:46:32","slug":"polemicke-reakcije-na-knjigu-nadilazenje-nacionalne-paradigme-od-historiografskog-nacionalizma-do-transnacionalnih-pristupa","status":"publish","type":"post","link":"https:\/\/historiografija.hr\/?p=51471","title":{"rendered":"Polemi\u010dke reakcije na knjigu \u201eNadila\u017eenje nacionalne paradigme. Od historiografskog nacionalizma do transnacionalnih pristupa\u201c (1)"},"content":{"rendered":"\n<p>U nastavku upu\u0107ujemo na polemi\u010dke reakcije na knjigu <a href=\"https:\/\/historiografija.hr\/?p=45459\">Nadila\u017eenje nacionalne paradigme. Od historiografskog nacionalizma do transnacionalnih pristupa<\/a>.<\/p>\n\n\n\n<hr class=\"wp-block-separator has-alpha-channel-opacity\"\/>\n\n\n\n<p><strong>\u017deljko Su\u0161ek<\/strong><\/p>\n\n\n\n<p>\u201eBo\u017ee, samo da ne bude <em>Nadila\u017eenje nacionalne paradigme:<\/em> nova knjiga podnaslova: od historiografskog nacionalizma do transnacionalnih pristupa, urednici Branimir Jankovi\u0107 i Nikola Toma\u0161egovi\u0107, nastavnici na Odsjeku za povijest Filozofskog fakulteta Sveu\u010dili\u0161ta u Zagrebu\u201c<\/p>\n\n\n\n<p>TKO \u0106E OTVORITI MOGILU? \u2013 U spomenik su unijeti mnogi predmeti, s namjerom da to bude poruka za budu\u0107nost<\/p>\n\n\n\n<p><a href=\"https:\/\/www.hrvatski-fokus.hr\/2025\/04\/65239\/\">Hrvatski Fokus<\/a><\/p>\n\n\n\n<hr class=\"wp-block-separator has-alpha-channel-opacity\"\/>\n\n\n\n<p><strong>Matko Globa\u010dnik<\/strong><\/p>\n\n\n\n<p>\u201eOva knjiga predstavlja \u017eestok napad na prisutnost hrvatskoga nacionalnog identiteta u hrvatskoj historiografiji. Nije zabilje\u017een slu\u010daj poput ovoga da se dominantna nacionalna paradigma unutar nacionalne historiografije posve odbacuje i podvrgava lakonskom etiketiranju pa on svakako mora privu\u0107i znati\u017eelju na kojim su argumentima zasnovane teze autora.\u201c<\/p>\n\n\n\n<p><em>Zbornik Jankovi\u0107<\/em> (br. 10\/2025)<\/p>\n\n\n\n<p>Recenzija, prikaz knjige <em>Nadila\u017eenje nacionalne paradigme<\/em><\/p>\n\n\n\n<p><a href=\"https:\/\/hrcak.srce.hr\/clanak\/497432\">https:\/\/hrcak.srce.hr\/clanak\/497432<\/a><\/p>\n\n\n\n<hr class=\"wp-block-separator has-alpha-channel-opacity\"\/>\n\n\n\n<p><\/p>\n","protected":false},"excerpt":{"rendered":"","protected":false},"author":2,"featured_media":45460,"comment_status":"open","ping_status":"open","sticky":false,"template":"","format":"standard","meta":{"_acf_changed":false,"_jetpack_newsletter_access":"","_jetpack_dont_email_post_to_subs":false,"_jetpack_newsletter_tier_id":0,"_jetpack_memberships_contains_paywalled_content":false,"_jetpack_memberships_contains_paid_content":false,"footnotes":"","jetpack_publicize_message":"","jetpack_publicize_feature_enabled":true,"jetpack_social_post_already_shared":true,"jetpack_social_options":{"image_generator_settings":{"template":"highway","default_image_id":0,"font":"","enabled":false},"version":2},"jetpack_post_was_ever_published":false},"categories":[3,17],"tags":[],"class_list":["post-51471","post","type-post","status-publish","format-standard","has-post-thumbnail","hentry","category-novosti","category-rasprave"],"acf":{"facebook_opis":""},"jetpack_publicize_connections":[],"jetpack_featured_media_url":"https:\/\/i0.wp.com\/historiografija.hr\/wp-content\/uploads\/2025\/03\/Nadilazenje-nacionalne-paradigme.webp?fit=713%2C928&ssl=1","jetpack_sharing_enabled":true,"jetpack-related-posts":[{"id":54692,"url":"https:\/\/historiografija.hr\/?p=54692","url_meta":{"origin":51471,"position":0},"title":"Polemi\u010dke reakcije na knjigu \u201eNadila\u017eenje nacionalne paradigme. Od historiografskog nacionalizma do transnacionalnih pristupa\u201c (2)","author":"Branimir Jankovi\u0107","date":"21. srpnja 2026.","format":false,"excerpt":"U sklopu preno\u0161enja polemi\u010dkih reakcija na knjigu Nadila\u017eenje nacionalne paradigme. Od historiografskog nacionalizma do transnacionalnih pristupa, nakon kriti\u010dkih sada upu\u0107ujemo na afirmativne priloge o njoj. Stefan Gu\u017evica \"Naravno, svojevrsni \u201cizvorni grijeh\u201d historiografije je metodolo\u0161ki nacionalizam i etnocentrizam, jer je povijest i nastala kao znanost koja je trebala legitimizirati novonastale nacije\u2026","rel":"","context":"U &quot;Novosti&quot;","block_context":{"text":"Novosti","link":"https:\/\/historiografija.hr\/?cat=3"},"img":{"alt_text":"","src":"https:\/\/i0.wp.com\/historiografija.hr\/wp-content\/uploads\/2025\/03\/Nadilazenje-nacionalne-paradigme.webp?fit=713%2C928&ssl=1&resize=350%2C200","width":350,"height":200,"srcset":"https:\/\/i0.wp.com\/historiografija.hr\/wp-content\/uploads\/2025\/03\/Nadilazenje-nacionalne-paradigme.webp?fit=713%2C928&ssl=1&resize=350%2C200 1x, https:\/\/i0.wp.com\/historiografija.hr\/wp-content\/uploads\/2025\/03\/Nadilazenje-nacionalne-paradigme.webp?fit=713%2C928&ssl=1&resize=525%2C300 1.5x, https:\/\/i0.wp.com\/historiografija.hr\/wp-content\/uploads\/2025\/03\/Nadilazenje-nacionalne-paradigme.webp?fit=713%2C928&ssl=1&resize=700%2C400 2x"},"classes":[]},{"id":45459,"url":"https:\/\/historiografija.hr\/?p=45459","url_meta":{"origin":51471,"position":1},"title":"Nadila\u017eenje nacionalne paradigme. Od historiografskog nacionalizma do transnacionalnih pristupa","author":"Branimir Jankovi\u0107","date":"25. o\u017eujka 2025.","format":false,"excerpt":"Zbornik radova koji su uredili Branimir Jankovi\u0107 i Nikola Toma\u0161egovi\u0107 predstavlja nove pristupe u studijima nacija i nacionalizma koji preispituju prevladavaju\u0107a mi\u0161ljenja o etni\u010dkim i nacionalnim identifikacijama. Nasuprot tome, radovi zagovaraju koncepte poput nacionalne ravnodu\u0161nosti i ukazuju na svepro\u017eimni odnos emocija i nacionalizma, kao i sveprisutni svakodnevni nacionalizam. Zbornik donosi\u2026","rel":"","context":"U &quot;Knjige&quot;","block_context":{"text":"Knjige","link":"https:\/\/historiografija.hr\/?cat=8"},"img":{"alt_text":"","src":"https:\/\/i0.wp.com\/historiografija.hr\/wp-content\/uploads\/2025\/03\/Nadilazenje-nacionalne-paradigme.webp?fit=713%2C928&ssl=1&resize=350%2C200","width":350,"height":200,"srcset":"https:\/\/i0.wp.com\/historiografija.hr\/wp-content\/uploads\/2025\/03\/Nadilazenje-nacionalne-paradigme.webp?fit=713%2C928&ssl=1&resize=350%2C200 1x, https:\/\/i0.wp.com\/historiografija.hr\/wp-content\/uploads\/2025\/03\/Nadilazenje-nacionalne-paradigme.webp?fit=713%2C928&ssl=1&resize=525%2C300 1.5x, https:\/\/i0.wp.com\/historiografija.hr\/wp-content\/uploads\/2025\/03\/Nadilazenje-nacionalne-paradigme.webp?fit=713%2C928&ssl=1&resize=700%2C400 2x"},"classes":[]},{"id":54696,"url":"https:\/\/historiografija.hr\/?p=54696","url_meta":{"origin":51471,"position":2},"title":"Leidulf Melve i Eivind Heldaas Seland, \u201e\u0160ta je globalna istorija?&#8221;","author":"Branimir Jankovi\u0107","date":"21. srpnja 2026.","format":false,"excerpt":"U knjizi, koju je na srpski prevela Jelena Stani\u0161i\u0107, razmatra se razvoj globalne povijesti kao historiografskog pristupa, njezino razlikovanje od univerzalne i svjetske povijesti te njezina povezanost s kolonijalizmom, nacionalnim historiografijama i odnosima izme\u0111u razvijenih i nerazvijenih dijelova svijeta. O knjizi: \u201eU ovoj knjizi globalnu istoriju razumemo kao polje istra\u017eivanja\u2026","rel":"","context":"U &quot;Knjige&quot;","block_context":{"text":"Knjige","link":"https:\/\/historiografija.hr\/?cat=8"},"img":{"alt_text":"","src":"https:\/\/i0.wp.com\/historiografija.hr\/wp-content\/uploads\/2026\/07\/Sta-je-globalna-istorija.jpg?fit=203%2C312&ssl=1&resize=350%2C200","width":350,"height":200},"classes":[]},{"id":53815,"url":"https:\/\/historiografija.hr\/?p=53815","url_meta":{"origin":51471,"position":3},"title":"Odr\u017eana II. sociohistorijska radionica na temu \u201e\u010cemu teorija?\u201c u Osijeku","author":"Branimir Jankovi\u0107","date":"28. svibnja 2026.","format":false,"excerpt":"U organizaciji Filozofskog fakulteta Sveu\u010dili\u0161ta Josipa Jurja Strossmayera u Osijeku i Doktorskog studija Moderne i suvremene hrvatske povijesti u europskom i svjetskom kontekstu Filozofskog fakulteta Sveu\u010dili\u0161ta u Zagrebu 23. svibnja 2026. godine odr\u017eana je druga Sociohistorijska radionica pod naslovom \u201e\u010cemu teorija?\u201c. Ovogodi\u0161nja radionica otvorila je pitanje u kojoj je mjeri\u2026","rel":"","context":"U &quot;Novosti&quot;","block_context":{"text":"Novosti","link":"https:\/\/historiografija.hr\/?cat=3"},"img":{"alt_text":"","src":"https:\/\/i0.wp.com\/historiografija.hr\/wp-content\/uploads\/2026\/05\/Radionica-FFOS.jpg?fit=1024%2C683&ssl=1&resize=350%2C200","width":350,"height":200,"srcset":"https:\/\/i0.wp.com\/historiografija.hr\/wp-content\/uploads\/2026\/05\/Radionica-FFOS.jpg?fit=1024%2C683&ssl=1&resize=350%2C200 1x, https:\/\/i0.wp.com\/historiografija.hr\/wp-content\/uploads\/2026\/05\/Radionica-FFOS.jpg?fit=1024%2C683&ssl=1&resize=525%2C300 1.5x, https:\/\/i0.wp.com\/historiografija.hr\/wp-content\/uploads\/2026\/05\/Radionica-FFOS.jpg?fit=1024%2C683&ssl=1&resize=700%2C400 2x"},"classes":[]},{"id":49637,"url":"https:\/\/historiografija.hr\/?p=49637","url_meta":{"origin":51471,"position":4},"title":"Nikola Toma\u0161egovi\u0107 &#8211; Hrvatska historiografija u dijalogu sa srednjoeuropskim studijima: Central European History Convention 2025.","author":"Branimir Jankovi\u0107","date":"14. studenoga 2025.","format":false,"excerpt":"Hrvatska historiografija u dijalogu sa srednjoeuropskim studijima: Central European History Convention 2025. Sredinom srpnja ove godine u Be\u010du se okupilo vi\u0161e od 300 povjesni\u010darki i povjesni\u010dara Srednje Europe iz cijeloga svijeta. Ako izuzmemo konvencije ASEEES-a, koje su zbog visokih tro\u0161kova \u010desto nedostupne istra\u017eiva\u010dima iz regije, bilo je to najve\u0107e okupljanje\u2026","rel":"","context":"U &quot;Prikazi i osvrti&quot;","block_context":{"text":"Prikazi i osvrti","link":"https:\/\/historiografija.hr\/?cat=4"},"img":{"alt_text":"","src":"","width":0,"height":0},"classes":[]},{"id":54180,"url":"https:\/\/historiografija.hr\/?p=54180","url_meta":{"origin":51471,"position":5},"title":"Dragan Popovi\u0107, &#8220;PRELOMNE GODINE. Srpski nacionalizam i Jugoslavija 1980-1990.&#8221;","author":"Branimir Jankovi\u0107","date":"18. lipnja 2026.","format":false,"excerpt":"Izdava\u010d MOST ART JUGOSLAVIJA je objavio novu knjigu Dragana Popovi\u0107a PRELOMNE GODINE. Srpski nacionalizam i Jugoslavija 1980-1990. Knjiga koja se nalazi pred \u010ditaocima dopunjen je i prera\u0111en materijal iz dijela doktorske disertacije koju je autor odbranio na Odeljenju za istoriju Filozofskog fakulteta u Beogradu 2024. godine. Glavna tema istra\u017eivanja bile\u2026","rel":"","context":"U &quot;Knjige&quot;","block_context":{"text":"Knjige","link":"https:\/\/historiografija.hr\/?cat=8"},"img":{"alt_text":"","src":"https:\/\/i0.wp.com\/historiografija.hr\/wp-content\/uploads\/2026\/06\/popovic-dragan-prelomne-godine.jpg?fit=824%2C1200&ssl=1&resize=350%2C200","width":350,"height":200,"srcset":"https:\/\/i0.wp.com\/historiografija.hr\/wp-content\/uploads\/2026\/06\/popovic-dragan-prelomne-godine.jpg?fit=824%2C1200&ssl=1&resize=350%2C200 1x, https:\/\/i0.wp.com\/historiografija.hr\/wp-content\/uploads\/2026\/06\/popovic-dragan-prelomne-godine.jpg?fit=824%2C1200&ssl=1&resize=525%2C300 1.5x, https:\/\/i0.wp.com\/historiografija.hr\/wp-content\/uploads\/2026\/06\/popovic-dragan-prelomne-godine.jpg?fit=824%2C1200&ssl=1&resize=700%2C400 2x"},"classes":[]}],"_links":{"self":[{"href":"https:\/\/historiografija.hr\/index.php?rest_route=\/wp\/v2\/posts\/51471","targetHints":{"allow":["GET"]}}],"collection":[{"href":"https:\/\/historiografija.hr\/index.php?rest_route=\/wp\/v2\/posts"}],"about":[{"href":"https:\/\/historiografija.hr\/index.php?rest_route=\/wp\/v2\/types\/post"}],"author":[{"embeddable":true,"href":"https:\/\/historiografija.hr\/index.php?rest_route=\/wp\/v2\/users\/2"}],"replies":[{"embeddable":true,"href":"https:\/\/historiografija.hr\/index.php?rest_route=%2Fwp%2Fv2%2Fcomments&post=51471"}],"version-history":[{"count":7,"href":"https:\/\/historiografija.hr\/index.php?rest_route=\/wp\/v2\/posts\/51471\/revisions"}],"predecessor-version":[{"id":54717,"href":"https:\/\/historiografija.hr\/index.php?rest_route=\/wp\/v2\/posts\/51471\/revisions\/54717"}],"wp:featuredmedia":[{"embeddable":true,"href":"https:\/\/historiografija.hr\/index.php?rest_route=\/wp\/v2\/media\/45460"}],"wp:attachment":[{"href":"https:\/\/historiografija.hr\/index.php?rest_route=%2Fwp%2Fv2%2Fmedia&parent=51471"}],"wp:term":[{"taxonomy":"category","embeddable":true,"href":"https:\/\/historiografija.hr\/index.php?rest_route=%2Fwp%2Fv2%2Fcategories&post=51471"},{"taxonomy":"post_tag","embeddable":true,"href":"https:\/\/historiografija.hr\/index.php?rest_route=%2Fwp%2Fv2%2Ftags&post=51471"}],"curies":[{"name":"wp","href":"https:\/\/api.w.org\/{rel}","templated":true}]}}