{"id":51361,"date":"2026-02-09T21:50:59","date_gmt":"2026-02-09T21:50:59","guid":{"rendered":"https:\/\/historiografija.hr\/?p=51361"},"modified":"2026-02-09T21:50:59","modified_gmt":"2026-02-09T21:50:59","slug":"manifestacija-seljacka-buna-bitka-kod-stubice-2026","status":"publish","type":"post","link":"https:\/\/historiografija.hr\/?p=51361","title":{"rendered":"Manifestacija SELJA\u010cKA BUNA \u2013 BITKA KOD STUBICE 2026."},"content":{"rendered":"\n<p>U Donjoj Stubici odr\u017eana je u subotu, 7. velja\u010de 2026. jo\u0161 jedna \u2013 18. po redu \u2013 povijesna manifestacija o\u017eivljene povijesti \u201eSelja\u010dka buna \u2013 Bitka kod Stubice\u201c, koja nastavlja privla\u010diti veliki broj posjetitelja.<\/p>\n\n\n\n<hr class=\"wp-block-separator has-alpha-channel-opacity\"\/>\n\n\n\n<p>Op\u0161irnije:<\/p>\n\n\n\n<figure class=\"wp-block-embed is-type-wp-embed is-provider-grad-donja-stubica wp-block-embed-grad-donja-stubica\"><div class=\"wp-block-embed__wrapper\">\n<blockquote class=\"wp-embedded-content\" data-secret=\"uGQOSol4kL\"><a href=\"https:\/\/www.donjastubica.hr\/seljacka-buna-bitka-kod-stubice-2026\/\">SELJA\u010cKA BUNA \u2013 BITKA KOD STUBICE 2026.<\/a><\/blockquote><iframe loading=\"lazy\" class=\"wp-embedded-content\" sandbox=\"allow-scripts\" security=\"restricted\" style=\"position: absolute; visibility: hidden;\" title=\"&#8220;SELJA\u010cKA BUNA \u2013 BITKA KOD STUBICE 2026.&#8221; &#8212; Grad Donja Stubica\" src=\"https:\/\/www.donjastubica.hr\/seljacka-buna-bitka-kod-stubice-2026\/embed\/#?secret=4YcuFrthh9#?secret=uGQOSol4kL\" data-secret=\"uGQOSol4kL\" width=\"600\" height=\"338\" frameborder=\"0\" marginwidth=\"0\" marginheight=\"0\" scrolling=\"no\"><\/iframe>\n<\/div><\/figure>\n\n\n\n<p><a href=\"https:\/\/seljacka-buna.com\/program-2026.html\">https:\/\/seljacka-buna.com\/program-2026.html<\/a><\/p>\n\n\n\n<figure class=\"wp-block-embed is-type-wp-embed is-provider-radio-stubica wp-block-embed-radio-stubica\"><div class=\"wp-block-embed__wrapper\">\n<blockquote class=\"wp-embedded-content\" data-secret=\"dyTZbEez31\"><a href=\"https:\/\/radio-stubica.hr\/povijesni-spektakl-u-donjoj-stubici-borba-malog-covjeka-za-pravicu-ponovno-privukla-veliki-broj-posjetitelja\/\">Povijesni spektakl u Donjoj Stubici: &#8220;Borba malog \u010dovjeka za pravicu&#8221; ponovno privukla veliki broj posjetitelja<\/a><\/blockquote><iframe loading=\"lazy\" class=\"wp-embedded-content\" sandbox=\"allow-scripts\" security=\"restricted\" style=\"position: absolute; visibility: hidden;\" title=\"&#8220;Povijesni spektakl u Donjoj Stubici: &#8220;Borba malog \u010dovjeka za pravicu&#8221; ponovno privukla veliki broj posjetitelja&#8221; &#8212; Radio Stubica\" src=\"https:\/\/radio-stubica.hr\/povijesni-spektakl-u-donjoj-stubici-borba-malog-covjeka-za-pravicu-ponovno-privukla-veliki-broj-posjetitelja\/embed\/#?secret=ZmKIDvrL8T#?secret=dyTZbEez31\" data-secret=\"dyTZbEez31\" width=\"600\" height=\"338\" frameborder=\"0\" marginwidth=\"0\" marginheight=\"0\" scrolling=\"no\"><\/iframe>\n<\/div><\/figure>\n\n\n\n<figure class=\"wp-block-embed is-type-wp-embed is-provider-nacional-hr wp-block-embed-nacional-hr\"><div class=\"wp-block-embed__wrapper\">\n<blockquote class=\"wp-embedded-content\" data-secret=\"8lRQFoAWft\"><a href=\"https:\/\/www.nacional.hr\/tradicionalna-manifestacija-u-donjoj-stubici-odrzano-18-uprizorenje-seljacke-bune\/\">TRADICIONALNA MANIFESTACIJA U Donjoj Stubici odr\u017eano 18. uprizorenje Selja\u010dke bune<\/a><\/blockquote><iframe loading=\"lazy\" class=\"wp-embedded-content\" sandbox=\"allow-scripts\" security=\"restricted\" style=\"position: absolute; visibility: hidden;\" title=\"&#8220;TRADICIONALNA MANIFESTACIJA U Donjoj Stubici odr\u017eano 18. uprizorenje Selja\u010dke bune&#8221; &#8212; NACIONAL.HR\" src=\"https:\/\/www.nacional.hr\/tradicionalna-manifestacija-u-donjoj-stubici-odrzano-18-uprizorenje-seljacke-bune\/embed\/#?secret=peaXqEUgMX#?secret=8lRQFoAWft\" data-secret=\"8lRQFoAWft\" width=\"600\" height=\"338\" frameborder=\"0\" marginwidth=\"0\" marginheight=\"0\" scrolling=\"no\"><\/iframe>\n<\/div><\/figure>\n\n\n\n<p><a href=\"https:\/\/magazin.hrt.hr\/price-iz-hrvatske\/u-donjoj-stubici-odrzano-18-uprizorenje-seljacke-bune-12560472\">https:\/\/magazin.hrt.hr\/price-iz-hrvatske\/u-donjoj-stubici-odrzano-18-uprizorenje-seljacke-bune-12560472<\/a><\/p>\n\n\n\n<hr class=\"wp-block-separator has-alpha-channel-opacity\"\/>\n","protected":false},"excerpt":{"rendered":"","protected":false},"author":2,"featured_media":51362,"comment_status":"open","ping_status":"open","sticky":false,"template":"","format":"standard","meta":{"_acf_changed":false,"_jetpack_newsletter_access":"","_jetpack_dont_email_post_to_subs":false,"_jetpack_newsletter_tier_id":0,"_jetpack_memberships_contains_paywalled_content":false,"_jetpack_memberships_contains_paid_content":false,"footnotes":"","jetpack_publicize_message":"","jetpack_publicize_feature_enabled":true,"jetpack_social_post_already_shared":true,"jetpack_social_options":{"image_generator_settings":{"template":"highway","default_image_id":0,"font":"","enabled":false},"version":2},"jetpack_post_was_ever_published":false},"categories":[16,3],"tags":[],"class_list":["post-51361","post","type-post","status-publish","format-standard","has-post-thumbnail","hentry","category-manifestacije-ozivljavanja-povijesti","category-novosti"],"acf":{"facebook_opis":""},"jetpack_publicize_connections":[],"jetpack_featured_media_url":"https:\/\/i0.wp.com\/historiografija.hr\/wp-content\/uploads\/2026\/02\/Buna_2026.jpg?fit=414%2C311&ssl=1","jetpack_sharing_enabled":true,"jetpack-related-posts":[{"id":53099,"url":"https:\/\/historiografija.hr\/?p=53099","url_meta":{"origin":51361,"position":0},"title":"Sajam pri Starom gradu u Konj\u0161\u010dini odr\u017eava se i ove godine","author":"Filip \u0160imunjak","date":"13. svibnja 2026.","format":false,"excerpt":"U subotu, 16. svibnja odr\u017eat \u0107e se 17. Sajam pri Starom gradu u Konj\u0161\u010dini. Organizator ovog tradicionalnog doga\u0111aja koji svake godine privu\u010de brojne posjetitelje je Udruga Grofovija Konjski, uz pokroviteljstvo Op\u0107ine Konj\u0161\u010dina. Sajam o\u017eivljava povijesnu borbu vitezova pri konj\u0161\u010dinskom Starom gradu, a za cilj ima o\u010duvanje spomena na veliku bitku\u2026","rel":"","context":"U &quot;Manifestacije o\u017eivljene povijesti&quot;","block_context":{"text":"Manifestacije o\u017eivljene povijesti","link":"https:\/\/historiografija.hr\/?cat=16"},"img":{"alt_text":"","src":"https:\/\/i0.wp.com\/historiografija.hr\/wp-content\/uploads\/2026\/05\/Stari-grad-Konjscina-sajam.jpg?fit=1200%2C800&ssl=1&resize=350%2C200","width":350,"height":200,"srcset":"https:\/\/i0.wp.com\/historiografija.hr\/wp-content\/uploads\/2026\/05\/Stari-grad-Konjscina-sajam.jpg?fit=1200%2C800&ssl=1&resize=350%2C200 1x, https:\/\/i0.wp.com\/historiografija.hr\/wp-content\/uploads\/2026\/05\/Stari-grad-Konjscina-sajam.jpg?fit=1200%2C800&ssl=1&resize=525%2C300 1.5x, https:\/\/i0.wp.com\/historiografija.hr\/wp-content\/uploads\/2026\/05\/Stari-grad-Konjscina-sajam.jpg?fit=1200%2C800&ssl=1&resize=700%2C400 2x, https:\/\/i0.wp.com\/historiografija.hr\/wp-content\/uploads\/2026\/05\/Stari-grad-Konjscina-sajam.jpg?fit=1200%2C800&ssl=1&resize=1050%2C600 3x"},"classes":[]},{"id":54991,"url":"https:\/\/historiografija.hr\/?p=54991","url_meta":{"origin":51361,"position":1},"title":"Renesansni festival Koprivnica (20. \u2013 23. kolovoza 2026.)","author":"Branimir Jankovi\u0107","date":"17. kolovoza 2026.","format":false,"excerpt":"Krajem kolovoza, kada se na ostacima koprivni\u010dkih bedema upale baklje, a grad ispune vitezovi, obrtnici, dvorske lude i putuju\u0107i trgovci, Koprivnica na nekoliko dana postaje prava renesansna pozornica. Renesansni festival nije tek manifestacija koju se promatra, to je istinsko iskustvo u koje treba uroniti. Povratak u vrijeme kada su ulicama\u2026","rel":"","context":"U &quot;Manifestacije o\u017eivljene povijesti&quot;","block_context":{"text":"Manifestacije o\u017eivljene povijesti","link":"https:\/\/historiografija.hr\/?cat=16"},"img":{"alt_text":"","src":"https:\/\/i0.wp.com\/historiografija.hr\/wp-content\/uploads\/2026\/08\/Festival-2026.jpg?fit=1200%2C675&ssl=1&resize=350%2C200","width":350,"height":200,"srcset":"https:\/\/i0.wp.com\/historiografija.hr\/wp-content\/uploads\/2026\/08\/Festival-2026.jpg?fit=1200%2C675&ssl=1&resize=350%2C200 1x, https:\/\/i0.wp.com\/historiografija.hr\/wp-content\/uploads\/2026\/08\/Festival-2026.jpg?fit=1200%2C675&ssl=1&resize=525%2C300 1.5x, https:\/\/i0.wp.com\/historiografija.hr\/wp-content\/uploads\/2026\/08\/Festival-2026.jpg?fit=1200%2C675&ssl=1&resize=700%2C400 2x, https:\/\/i0.wp.com\/historiografija.hr\/wp-content\/uploads\/2026\/08\/Festival-2026.jpg?fit=1200%2C675&ssl=1&resize=1050%2C600 3x"},"classes":[]},{"id":53886,"url":"https:\/\/historiografija.hr\/?p=53886","url_meta":{"origin":51361,"position":2},"title":"Peta Na\u0161i\u010dka vite\u0161ka pri\u010da","author":"Branimir Jankovi\u0107","date":"1. lipnja 2026.","format":false,"excerpt":"Od 29. do 31. svibnja 2026. odr\u017eana je uz povijesni lokalitet crkve sv. Martina u Martinu 5. Na\u0161i\u010dka vite\u0161ka pri\u010da. O toj je manifestaciji o\u017eivljene povijesti diplomski rad Festivali srednjovjekovlja u Republici Hrvatskoj. Primjer Na\u0161i\u010dke vite\u0161ke pri\u010de napisala Sara Pavelik 2025. godine. Iz medija: https:\/\/nasice.hr\/vijesti\/zavrsila-jubilarna-peta-nasicka-viteska-prica\/ https:\/\/nasice.com\/nasicka-viteska-prica-ponovno-ozivjela-srednji-vijek-pod-zidinama-crkve-sv-martina\/ https:\/\/magazin.hrt.hr\/price-iz-hrvatske\/nasicka-viteska-prica-donosi-jedinstven-dozivljaj-srednjovjekovne-povijesti-12744630","rel":"","context":"U &quot;Manifestacije o\u017eivljene povijesti&quot;","block_context":{"text":"Manifestacije o\u017eivljene povijesti","link":"https:\/\/historiografija.hr\/?cat=16"},"img":{"alt_text":"","src":"https:\/\/i0.wp.com\/historiografija.hr\/wp-content\/uploads\/2026\/06\/NVP26-Plakat.jpg?fit=960%2C506&ssl=1&resize=350%2C200","width":350,"height":200,"srcset":"https:\/\/i0.wp.com\/historiografija.hr\/wp-content\/uploads\/2026\/06\/NVP26-Plakat.jpg?fit=960%2C506&ssl=1&resize=350%2C200 1x, https:\/\/i0.wp.com\/historiografija.hr\/wp-content\/uploads\/2026\/06\/NVP26-Plakat.jpg?fit=960%2C506&ssl=1&resize=525%2C300 1.5x, https:\/\/i0.wp.com\/historiografija.hr\/wp-content\/uploads\/2026\/06\/NVP26-Plakat.jpg?fit=960%2C506&ssl=1&resize=700%2C400 2x"},"classes":[]},{"id":54260,"url":"https:\/\/historiografija.hr\/?p=54260","url_meta":{"origin":51361,"position":3},"title":"Hrvoje Kekez, &#8220;The Battle of Krbava Field in 1493. Context, Course, Consequences, and Perception&#8221;","author":"Branimir Jankovi\u0107","date":"23. lipnja 2026.","format":false,"excerpt":"Ovih dana iz tiska je iza\u0161la znanstvena monografija prof. dr. sc. Hrvoja Kekeza o Bitci na Krbavskom polju 1493. godine naslovljena The Battle of Krbava Field in 1493. Context, Course, Consequences, and Perception. Knjiga je objavljena u izdanju Instituta za povijest Istra\u017eiva\u010dkog centra za humanisti\u010dke znanosti Sveu\u010dili\u0161ta E\u00f6tv\u00f6s Lor\u00e1nd iz\u2026","rel":"","context":"U &quot;Knjige&quot;","block_context":{"text":"Knjige","link":"https:\/\/historiografija.hr\/?cat=8"},"img":{"alt_text":"","src":"https:\/\/i0.wp.com\/historiografija.hr\/wp-content\/uploads\/2026\/06\/Kekez-KRBAVA.jpg?fit=473%2C406&ssl=1&resize=350%2C200","width":350,"height":200},"classes":[]},{"id":54241,"url":"https:\/\/historiografija.hr\/?p=54241","url_meta":{"origin":51361,"position":4},"title":"HRT prikazuje: Bitka za prugu, francuski film (1946.)","author":"Branimir Jankovi\u0107","date":"22. lipnja 2026.","format":false,"excerpt":"HRT 3, 22. lipnja 2026. 13:59 - 15:25 Bitka za prugu Ratni. Film je smje\u0161ten u vrijeme Drugog svjetskog rata, prikazuje borbu francuskih \u017eeljezni\u010dkih radnika koji su pomagali Pokretu otpora. U opasnosti da ih otkriju nacisti koji su nadzirali njihov rad, ali i francuske kolaboracionisti\u010dke kolege, hrabro su poku\u0161avali sprije\u010diti\u2026","rel":"","context":"U &quot;Filmovi i serije&quot;","block_context":{"text":"Filmovi i serije","link":"https:\/\/historiografija.hr\/?cat=13"},"img":{"alt_text":"","src":"https:\/\/i0.wp.com\/historiografija.hr\/wp-content\/uploads\/2026\/06\/Rail.jpg?fit=377%2C530&ssl=1&resize=350%2C200","width":350,"height":200},"classes":[]},{"id":54020,"url":"https:\/\/historiografija.hr\/?p=54020","url_meta":{"origin":51361,"position":5},"title":"Tahijev vite\u0161ki turnir 2026.","author":"Branimir Jankovi\u0107","date":"11. lipnja 2026.","format":false,"excerpt":"Donja Stubica, subota i nedjelja 13. i 14. lipnja 2026. od 18 sati - bogat sadr\u017eaj srednjovjekovne tematike U hladu Parka Jure Stubi\u010danca o\u017eivljava se povijest kroz TAHIJEV VITE\u0160KI TURNIR \u2013 atraktivan program s vite\u0161kim borbama, radionicama, srednjovjekovnim igrama, sajmom i ve\u010dernjim vatrenim spektaklom. Rije\u010d je o sadr\u017eaju koji jednako\u2026","rel":"","context":"U &quot;Manifestacije o\u017eivljene povijesti&quot;","block_context":{"text":"Manifestacije o\u017eivljene povijesti","link":"https:\/\/historiografija.hr\/?cat=16"},"img":{"alt_text":"","src":"https:\/\/i0.wp.com\/historiografija.hr\/wp-content\/uploads\/2026\/06\/StubicaFest2026_Tahijev-turnir.jpg?fit=1080%2C647&ssl=1&resize=350%2C200","width":350,"height":200,"srcset":"https:\/\/i0.wp.com\/historiografija.hr\/wp-content\/uploads\/2026\/06\/StubicaFest2026_Tahijev-turnir.jpg?fit=1080%2C647&ssl=1&resize=350%2C200 1x, https:\/\/i0.wp.com\/historiografija.hr\/wp-content\/uploads\/2026\/06\/StubicaFest2026_Tahijev-turnir.jpg?fit=1080%2C647&ssl=1&resize=525%2C300 1.5x, https:\/\/i0.wp.com\/historiografija.hr\/wp-content\/uploads\/2026\/06\/StubicaFest2026_Tahijev-turnir.jpg?fit=1080%2C647&ssl=1&resize=700%2C400 2x, https:\/\/i0.wp.com\/historiografija.hr\/wp-content\/uploads\/2026\/06\/StubicaFest2026_Tahijev-turnir.jpg?fit=1080%2C647&ssl=1&resize=1050%2C600 3x"},"classes":[]}],"_links":{"self":[{"href":"https:\/\/historiografija.hr\/index.php?rest_route=\/wp\/v2\/posts\/51361","targetHints":{"allow":["GET"]}}],"collection":[{"href":"https:\/\/historiografija.hr\/index.php?rest_route=\/wp\/v2\/posts"}],"about":[{"href":"https:\/\/historiografija.hr\/index.php?rest_route=\/wp\/v2\/types\/post"}],"author":[{"embeddable":true,"href":"https:\/\/historiografija.hr\/index.php?rest_route=\/wp\/v2\/users\/2"}],"replies":[{"embeddable":true,"href":"https:\/\/historiografija.hr\/index.php?rest_route=%2Fwp%2Fv2%2Fcomments&post=51361"}],"version-history":[{"count":1,"href":"https:\/\/historiografija.hr\/index.php?rest_route=\/wp\/v2\/posts\/51361\/revisions"}],"predecessor-version":[{"id":51363,"href":"https:\/\/historiografija.hr\/index.php?rest_route=\/wp\/v2\/posts\/51361\/revisions\/51363"}],"wp:featuredmedia":[{"embeddable":true,"href":"https:\/\/historiografija.hr\/index.php?rest_route=\/wp\/v2\/media\/51362"}],"wp:attachment":[{"href":"https:\/\/historiografija.hr\/index.php?rest_route=%2Fwp%2Fv2%2Fmedia&parent=51361"}],"wp:term":[{"taxonomy":"category","embeddable":true,"href":"https:\/\/historiografija.hr\/index.php?rest_route=%2Fwp%2Fv2%2Fcategories&post=51361"},{"taxonomy":"post_tag","embeddable":true,"href":"https:\/\/historiografija.hr\/index.php?rest_route=%2Fwp%2Fv2%2Ftags&post=51361"}],"curies":[{"name":"wp","href":"https:\/\/api.w.org\/{rel}","templated":true}]}}