{"id":51311,"date":"2026-02-02T21:45:00","date_gmt":"2026-02-02T21:45:00","guid":{"rendered":"https:\/\/historiografija.hr\/?p=51311"},"modified":"2026-02-02T21:45:00","modified_gmt":"2026-02-02T21:45:00","slug":"call-for-papers-the-role-of-academies-in-the-co-evolution-of-science-and-the-state","status":"publish","type":"post","link":"https:\/\/historiografija.hr\/?p=51311","title":{"rendered":"Call for Papers: The Role of Academies in the Co-Evolution of Science and the State"},"content":{"rendered":"\n<p>The European Academies&#8217; Research Initiative, EARI, is organising a workshop on &#8220;The Role of Academies in the Co-Evolution of Science and the State&#8221;, to take place at the German National Academy of Sciences Leopoldina in Halle (Saale) on 4-6 November 2026. The EARI Steering Committee is issuing a call for papers for presentation at this event. <\/p>\n\n\n\n<p>Interested researchers are called to submit an abstract of no more than 500 words and short academic CV by 1 April 2026 to Christiane.Diehl@leopoldina.org.<\/p>\n\n\n\n<p>Applicants will be notified of acceptance by 30 April 2026.<\/p>\n\n\n\n<p>A limited number of travel grants for junior researchers will be available.<\/p>\n\n\n\n<p>Details:<\/p>\n\n\n\n<p><a href=\"https:\/\/hpscesee.blogspot.com\/2026\/01\/call-for-papers-role-of-academies-in-co.html\">https:\/\/hpscesee.blogspot.com\/2026\/01\/call-for-papers-role-of-academies-in-co.html<\/a><\/p>\n\n\n\n<p><a href=\"https:\/\/www.leopoldina.org\/en\/tasks\/reflecting-and-researching\/projects-of-the-centre-for-science-studies\/european-academies-research-initiative-eari\">https:\/\/www.leopoldina.org\/en\/tasks\/reflecting-and-researching\/projects-of-the-centre-for-science-studies\/european-academies-research-initiative-eari<\/a><\/p>\n\n\n\n<hr class=\"wp-block-separator has-alpha-channel-opacity\"\/>\n","protected":false},"excerpt":{"rendered":"","protected":false},"author":2,"featured_media":51312,"comment_status":"open","ping_status":"open","sticky":false,"template":"","format":"standard","meta":{"_acf_changed":false,"_jetpack_newsletter_access":"","_jetpack_dont_email_post_to_subs":false,"_jetpack_newsletter_tier_id":0,"_jetpack_memberships_contains_paywalled_content":false,"_jetpack_memberships_contains_paid_content":false,"footnotes":"","jetpack_publicize_message":"","jetpack_publicize_feature_enabled":true,"jetpack_social_post_already_shared":true,"jetpack_social_options":{"image_generator_settings":{"template":"highway","default_image_id":0,"font":"","enabled":false},"version":2},"jetpack_post_was_ever_published":false},"categories":[3,9],"tags":[],"class_list":["post-51311","post","type-post","status-publish","format-standard","has-post-thumbnail","hentry","category-novosti","category-skupovi"],"acf":{"facebook_opis":""},"jetpack_publicize_connections":[],"jetpack_featured_media_url":"https:\/\/i0.wp.com\/historiografija.hr\/wp-content\/uploads\/2026\/02\/Leopoldina.png?fit=322%2C156&ssl=1","jetpack_sharing_enabled":true,"jetpack-related-posts":[{"id":52677,"url":"https:\/\/historiografija.hr\/?p=52677","url_meta":{"origin":51311,"position":0},"title":"CfP: NAVIGATING THE PAST, FACING THE PRESENT: CHALLENGES AND OPPORTUNITIES IN RE-PRESENTING CONFLICTS AND VIOLENCE IN MEMORY AND EDUCATION INSTITUTIONS, WARSAW, 22ND\u201324TH OCTOBER 2026 (DEADLINE: 30TH APRIL 2026)","author":"Branimir Jankovi\u0107","date":"27. travnja 2026.","format":false,"excerpt":"The conference and graduate workshop (October 22-24, 2026, Warsaw) addresses the representation of history in public and institutional contexts, with a focus beyond the often-studied field of \u201cmemory culture\u201d. Rather than emphasizing the politicization of memory and cultural institutions, the discussion shifts toward new methods, media, and challenges in historical\u2026","rel":"","context":"U &quot;Novosti&quot;","block_context":{"text":"Novosti","link":"https:\/\/historiografija.hr\/?cat=3"},"img":{"alt_text":"","src":"https:\/\/i0.wp.com\/historiografija.hr\/wp-content\/uploads\/2017\/10\/hsozkult.png?fit=1006%2C241&ssl=1&resize=350%2C200","width":350,"height":200,"srcset":"https:\/\/i0.wp.com\/historiografija.hr\/wp-content\/uploads\/2017\/10\/hsozkult.png?fit=1006%2C241&ssl=1&resize=350%2C200 1x, https:\/\/i0.wp.com\/historiografija.hr\/wp-content\/uploads\/2017\/10\/hsozkult.png?fit=1006%2C241&ssl=1&resize=525%2C300 1.5x, https:\/\/i0.wp.com\/historiografija.hr\/wp-content\/uploads\/2017\/10\/hsozkult.png?fit=1006%2C241&ssl=1&resize=700%2C400 2x"},"classes":[]},{"id":52996,"url":"https:\/\/historiografija.hr\/?p=52996","url_meta":{"origin":51311,"position":1},"title":"Nikolina \u017didek, &#8220;The Croatian Diaspora in Argentina&#8221;","author":"Filip \u0160imunjak","date":"8. svibnja 2026.","format":false,"excerpt":"Description Following the collapse of the fascist Independent State of Croatia (1941\u20131945), around 10,000 political \u00e9migr\u00e9s fled to Per\u00f3n\u2019s Argentina. This study traces the Croatian diaspora\u2019s evolution from its founding to the present. Initially marked by trauma \u2013 military defeat, exile, and reprisals\u2014the community redefined its identity within Cold War\u2026","rel":"","context":"U &quot;Knjige&quot;","block_context":{"text":"Knjige","link":"https:\/\/historiografija.hr\/?cat=8"},"img":{"alt_text":"","src":"https:\/\/i0.wp.com\/historiografija.hr\/wp-content\/uploads\/2026\/05\/NIKOLINA-ZIDEK-%E2%80%9ETHE-CROATIAN-DIASPORA-IN-ARGENTINA-scaled.webp?fit=795%2C1200&ssl=1&resize=350%2C200","width":350,"height":200,"srcset":"https:\/\/i0.wp.com\/historiografija.hr\/wp-content\/uploads\/2026\/05\/NIKOLINA-ZIDEK-%E2%80%9ETHE-CROATIAN-DIASPORA-IN-ARGENTINA-scaled.webp?fit=795%2C1200&ssl=1&resize=350%2C200 1x, https:\/\/i0.wp.com\/historiografija.hr\/wp-content\/uploads\/2026\/05\/NIKOLINA-ZIDEK-%E2%80%9ETHE-CROATIAN-DIASPORA-IN-ARGENTINA-scaled.webp?fit=795%2C1200&ssl=1&resize=525%2C300 1.5x, https:\/\/i0.wp.com\/historiografija.hr\/wp-content\/uploads\/2026\/05\/NIKOLINA-ZIDEK-%E2%80%9ETHE-CROATIAN-DIASPORA-IN-ARGENTINA-scaled.webp?fit=795%2C1200&ssl=1&resize=700%2C400 2x"},"classes":[]},{"id":52736,"url":"https:\/\/historiografija.hr\/?p=52736","url_meta":{"origin":51311,"position":2},"title":"Playing God: Eugenics in Modern History, Gda\u0144sk, 18th\u201320th November 2026 (Deadline: 1st June 2026)","author":"Filip \u0160imunjak","date":"30. travnja 2026.","format":false,"excerpt":"The Museum of the Second World War in Gda\u0144sk (Poland) invites researchers, educators and others to take part in an interdisciplinary academic conference entitled \u2018Playing God: Eugenics in Modern History' (18th-20th November 2026) Playing God: Eugenics in Modern History The history of modern biological engineering and social control is inextricably\u2026","rel":"","context":"U &quot;Novosti&quot;","block_context":{"text":"Novosti","link":"https:\/\/historiografija.hr\/?cat=3"},"img":{"alt_text":"","src":"https:\/\/i0.wp.com\/historiografija.hr\/wp-content\/uploads\/2017\/10\/hsozkult.png?fit=1006%2C241&ssl=1&resize=350%2C200","width":350,"height":200,"srcset":"https:\/\/i0.wp.com\/historiografija.hr\/wp-content\/uploads\/2017\/10\/hsozkult.png?fit=1006%2C241&ssl=1&resize=350%2C200 1x, https:\/\/i0.wp.com\/historiografija.hr\/wp-content\/uploads\/2017\/10\/hsozkult.png?fit=1006%2C241&ssl=1&resize=525%2C300 1.5x, https:\/\/i0.wp.com\/historiografija.hr\/wp-content\/uploads\/2017\/10\/hsozkult.png?fit=1006%2C241&ssl=1&resize=700%2C400 2x"},"classes":[]},{"id":54031,"url":"https:\/\/historiografija.hr\/?p=54031","url_meta":{"origin":51311,"position":3},"title":"Call for Book Chapters: Alternatives to the Nation-State: Federalism, Autonomy, and Post-Imperial Imaginaries in the Mediterranean Long Nineteenth Century","author":"Branimir Jankovi\u0107","date":"11. lipnja 2026.","format":false,"excerpt":"Workshop Date: September 24, 2026 - September 25, 2026 Location: Greece Subject Fields: Intellectual History, Modern European History \/ Studies \u00a0 \u00a0 \u00a0 \u00a0 \u00a0 \u00a0 \u00a0 \u00a0 \u00a0 \u00a0 \u00a0 \u00a0 \u00a0 \u00a0 \u00a0 \u00a0 \u00a0 \u00a0 \u00a0 \u00a0 \u00a0 \u00a0 \u00a0 \u00a0 \u00a0 \u00a0 \u00a0 \u00a0 \u00a0 \u00a0\u2026","rel":"","context":"U &quot;Novosti&quot;","block_context":{"text":"Novosti","link":"https:\/\/historiografija.hr\/?cat=3"},"img":{"alt_text":"","src":"https:\/\/i0.wp.com\/historiografija.hr\/wp-content\/uploads\/2026\/06\/HNet_Logo_with_tag.png?fit=1200%2C424&ssl=1&resize=350%2C200","width":350,"height":200,"srcset":"https:\/\/i0.wp.com\/historiografija.hr\/wp-content\/uploads\/2026\/06\/HNet_Logo_with_tag.png?fit=1200%2C424&ssl=1&resize=350%2C200 1x, https:\/\/i0.wp.com\/historiografija.hr\/wp-content\/uploads\/2026\/06\/HNet_Logo_with_tag.png?fit=1200%2C424&ssl=1&resize=525%2C300 1.5x, https:\/\/i0.wp.com\/historiografija.hr\/wp-content\/uploads\/2026\/06\/HNet_Logo_with_tag.png?fit=1200%2C424&ssl=1&resize=700%2C400 2x, https:\/\/i0.wp.com\/historiografija.hr\/wp-content\/uploads\/2026\/06\/HNet_Logo_with_tag.png?fit=1200%2C424&ssl=1&resize=1050%2C600 3x"},"classes":[]},{"id":54635,"url":"https:\/\/historiografija.hr\/?p=54635","url_meta":{"origin":51311,"position":4},"title":"Call for Applications \u2013 Seed funding for junior post-doctoral scholars 2026\/2027","author":"Branimir Jankovi\u0107","date":"16. srpnja 2026.","format":false,"excerpt":"We are pleased to announce the call for applications for our 2026\/2027 seed funding programme to commence in January 2027 the earliest. This programme targets junior post-doctoral researchers, particularly (but not exclusively) from Southeastern Europe, who are historians, anthropologists, linguists, and\/or scholars of cognate disciplines. It aims to provide financial\u2026","rel":"","context":"U &quot;Novosti&quot;","block_context":{"text":"Novosti","link":"https:\/\/historiografija.hr\/?cat=3"},"img":{"alt_text":"","src":"https:\/\/i0.wp.com\/historiografija.hr\/wp-content\/uploads\/2026\/07\/werner-du-plessis.jpg?fit=1200%2C800&ssl=1&resize=350%2C200","width":350,"height":200,"srcset":"https:\/\/i0.wp.com\/historiografija.hr\/wp-content\/uploads\/2026\/07\/werner-du-plessis.jpg?fit=1200%2C800&ssl=1&resize=350%2C200 1x, https:\/\/i0.wp.com\/historiografija.hr\/wp-content\/uploads\/2026\/07\/werner-du-plessis.jpg?fit=1200%2C800&ssl=1&resize=525%2C300 1.5x, https:\/\/i0.wp.com\/historiografija.hr\/wp-content\/uploads\/2026\/07\/werner-du-plessis.jpg?fit=1200%2C800&ssl=1&resize=700%2C400 2x, https:\/\/i0.wp.com\/historiografija.hr\/wp-content\/uploads\/2026\/07\/werner-du-plessis.jpg?fit=1200%2C800&ssl=1&resize=1050%2C600 3x"},"classes":[]},{"id":54517,"url":"https:\/\/historiografija.hr\/?p=54517","url_meta":{"origin":51311,"position":5},"title":"CfP: Entangled Transformations: Temporalities, Experiences, and Critical Histories of Postsocialist Change in Europe","author":"Branimir Jankovi\u0107","date":"8. srpnja 2026.","format":false,"excerpt":"International Workshop organised by the Department of History, University of Warsaw and the Department of Public History, FernUniversit\u00e4t in Hagen Often framed within the triumphalist narrative, most prominently articulated in the \u201cend of history\u201d concept (Fukuyama, 1989), transformations that reshaped the socialist states in Europe in the late twentieth century\u2026","rel":"","context":"U &quot;Novosti&quot;","block_context":{"text":"Novosti","link":"https:\/\/historiografija.hr\/?cat=3"},"img":{"alt_text":"","src":"https:\/\/i0.wp.com\/historiografija.hr\/wp-content\/uploads\/2017\/10\/hsozkult.png?fit=1006%2C241&ssl=1&resize=350%2C200","width":350,"height":200,"srcset":"https:\/\/i0.wp.com\/historiografija.hr\/wp-content\/uploads\/2017\/10\/hsozkult.png?fit=1006%2C241&ssl=1&resize=350%2C200 1x, https:\/\/i0.wp.com\/historiografija.hr\/wp-content\/uploads\/2017\/10\/hsozkult.png?fit=1006%2C241&ssl=1&resize=525%2C300 1.5x, https:\/\/i0.wp.com\/historiografija.hr\/wp-content\/uploads\/2017\/10\/hsozkult.png?fit=1006%2C241&ssl=1&resize=700%2C400 2x"},"classes":[]}],"_links":{"self":[{"href":"https:\/\/historiografija.hr\/index.php?rest_route=\/wp\/v2\/posts\/51311","targetHints":{"allow":["GET"]}}],"collection":[{"href":"https:\/\/historiografija.hr\/index.php?rest_route=\/wp\/v2\/posts"}],"about":[{"href":"https:\/\/historiografija.hr\/index.php?rest_route=\/wp\/v2\/types\/post"}],"author":[{"embeddable":true,"href":"https:\/\/historiografija.hr\/index.php?rest_route=\/wp\/v2\/users\/2"}],"replies":[{"embeddable":true,"href":"https:\/\/historiografija.hr\/index.php?rest_route=%2Fwp%2Fv2%2Fcomments&post=51311"}],"version-history":[{"count":1,"href":"https:\/\/historiografija.hr\/index.php?rest_route=\/wp\/v2\/posts\/51311\/revisions"}],"predecessor-version":[{"id":51313,"href":"https:\/\/historiografija.hr\/index.php?rest_route=\/wp\/v2\/posts\/51311\/revisions\/51313"}],"wp:featuredmedia":[{"embeddable":true,"href":"https:\/\/historiografija.hr\/index.php?rest_route=\/wp\/v2\/media\/51312"}],"wp:attachment":[{"href":"https:\/\/historiografija.hr\/index.php?rest_route=%2Fwp%2Fv2%2Fmedia&parent=51311"}],"wp:term":[{"taxonomy":"category","embeddable":true,"href":"https:\/\/historiografija.hr\/index.php?rest_route=%2Fwp%2Fv2%2Fcategories&post=51311"},{"taxonomy":"post_tag","embeddable":true,"href":"https:\/\/historiografija.hr\/index.php?rest_route=%2Fwp%2Fv2%2Ftags&post=51311"}],"curies":[{"name":"wp","href":"https:\/\/api.w.org\/{rel}","templated":true}]}}