{"id":51299,"date":"2026-02-02T20:29:00","date_gmt":"2026-02-02T20:29:00","guid":{"rendered":"https:\/\/historiografija.hr\/?p=51299"},"modified":"2026-02-02T20:29:32","modified_gmt":"2026-02-02T20:29:32","slug":"predstavljeno-dopunjeno-izdanje-knjige-turska-kuca-u-rijeci","status":"publish","type":"post","link":"https:\/\/historiografija.hr\/?p=51299","title":{"rendered":"Predstavljeno dopunjeno izdanje knjige \u201eTurska ku\u0107a u Rijeci\u201c"},"content":{"rendered":"\n<p>U Gradskoj vije\u0107nici u Rijeci odr\u017eano je u ponedjeljak, 2. velja\u010de 2026. predstavljanje dopunjenog izdanja knjige \u201eTurska ku\u0107a u Rijeci\u201c, objavljenog u nakladi Hrvatsko-turskog dru\u0161tva Rijeka. Osamnaest godina nakon prvog objavljivanja, novo izdanje knjige, koje je uredila Esma Halepovi\u0107 \u0110e\u010devi\u0107, \u201ezna\u010dajno je pro\u0161ireno znanstvenim cjelinama koje dodatno osvjetljavaju povijesni kontekst\u201c. Turska ku\u0107a (Casa Turca) je \u201esvoj prepoznatljiv izgled dobila 1906. godine projektom Carla Conighija, nakon \u0161to se vlasnica Antonija Bartolich Gelletich udala za osmanskog konzula Nikolaia de Nicolaidesa\u201c.<\/p>\n\n\n\n<hr class=\"wp-block-separator has-alpha-channel-opacity\"\/>\n\n\n\n<p>Op\u0161irnije:<\/p>\n\n\n\n<figure class=\"wp-block-embed is-type-wp-embed is-provider-novi-list wp-block-embed-novi-list\"><div class=\"wp-block-embed__wrapper\">\n<blockquote class=\"wp-embedded-content\" data-secret=\"VzwvrI63VH\"><a href=\"https:\/\/www.novilist.hr\/rijeka-regija\/rijeka\/predstavljeno-dopunjeno-izdanje-monografije-turska-kuca-u-rijeci-kuca-koja-plijeni-jedinstvenom-estetikom\/\">Predstavljeno dopunjeno izdanje monografije \u00bbTurska ku\u0107a u Rijeci\u00ab: Ku\u0107a koja plijeni jedinstvenom estetikom<\/a><\/blockquote><iframe loading=\"lazy\" class=\"wp-embedded-content\" sandbox=\"allow-scripts\" security=\"restricted\" style=\"position: absolute; visibility: hidden;\" title=\"&#8220;Predstavljeno dopunjeno izdanje monografije \u00bbTurska ku\u0107a u Rijeci\u00ab: Ku\u0107a koja plijeni jedinstvenom estetikom&#8221; &#8212; Novi list\" src=\"https:\/\/www.novilist.hr\/rijeka-regija\/rijeka\/predstavljeno-dopunjeno-izdanje-monografije-turska-kuca-u-rijeci-kuca-koja-plijeni-jedinstvenom-estetikom\/embed\/#?secret=mRd1Q6XZDu#?secret=VzwvrI63VH\" data-secret=\"VzwvrI63VH\" width=\"600\" height=\"338\" frameborder=\"0\" marginwidth=\"0\" marginheight=\"0\" scrolling=\"no\"><\/iframe>\n<\/div><\/figure>\n\n\n\n<figure class=\"wp-block-embed is-type-wp-embed is-provider-novi-list wp-block-embed-novi-list\"><div class=\"wp-block-embed__wrapper\">\n<blockquote class=\"wp-embedded-content\" data-secret=\"N4rQC3KkCm\"><a href=\"https:\/\/www.novilist.hr\/rijeka-regija\/rijeka\/u-ponedjeljak-predstavljanje-novog-izdanja-knjige-turska-kuca-u-rijeci\/\">U ponedjeljak predstavljanje novog izdanja knjige &#8220;Turska ku\u0107a u Rijeci&#8221;<\/a><\/blockquote><iframe loading=\"lazy\" class=\"wp-embedded-content\" sandbox=\"allow-scripts\" security=\"restricted\" style=\"position: absolute; visibility: hidden;\" title=\"&#8220;U ponedjeljak predstavljanje novog izdanja knjige &#8220;Turska ku\u0107a u Rijeci&#8221;&#8221; &#8212; Novi list\" src=\"https:\/\/www.novilist.hr\/rijeka-regija\/rijeka\/u-ponedjeljak-predstavljanje-novog-izdanja-knjige-turska-kuca-u-rijeci\/embed\/#?secret=QAbk0LyKXf#?secret=N4rQC3KkCm\" data-secret=\"N4rQC3KkCm\" width=\"600\" height=\"338\" frameborder=\"0\" marginwidth=\"0\" marginheight=\"0\" scrolling=\"no\"><\/iframe>\n<\/div><\/figure>\n\n\n\n<hr class=\"wp-block-separator has-alpha-channel-opacity\"\/>\n\n\n\n<div data-wp-interactive=\"core\/file\" class=\"wp-block-file\"><object data-wp-bind--hidden=\"!state.hasPdfPreview\" hidden class=\"wp-block-file__embed\" data=\"https:\/\/historiografija.hr\/wp-content\/uploads\/2026\/02\/Turska-kuca-Korice.pdf\" type=\"application\/pdf\" style=\"width:100%;height:600px\" aria-label=\"Ugra\u0111eno Turska kuc\u0301a - Korice.\"><\/object><a id=\"wp-block-file--media-6709eaad-5dc1-468a-a6c0-0662d680a19a\" href=\"https:\/\/historiografija.hr\/wp-content\/uploads\/2026\/02\/Turska-kuca-Korice.pdf\">Turska kuc\u0301a &#8211; Korice<\/a><a href=\"https:\/\/historiografija.hr\/wp-content\/uploads\/2026\/02\/Turska-kuca-Korice.pdf\" class=\"wp-block-file__button wp-element-button\" download aria-describedby=\"wp-block-file--media-6709eaad-5dc1-468a-a6c0-0662d680a19a\">Preuzmi<\/a><\/div>\n\n\n\n<hr class=\"wp-block-separator has-alpha-channel-opacity\"\/>\n","protected":false},"excerpt":{"rendered":"","protected":false},"author":2,"featured_media":51301,"comment_status":"open","ping_status":"open","sticky":false,"template":"","format":"standard","meta":{"_acf_changed":false,"_jetpack_newsletter_access":"","_jetpack_dont_email_post_to_subs":false,"_jetpack_newsletter_tier_id":0,"_jetpack_memberships_contains_paywalled_content":false,"_jetpack_memberships_contains_paid_content":false,"footnotes":"","jetpack_publicize_message":"","jetpack_publicize_feature_enabled":true,"jetpack_social_post_already_shared":true,"jetpack_social_options":{"image_generator_settings":{"template":"highway","default_image_id":0,"font":"","enabled":false},"version":2},"jetpack_post_was_ever_published":false},"categories":[3],"tags":[],"class_list":["post-51299","post","type-post","status-publish","format-standard","has-post-thumbnail","hentry","category-novosti"],"acf":{"facebook_opis":""},"jetpack_publicize_connections":[],"jetpack_featured_media_url":"https:\/\/i0.wp.com\/historiografija.hr\/wp-content\/uploads\/2026\/02\/HTDR-Promocija-knjige-02022026-001-scaled.jpg?fit=2560%2C1386&ssl=1","jetpack_sharing_enabled":true,"jetpack-related-posts":[{"id":52592,"url":"https:\/\/historiografija.hr\/?p=52592","url_meta":{"origin":51299,"position":0},"title":"Predstavljanje knjige &#8220;Turska ku\u0107a u Rijeci&#8221; u Zagrebu","author":"Branimir Jankovi\u0107","date":"22. travnja 2026.","format":false,"excerpt":"U prostorijama Turskog kulturnog centra Yunus Emre u Zagrebu, u utorak 21. travnja 2026. godine, odr\u017eano je sve\u010dano predstavljanje dopunjenog izdanja knjige Turska ku\u0107a u Rijeci, u organizaciji Hrvatsko-turskog dru\u0161tva Rijeka i partnerstvu sa Skupinom prijateljstva Hrvatska-Turska Hrvatskog sabora, Veleposlanstvom Republike Turske u Republici Hrvatskoj te Turskim kulturnim centrom Yunus\u2026","rel":"","context":"U &quot;Novosti&quot;","block_context":{"text":"Novosti","link":"https:\/\/historiografija.hr\/?cat=3"},"img":{"alt_text":"","src":"https:\/\/i0.wp.com\/historiografija.hr\/wp-content\/uploads\/2026\/04\/Turska-kuca-ZG.jpg?fit=1200%2C800&ssl=1&resize=350%2C200","width":350,"height":200,"srcset":"https:\/\/i0.wp.com\/historiografija.hr\/wp-content\/uploads\/2026\/04\/Turska-kuca-ZG.jpg?fit=1200%2C800&ssl=1&resize=350%2C200 1x, https:\/\/i0.wp.com\/historiografija.hr\/wp-content\/uploads\/2026\/04\/Turska-kuca-ZG.jpg?fit=1200%2C800&ssl=1&resize=525%2C300 1.5x, https:\/\/i0.wp.com\/historiografija.hr\/wp-content\/uploads\/2026\/04\/Turska-kuca-ZG.jpg?fit=1200%2C800&ssl=1&resize=700%2C400 2x, https:\/\/i0.wp.com\/historiografija.hr\/wp-content\/uploads\/2026\/04\/Turska-kuca-ZG.jpg?fit=1200%2C800&ssl=1&resize=1050%2C600 3x"},"classes":[]},{"id":55050,"url":"https:\/\/historiografija.hr\/?p=55050","url_meta":{"origin":51299,"position":1},"title":"Francesca Albanese, &#8220;Kad svijet spava&#8221;","author":"Branimir Jankovi\u0107","date":"21. kolovoza 2026.","format":false,"excerpt":"Nakon srpskog izdanja na koje smo prethodno uputili, objavljeno je i hrvatsko izdanje knjige Francesce Albanese, posebne izvjestiteljice UN-a za stanje ljudskih prava na okupiranom palestinskom teritoriju. Duh mjesta \u2013 genius loci \u2013 \u010dine ljudi i njihove pri\u010de, a Palestina je mjesto gdje se povijest i svakodnevni \u017eivot sudaraju rijetko\u2026","rel":"","context":"U &quot;Knjige&quot;","block_context":{"text":"Knjige","link":"https:\/\/historiografija.hr\/?cat=8"},"img":{"alt_text":"","src":"https:\/\/i0.wp.com\/historiografija.hr\/wp-content\/uploads\/2026\/08\/slika-8.png?fit=782%2C1200&ssl=1&resize=350%2C200","width":350,"height":200,"srcset":"https:\/\/i0.wp.com\/historiografija.hr\/wp-content\/uploads\/2026\/08\/slika-8.png?fit=782%2C1200&ssl=1&resize=350%2C200 1x, https:\/\/i0.wp.com\/historiografija.hr\/wp-content\/uploads\/2026\/08\/slika-8.png?fit=782%2C1200&ssl=1&resize=525%2C300 1.5x, https:\/\/i0.wp.com\/historiografija.hr\/wp-content\/uploads\/2026\/08\/slika-8.png?fit=782%2C1200&ssl=1&resize=700%2C400 2x"},"classes":[]},{"id":55083,"url":"https:\/\/historiografija.hr\/?p=55083","url_meta":{"origin":51299,"position":2},"title":"Primo Levi, &#8220;Periodni sustav&#8221;","author":"Branimir Jankovi\u0107","date":"25. kolovoza 2026.","format":false,"excerpt":"Nakon izdanja iz 1991. godine, objavljeno je 2026. godine novo hrvatsko izdanje (auto)biografske knjige Prima Levija u kojoj donosi \"pripovijest o svom \u017eivotu i povijesti svoje obitelji\". Periodni sustav U svojevrsnom autobiografskom romanu Periodni sustav talijanski klasik Primo Levi kroz 21 pri\u010du naslovljenu po kemijskim elementima donosi pripovijest o svom\u2026","rel":"","context":"U &quot;Knjige&quot;","block_context":{"text":"Knjige","link":"https:\/\/historiografija.hr\/?cat=8"},"img":{"alt_text":"","src":"https:\/\/i0.wp.com\/historiografija.hr\/wp-content\/uploads\/2026\/08\/Primo-Levi.jpg?fit=1024%2C596&ssl=1&resize=350%2C200","width":350,"height":200,"srcset":"https:\/\/i0.wp.com\/historiografija.hr\/wp-content\/uploads\/2026\/08\/Primo-Levi.jpg?fit=1024%2C596&ssl=1&resize=350%2C200 1x, https:\/\/i0.wp.com\/historiografija.hr\/wp-content\/uploads\/2026\/08\/Primo-Levi.jpg?fit=1024%2C596&ssl=1&resize=525%2C300 1.5x, https:\/\/i0.wp.com\/historiografija.hr\/wp-content\/uploads\/2026\/08\/Primo-Levi.jpg?fit=1024%2C596&ssl=1&resize=700%2C400 2x"},"classes":[]},{"id":54893,"url":"https:\/\/historiografija.hr\/?p=54893","url_meta":{"origin":51299,"position":3},"title":"Jasen Boko, &#8220;Tragovima Odiseja&#8221; &#8211; 2. dopunjeno i izmijenjeno izdanje","author":"Branimir Jankovi\u0107","date":"10. kolovoza 2026.","format":false,"excerpt":"Drugo dopunjeno i izmijenjeno izdanje hit-putopisa donosi nova saznanja o tome kako se nesta\u0161ni Penelopin suprug izgubio u Jadranu. Tragovima Odiseja \u2013 2. dopunjeno i izmijenjeno izdanje Prvo izdanje putopisa Tragovima Odiseja \u2013 Kontroverzni putopis o lutanju gr\u010dkog junaka Jadranom Jasena Boke izi\u0161lo je 2012. i odmah osvojilo \u010ditatelje i\u2026","rel":"","context":"U &quot;Knjige&quot;","block_context":{"text":"Knjige","link":"https:\/\/historiografija.hr\/?cat=8"},"img":{"alt_text":"","src":"https:\/\/i0.wp.com\/historiografija.hr\/wp-content\/uploads\/2026\/08\/TRAGOVIMA-ODISEJA-2.-izdanje.jpg?fit=800%2C565&ssl=1&resize=350%2C200","width":350,"height":200,"srcset":"https:\/\/i0.wp.com\/historiografija.hr\/wp-content\/uploads\/2026\/08\/TRAGOVIMA-ODISEJA-2.-izdanje.jpg?fit=800%2C565&ssl=1&resize=350%2C200 1x, https:\/\/i0.wp.com\/historiografija.hr\/wp-content\/uploads\/2026\/08\/TRAGOVIMA-ODISEJA-2.-izdanje.jpg?fit=800%2C565&ssl=1&resize=525%2C300 1.5x, https:\/\/i0.wp.com\/historiografija.hr\/wp-content\/uploads\/2026\/08\/TRAGOVIMA-ODISEJA-2.-izdanje.jpg?fit=800%2C565&ssl=1&resize=700%2C400 2x"},"classes":[]},{"id":53570,"url":"https:\/\/historiografija.hr\/?p=53570","url_meta":{"origin":51299,"position":4},"title":"Predstavljeno drugo izdanje knjige Vesne \u010cu\u010di\u0107 \u201cPosljednja kriza Dubrova\u010dke Republike\u201d u Dubrovniku i Kotoru","author":"Branimir Jankovi\u0107","date":"21. svibnja 2026.","format":false,"excerpt":"Drugo izdanje knjige \u201cPosljednja kriza Dubrova\u010dke Republike\u201d autorice dr. sc. Vesne \u010cu\u010di\u0107 predstavljeno je 12. svibnja 2026. godine u Dubrovniku, te dan kasnije 13. svibnja 2026. godine u Boki kotorskoj. Predstavljanje 12. svibnja odr\u017eano je u Ljetnikovcu Sorko\u010devi\u0107 pred mnogobrojnom publikom. Najprije su u ime izdava\u010da prisutne pozdravile ravnateljica Zavoda\u2026","rel":"","context":"U &quot;Novosti&quot;","block_context":{"text":"Novosti","link":"https:\/\/historiografija.hr\/?cat=3"},"img":{"alt_text":"","src":"https:\/\/i0.wp.com\/historiografija.hr\/wp-content\/uploads\/2026\/05\/cucic2026-%E2%80%93-2.jpg?fit=1200%2C454&ssl=1&resize=350%2C200","width":350,"height":200,"srcset":"https:\/\/i0.wp.com\/historiografija.hr\/wp-content\/uploads\/2026\/05\/cucic2026-%E2%80%93-2.jpg?fit=1200%2C454&ssl=1&resize=350%2C200 1x, https:\/\/i0.wp.com\/historiografija.hr\/wp-content\/uploads\/2026\/05\/cucic2026-%E2%80%93-2.jpg?fit=1200%2C454&ssl=1&resize=525%2C300 1.5x, https:\/\/i0.wp.com\/historiografija.hr\/wp-content\/uploads\/2026\/05\/cucic2026-%E2%80%93-2.jpg?fit=1200%2C454&ssl=1&resize=700%2C400 2x, https:\/\/i0.wp.com\/historiografija.hr\/wp-content\/uploads\/2026\/05\/cucic2026-%E2%80%93-2.jpg?fit=1200%2C454&ssl=1&resize=1050%2C600 3x"},"classes":[]},{"id":52817,"url":"https:\/\/historiografija.hr\/?p=52817","url_meta":{"origin":51299,"position":5},"title":"Iva Ple\u0161e, \u201e\u017dica: Etnografija naoru\u017eanih krajolika\u201c","author":"Filip \u0160imunjak","date":"5. svibnja 2026.","format":false,"excerpt":"Objavljena je nova knjiga \u017dica: etnografija naoru\u017eanih krajolika (2026) autorice Ive Ple\u0161e. Iz recenzija: dr. sc. Margareta Gregurovi\u0107 Institut za istra\u017eivanje migracija u Zagrebu Kroz dubinsku analizu fizi\u010dkih i diskurzivnih barijera autorica predstavlja odabrane relevantne aspekte transkontinentalnih izbjegli\u010dkih migracija tijekom posljednjega desetlje\u0107a. Imaju\u0107i u vidu da se terminologija ograde, barijere,\u2026","rel":"","context":"U &quot;Knjige&quot;","block_context":{"text":"Knjige","link":"https:\/\/historiografija.hr\/?cat=8"},"img":{"alt_text":"","src":"https:\/\/i0.wp.com\/historiografija.hr\/wp-content\/uploads\/2026\/05\/IVA-PLESE-ZICA-ETNOGRAFIJA-NAORUZANIH-KRAJOLIKA.jpg?fit=860%2C1200&ssl=1&resize=350%2C200","width":350,"height":200,"srcset":"https:\/\/i0.wp.com\/historiografija.hr\/wp-content\/uploads\/2026\/05\/IVA-PLESE-ZICA-ETNOGRAFIJA-NAORUZANIH-KRAJOLIKA.jpg?fit=860%2C1200&ssl=1&resize=350%2C200 1x, https:\/\/i0.wp.com\/historiografija.hr\/wp-content\/uploads\/2026\/05\/IVA-PLESE-ZICA-ETNOGRAFIJA-NAORUZANIH-KRAJOLIKA.jpg?fit=860%2C1200&ssl=1&resize=525%2C300 1.5x, https:\/\/i0.wp.com\/historiografija.hr\/wp-content\/uploads\/2026\/05\/IVA-PLESE-ZICA-ETNOGRAFIJA-NAORUZANIH-KRAJOLIKA.jpg?fit=860%2C1200&ssl=1&resize=700%2C400 2x"},"classes":[]}],"_links":{"self":[{"href":"https:\/\/historiografija.hr\/index.php?rest_route=\/wp\/v2\/posts\/51299","targetHints":{"allow":["GET"]}}],"collection":[{"href":"https:\/\/historiografija.hr\/index.php?rest_route=\/wp\/v2\/posts"}],"about":[{"href":"https:\/\/historiografija.hr\/index.php?rest_route=\/wp\/v2\/types\/post"}],"author":[{"embeddable":true,"href":"https:\/\/historiografija.hr\/index.php?rest_route=\/wp\/v2\/users\/2"}],"replies":[{"embeddable":true,"href":"https:\/\/historiografija.hr\/index.php?rest_route=%2Fwp%2Fv2%2Fcomments&post=51299"}],"version-history":[{"count":3,"href":"https:\/\/historiografija.hr\/index.php?rest_route=\/wp\/v2\/posts\/51299\/revisions"}],"predecessor-version":[{"id":51304,"href":"https:\/\/historiografija.hr\/index.php?rest_route=\/wp\/v2\/posts\/51299\/revisions\/51304"}],"wp:featuredmedia":[{"embeddable":true,"href":"https:\/\/historiografija.hr\/index.php?rest_route=\/wp\/v2\/media\/51301"}],"wp:attachment":[{"href":"https:\/\/historiografija.hr\/index.php?rest_route=%2Fwp%2Fv2%2Fmedia&parent=51299"}],"wp:term":[{"taxonomy":"category","embeddable":true,"href":"https:\/\/historiografija.hr\/index.php?rest_route=%2Fwp%2Fv2%2Fcategories&post=51299"},{"taxonomy":"post_tag","embeddable":true,"href":"https:\/\/historiografija.hr\/index.php?rest_route=%2Fwp%2Fv2%2Ftags&post=51299"}],"curies":[{"name":"wp","href":"https:\/\/api.w.org\/{rel}","templated":true}]}}