{"id":51266,"date":"2026-01-30T22:00:12","date_gmt":"2026-01-30T22:00:12","guid":{"rendered":"https:\/\/historiografija.hr\/?p=51266"},"modified":"2026-01-30T22:03:14","modified_gmt":"2026-01-30T22:03:14","slug":"event-series-continuity-and-change-after-authoritarian-rule","status":"publish","type":"post","link":"https:\/\/historiografija.hr\/?p=51266","title":{"rendered":"Event Series &#8211; Continuity and Change after Authoritarian Rule"},"content":{"rendered":"\n<p>KEYNOTE LECTURE:<\/p>\n\n\n\n<p>Mass protests and regime dynamics: Why have revolutionary movements achieved so little over the last two decades?<\/p>\n\n\n\n<p>ROUNDTABLE DISCUSSION:<\/p>\n\n\n\n<p>Inside the Transition: Insider Perspectives on Obstacles and Opportunities of Regime Change<\/p>\n\n\n\n<p>From 02.02. to 03.02., 17:00-18:30<\/p>\n\n\n\n<hr class=\"wp-block-separator has-alpha-channel-opacity\"\/>\n\n\n\n<p>02.02.2026 &#8211; 03.02.2026<\/p>\n\n\n\n<p>RESOWI SZ 15.21, Universit\u00e4tsstra\u00dfe 15 (section A, 2nd floor)<\/p>\n\n\n\n<p>Graz School of Interdisciplinary Transnational Studies, S\u00fcdosteuropa-Gesellschaft, FBA<\/p>\n\n\n\n<hr class=\"wp-block-separator has-alpha-channel-opacity\"\/>\n\n\n\n<p>What happens when autocrats lose power?&nbsp;<\/p>\n\n\n\n<p>The fall of autocratic governments usually raises high expectations of democratic transformation. Yet political ruptures often produce ambiguous political trajectories. This event series explores why democratisation remains so difficult after regime change.&nbsp;<\/p>\n\n\n\n<p>02.02. &#8211; 18:30 &nbsp;Welcome &amp; Keynote<\/p>\n\n\n\n<p>Gianni Del Panta, Junior Assistant Professor in Political Science, University of Pavia: <strong>Mass protests and regime dynamics: Why have revolutionary movements achieved so little over the last two decades?&nbsp;<\/strong><\/p>\n\n\n\n<p>03.02. &#8211; &nbsp;17:00 &#8211; 18:30 Roundtable Discussion<\/p>\n\n\n\n<p><strong>Inside the Transition: Insider Perspectives on Obstacles and Opportunities of Regime Change<\/strong>&nbsp;<\/p>\n\n\n\n<p>Ghia Nodia, Minister of Education and Science of Georgia (2008)<\/p>\n\n\n\n<p>Jovana Marovi\u0107, Minister of European Affairs of Montenegro (2022)&nbsp;<\/p>\n\n\n\n<p>Nikola Dimitrov, Minister of Foreign Affairs of North Macedonia (2017-2020)&nbsp;<\/p>\n\n\n\n<p>Bo\u017eidar \u0110eli\u0107, Minister of Finance of Serbia (2001-2004)&nbsp;<\/p>\n\n\n\n<p>Moderation: Claudia La\u0161tro, Centre for Southeast European Studies<\/p>\n\n\n\n<hr class=\"wp-block-separator has-alpha-channel-opacity\"\/>\n\n\n\n<p><a href=\"https:\/\/suedosteuropa.uni-graz.at\/de\/veranstaltungen\/continuity-and-change-after-authoritarian-rule\">https:\/\/suedosteuropa.uni-graz.at\/de\/veranstaltungen\/continuity-and-change-after-authoritarian-rule<\/a><\/p>\n\n\n\n<hr class=\"wp-block-separator has-alpha-channel-opacity\"\/>\n","protected":false},"excerpt":{"rendered":"","protected":false},"author":2,"featured_media":51267,"comment_status":"open","ping_status":"open","sticky":false,"template":"","format":"standard","meta":{"_acf_changed":false,"_jetpack_newsletter_access":"","_jetpack_dont_email_post_to_subs":false,"_jetpack_newsletter_tier_id":0,"_jetpack_memberships_contains_paywalled_content":false,"_jetpack_memberships_contains_paid_content":false,"footnotes":"","jetpack_publicize_message":"","jetpack_publicize_feature_enabled":true,"jetpack_social_post_already_shared":true,"jetpack_social_options":{"image_generator_settings":{"template":"highway","default_image_id":0,"font":"","enabled":false},"version":2},"jetpack_post_was_ever_published":false},"categories":[3],"tags":[],"class_list":["post-51266","post","type-post","status-publish","format-standard","has-post-thumbnail","hentry","category-novosti"],"acf":{"facebook_opis":""},"jetpack_publicize_connections":[],"jetpack_featured_media_url":"https:\/\/i0.wp.com\/historiografija.hr\/wp-content\/uploads\/2026\/01\/csm_Claudia-_Events.jpg?fit=990%2C730&ssl=1","jetpack_sharing_enabled":true,"jetpack-related-posts":[{"id":52625,"url":"https:\/\/historiografija.hr\/?p=52625","url_meta":{"origin":51266,"position":0},"title":"Omer Bartov, \u201eIsrael: What Went Wrong?\u201c","author":"Branimir Jankovi\u0107","date":"23. travnja 2026.","format":false,"excerpt":"Professor Omer Bartov was born on a kibbutz, grew up in Tel Aviv and served in the Israel Defence Forces during the Yom Kippur War. He went on to become an expert on the German army and the Holocaust, before turning his attention to his native country.In Israel: What Went\u2026","rel":"","context":"U &quot;Knjige&quot;","block_context":{"text":"Knjige","link":"https:\/\/historiografija.hr\/?cat=8"},"img":{"alt_text":"","src":"https:\/\/i0.wp.com\/historiografija.hr\/wp-content\/uploads\/2026\/04\/Bartov.jpeg?fit=320%2C500&ssl=1&resize=350%2C200","width":350,"height":200},"classes":[]},{"id":54174,"url":"https:\/\/historiografija.hr\/?p=54174","url_meta":{"origin":51266,"position":1},"title":"Yanni Kotsonis, &#8220;The Greek Revolution and the Violent Birth of Nationalism&#8221;","author":"Branimir Jankovi\u0107","date":"18. lipnja 2026.","format":false,"excerpt":"A sweeping global history of the birth of modern Greece In 1821, a diverse territory in the southern Balkans on the fringe of the Ottoman Empire was thrust into a decade of astounding mass violence. The Greek Revolution and the Violent Birth of Nationalism traces how something new emerged from\u2026","rel":"","context":"U &quot;Knjige&quot;","block_context":{"text":"Knjige","link":"https:\/\/historiografija.hr\/?cat=8"},"img":{"alt_text":"","src":"https:\/\/historiografija.hr\/wp-content\/uploads\/2026\/06\/Kotsonis.avif","width":350,"height":200},"classes":[]},{"id":55072,"url":"https:\/\/historiografija.hr\/?p=55072","url_meta":{"origin":51266,"position":2},"title":"Victoria Khiterer, \u201eBitter War of Memory: The Babyn Yar Massacre, Aftermath, and Commemoration\u201c","author":"Branimir Jankovi\u0107","date":"25. kolovoza 2026.","format":false,"excerpt":"Bitter War of Memory: The Babyn Yar Massacre, Aftermath, and Commemoration\u00a0discusses the Holocaust in Kyiv and the efforts to memorialize the Babyn Yar massacre. Babyn Yar is one of the largest Holocaust sites in the Soviet Union and modern Ukraine, where the Nazis and their collaborators killed virtually all the\u2026","rel":"","context":"U &quot;Knjige&quot;","block_context":{"text":"Knjige","link":"https:\/\/historiografija.hr\/?cat=8"},"img":{"alt_text":"","src":"https:\/\/i0.wp.com\/historiografija.hr\/wp-content\/uploads\/2026\/08\/Bitter-War-of-Memory-2.jpg?fit=596%2C466&ssl=1&resize=350%2C200","width":350,"height":200,"srcset":"https:\/\/i0.wp.com\/historiografija.hr\/wp-content\/uploads\/2026\/08\/Bitter-War-of-Memory-2.jpg?fit=596%2C466&ssl=1&resize=350%2C200 1x, https:\/\/i0.wp.com\/historiografija.hr\/wp-content\/uploads\/2026\/08\/Bitter-War-of-Memory-2.jpg?fit=596%2C466&ssl=1&resize=525%2C300 1.5x"},"classes":[]},{"id":51481,"url":"https:\/\/historiografija.hr\/?p=51481","url_meta":{"origin":51266,"position":3},"title":"CfP: New Approaches to the Study of the ICTY Archives","author":"Branimir Jankovi\u0107","date":"13. velja\u010de 2026.","format":false,"excerpt":"In April 2008, the International Criminal Tribunal for the former Yugoslavia (ICTY) launched its online Court Records Database, making documents from Tribunal proceedings broadly accessible for research and teaching. Early expectations were high: the evidentiary record introduced at trial was hoped to help future generations \"understand the region's history and\u2026","rel":"","context":"U &quot;Novosti&quot;","block_context":{"text":"Novosti","link":"https:\/\/historiografija.hr\/?cat=3"},"img":{"alt_text":"","src":"https:\/\/i0.wp.com\/historiografija.hr\/wp-content\/uploads\/2026\/02\/Icty.jpg?fit=550%2C367&ssl=1&resize=350%2C200","width":350,"height":200,"srcset":"https:\/\/i0.wp.com\/historiografija.hr\/wp-content\/uploads\/2026\/02\/Icty.jpg?fit=550%2C367&ssl=1&resize=350%2C200 1x, https:\/\/i0.wp.com\/historiografija.hr\/wp-content\/uploads\/2026\/02\/Icty.jpg?fit=550%2C367&ssl=1&resize=525%2C300 1.5x"},"classes":[]},{"id":55062,"url":"https:\/\/historiografija.hr\/?p=55062","url_meta":{"origin":51266,"position":4},"title":"CfP: The Making of Solidarity: A\u00a0Conference on Eastern and Central European Dissidents, 1945-1991","author":"Branimir Jankovi\u0107","date":"24. kolovoza 2026.","format":false,"excerpt":"This open call invites proposals for an interdisciplinary conference on Eastern and Central European dissidence, solidarity, and anti-imperial thought. The Making of Solidarity: A\u00a0Conference on Eastern and Central European Dissidents, 1945-1991 16.-17. November 2026 A close reading of Ivan Dziuba\u2019s classic\u00a01965 essay Internationalism or Russification? offers a\u00a0useful lens through which\u2026","rel":"","context":"U &quot;Novosti&quot;","block_context":{"text":"Novosti","link":"https:\/\/historiografija.hr\/?cat=3"},"img":{"alt_text":"","src":"https:\/\/i0.wp.com\/historiografija.hr\/wp-content\/uploads\/2026\/08\/The-Making-of-Solidarity.png?fit=883%2C662&ssl=1&resize=350%2C200","width":350,"height":200,"srcset":"https:\/\/i0.wp.com\/historiografija.hr\/wp-content\/uploads\/2026\/08\/The-Making-of-Solidarity.png?fit=883%2C662&ssl=1&resize=350%2C200 1x, https:\/\/i0.wp.com\/historiografija.hr\/wp-content\/uploads\/2026\/08\/The-Making-of-Solidarity.png?fit=883%2C662&ssl=1&resize=525%2C300 1.5x, https:\/\/i0.wp.com\/historiografija.hr\/wp-content\/uploads\/2026\/08\/The-Making-of-Solidarity.png?fit=883%2C662&ssl=1&resize=700%2C400 2x"},"classes":[]},{"id":54854,"url":"https:\/\/historiografija.hr\/?p=54854","url_meta":{"origin":51266,"position":5},"title":"El\u00edas J. Palti, &#8220;Intellectual History and the Problem of Conceptual\u00a0Change&#8221;","author":"Branimir Jankovi\u0107","date":"31. srpnja 2026.","format":false,"excerpt":"How does long-term intellectual change occur? Can we develop a theoretical framework for understanding past systems of knowledge? In this ambitious study, El\u00edas Jos\u00e9 Palti seeks to reassess the main concepts in the field of intellectual history. Evaluating modes of thought from the seventeenth century to the present, this book\u2026","rel":"","context":"U &quot;Knjige&quot;","block_context":{"text":"Knjige","link":"https:\/\/historiografija.hr\/?cat=8"},"img":{"alt_text":"","src":"https:\/\/i0.wp.com\/historiografija.hr\/wp-content\/uploads\/2026\/07\/Palti.jpg?fit=417%2C257&ssl=1&resize=350%2C200","width":350,"height":200},"classes":[]}],"_links":{"self":[{"href":"https:\/\/historiografija.hr\/index.php?rest_route=\/wp\/v2\/posts\/51266","targetHints":{"allow":["GET"]}}],"collection":[{"href":"https:\/\/historiografija.hr\/index.php?rest_route=\/wp\/v2\/posts"}],"about":[{"href":"https:\/\/historiografija.hr\/index.php?rest_route=\/wp\/v2\/types\/post"}],"author":[{"embeddable":true,"href":"https:\/\/historiografija.hr\/index.php?rest_route=\/wp\/v2\/users\/2"}],"replies":[{"embeddable":true,"href":"https:\/\/historiografija.hr\/index.php?rest_route=%2Fwp%2Fv2%2Fcomments&post=51266"}],"version-history":[{"count":2,"href":"https:\/\/historiografija.hr\/index.php?rest_route=\/wp\/v2\/posts\/51266\/revisions"}],"predecessor-version":[{"id":51269,"href":"https:\/\/historiografija.hr\/index.php?rest_route=\/wp\/v2\/posts\/51266\/revisions\/51269"}],"wp:featuredmedia":[{"embeddable":true,"href":"https:\/\/historiografija.hr\/index.php?rest_route=\/wp\/v2\/media\/51267"}],"wp:attachment":[{"href":"https:\/\/historiografija.hr\/index.php?rest_route=%2Fwp%2Fv2%2Fmedia&parent=51266"}],"wp:term":[{"taxonomy":"category","embeddable":true,"href":"https:\/\/historiografija.hr\/index.php?rest_route=%2Fwp%2Fv2%2Fcategories&post=51266"},{"taxonomy":"post_tag","embeddable":true,"href":"https:\/\/historiografija.hr\/index.php?rest_route=%2Fwp%2Fv2%2Ftags&post=51266"}],"curies":[{"name":"wp","href":"https:\/\/api.w.org\/{rel}","templated":true}]}}