{"id":51259,"date":"2026-01-29T21:50:07","date_gmt":"2026-01-29T21:50:07","guid":{"rendered":"https:\/\/historiografija.hr\/?p=51259"},"modified":"2026-01-29T21:50:07","modified_gmt":"2026-01-29T21:50:07","slug":"key-terms-of-public-history","status":"publish","type":"post","link":"https:\/\/historiografija.hr\/?p=51259","title":{"rendered":"Key Terms of Public History"},"content":{"rendered":"\n<p>Christine Gundermann, Juliane Brauer, Filippo Carl\u00e0-Uhink, Judith Keilbach, Georg Koch, Thorsten Logge, Daniel Morat, Arnika Peselmann, Stefanie Samida, Astrid Schwabe and Miriam S\u00e9n\u00e9cheau<\/p>\n\n\n\n<p>Funded by: University of Luxembourg<\/p>\n\n\n\n<p>Language: English<\/p>\n\n\n\n<p>Published\/Copyright: 2025<\/p>\n\n\n\n<hr class=\"wp-block-separator has-alpha-channel-opacity\"\/>\n\n\n\n<p>This volume introduces key terms of public history and makes them accessible via the most important subject areas and central research perspectives. It is aimed at students, teachers and practitioners who deal with history in the public sphere and offers approaches to the theoretical foundation of public history as part of historical cultural studies.<\/p>\n\n\n\n<hr class=\"wp-block-separator has-alpha-channel-opacity\"\/>\n\n\n\n<p><strong>Table of contents<\/strong><\/p>\n\n\n\n<p>Frontmatter<\/p>\n\n\n\n<p>Preface<\/p>\n\n\n\n<p>Contents<\/p>\n\n\n\n<p>1 Introduction<\/p>\n\n\n\n<p>2 Authenticity<\/p>\n\n\n\n<p>3 Emotions<\/p>\n\n\n\n<p>4 Experience: Erlebnis and Erfahrung<\/p>\n\n\n\n<p>5 Heritage<\/p>\n\n\n\n<p>6 Historical culture<\/p>\n\n\n\n<p>7 Historical imagination<\/p>\n\n\n\n<p>8 Historical thinking<\/p>\n\n\n\n<p>9 Memory<\/p>\n\n\n\n<p>10 Performativity<\/p>\n\n\n\n<p>11 Reception<\/p>\n\n\n\n<p>Bibliography<\/p>\n\n\n\n<p>Authors<\/p>\n\n\n\n<p>Index of persons<\/p>\n\n\n\n<p>Index of subjects<\/p>\n\n\n\n<hr class=\"wp-block-separator has-alpha-channel-opacity\"\/>\n\n\n\n<p><strong>Open Access<\/strong><\/p>\n\n\n\n<p><a href=\"https:\/\/www.degruyterbrill.com\/document\/doi\/10.1515\/9783111460727\/html\">https:\/\/www.degruyterbrill.com\/document\/doi\/10.1515\/9783111460727\/html<\/a><\/p>\n\n\n\n<hr class=\"wp-block-separator has-alpha-channel-opacity\"\/>\n","protected":false},"excerpt":{"rendered":"","protected":false},"author":2,"featured_media":51260,"comment_status":"open","ping_status":"open","sticky":false,"template":"","format":"standard","meta":{"_acf_changed":false,"_jetpack_newsletter_access":"","_jetpack_dont_email_post_to_subs":false,"_jetpack_newsletter_tier_id":0,"_jetpack_memberships_contains_paywalled_content":false,"_jetpack_memberships_contains_paid_content":false,"footnotes":"","jetpack_publicize_message":"","jetpack_publicize_feature_enabled":true,"jetpack_social_post_already_shared":true,"jetpack_social_options":{"image_generator_settings":{"template":"highway","default_image_id":0,"font":"","enabled":false},"version":2},"jetpack_post_was_ever_published":false},"categories":[19,8,3],"tags":[],"class_list":["post-51259","post","type-post","status-publish","format-standard","has-post-thumbnail","hentry","category-e-knjige","category-knjige","category-novosti"],"acf":{"facebook_opis":""},"jetpack_publicize_connections":[],"jetpack_featured_media_url":"https:\/\/i0.wp.com\/historiografija.hr\/wp-content\/uploads\/2026\/01\/Key-terms.jpg?fit=800%2C1180&ssl=1","jetpack_sharing_enabled":true,"jetpack-related-posts":[{"id":55059,"url":"https:\/\/historiografija.hr\/?p=55059","url_meta":{"origin":51259,"position":0},"title":"Antoon De Baets, &#8220;Censorship of History&#8221;","author":"Branimir Jankovi\u0107","date":"24. kolovoza 2026.","format":false,"excerpt":"Censorship is the dark side of historical writing. Because much censorship is shrouded in secrecy, the subject tends to stay outside mainstream histories of historical writing. Consequently, many such histories offer unduly optimistic accounts of historical writing. They assume that historians produced their works in a political vacuum. This view\u2026","rel":"","context":"U &quot;Knjige&quot;","block_context":{"text":"Knjige","link":"https:\/\/historiografija.hr\/?cat=8"},"img":{"alt_text":"","src":"https:\/\/i0.wp.com\/historiografija.hr\/wp-content\/uploads\/2026\/08\/censorship-of-history.jpg?fit=1200%2C1043&ssl=1&resize=350%2C200","width":350,"height":200,"srcset":"https:\/\/i0.wp.com\/historiografija.hr\/wp-content\/uploads\/2026\/08\/censorship-of-history.jpg?fit=1200%2C1043&ssl=1&resize=350%2C200 1x, https:\/\/i0.wp.com\/historiografija.hr\/wp-content\/uploads\/2026\/08\/censorship-of-history.jpg?fit=1200%2C1043&ssl=1&resize=525%2C300 1.5x, https:\/\/i0.wp.com\/historiografija.hr\/wp-content\/uploads\/2026\/08\/censorship-of-history.jpg?fit=1200%2C1043&ssl=1&resize=700%2C400 2x, https:\/\/i0.wp.com\/historiografija.hr\/wp-content\/uploads\/2026\/08\/censorship-of-history.jpg?fit=1200%2C1043&ssl=1&resize=1050%2C600 3x"},"classes":[]},{"id":55065,"url":"https:\/\/historiografija.hr\/?p=55065","url_meta":{"origin":51259,"position":1},"title":"Germany\u2019s History Wars: Contesting Memory and Identity Today","author":"Branimir Jankovi\u0107","date":"24. kolovoza 2026.","format":false,"excerpt":"Edited by J\u00fcrgen Zimmerer Like no other country\u2019s Germany\u2019s identity is shaped by its history or rather by the critical engagement with this history. The book traces the most important public debates on history since the new millennium thereby adding a mosaic of topics and perspectives to the memorial landscape\u2026","rel":"","context":"U &quot;E-knjige&quot;","block_context":{"text":"E-knjige","link":"https:\/\/historiografija.hr\/?cat=19"},"img":{"alt_text":"","src":"https:\/\/i0.wp.com\/historiografija.hr\/wp-content\/uploads\/2026\/08\/History-Wars-2.jpg?fit=800%2C593&ssl=1&resize=350%2C200","width":350,"height":200,"srcset":"https:\/\/i0.wp.com\/historiografija.hr\/wp-content\/uploads\/2026\/08\/History-Wars-2.jpg?fit=800%2C593&ssl=1&resize=350%2C200 1x, https:\/\/i0.wp.com\/historiografija.hr\/wp-content\/uploads\/2026\/08\/History-Wars-2.jpg?fit=800%2C593&ssl=1&resize=525%2C300 1.5x, https:\/\/i0.wp.com\/historiografija.hr\/wp-content\/uploads\/2026\/08\/History-Wars-2.jpg?fit=800%2C593&ssl=1&resize=700%2C400 2x"},"classes":[]},{"id":52520,"url":"https:\/\/historiografija.hr\/?p=52520","url_meta":{"origin":51259,"position":2},"title":"Predstavljanje knjige &#8220;Socialist Economics in Yugoslavia: A Critical History&#8221; u Zagrebu","author":"Branimir Jankovi\u0107","date":"17. travnja 2026.","format":false,"excerpt":"Pozivamo vas na predstavljanje knjige \"Socialist Economics in Yugoslavia: A Critical History\", autora Mislava \u00a0\u017ditka i Marka Grde\u0161i\u0107a (Routledge, 2026). Na predstavljanju \u0107e govoriti Branko Milanovi\u0107 (CUNY), Milica Uvali\u0107 (EUI), Zdravko Petak (FPZG) te autori.\u00a0 Predstavljanje \u0107e se odr\u017eati u srijedu 22. travnja u 16:00 sati na Fakultetu politi\u010dkih znanosti\u2026","rel":"","context":"U &quot;Novosti&quot;","block_context":{"text":"Novosti","link":"https:\/\/historiografija.hr\/?cat=3"},"img":{"alt_text":"","src":"https:\/\/i0.wp.com\/historiografija.hr\/wp-content\/uploads\/2026\/04\/Poziv-na-predstavljanje.png?fit=800%2C652&ssl=1&resize=350%2C200","width":350,"height":200,"srcset":"https:\/\/i0.wp.com\/historiografija.hr\/wp-content\/uploads\/2026\/04\/Poziv-na-predstavljanje.png?fit=800%2C652&ssl=1&resize=350%2C200 1x, https:\/\/i0.wp.com\/historiografija.hr\/wp-content\/uploads\/2026\/04\/Poziv-na-predstavljanje.png?fit=800%2C652&ssl=1&resize=525%2C300 1.5x, https:\/\/i0.wp.com\/historiografija.hr\/wp-content\/uploads\/2026\/04\/Poziv-na-predstavljanje.png?fit=800%2C652&ssl=1&resize=700%2C400 2x"},"classes":[]},{"id":55107,"url":"https:\/\/historiografija.hr\/?p=55107","url_meta":{"origin":51259,"position":3},"title":"Leonora Neville, \u201eSailing Away from Byzantium Toward East Roman History\u201c","author":"Filip \u0160imunjak","date":"28. kolovoza 2026.","format":false,"excerpt":"Although the first thing one learns about the 'Byzantine Empire' is that it was really the eastern Roman empire, scholars have preferred to call it 'Byzantine' in a repudiation of the self-conception and emic vocabulary of the inhabitants of that polity. The terminology of 'Byzantium' artificially severs the 'medieval' eastern\u2026","rel":"","context":"U &quot;E-knjige&quot;","block_context":{"text":"E-knjige","link":"https:\/\/historiografija.hr\/?cat=19"},"img":{"alt_text":"","src":"https:\/\/i0.wp.com\/historiografija.hr\/wp-content\/uploads\/2026\/08\/Sailing-Away-from-Byzantium-Toward-East-Roman-History.webp?fit=368%2C543&ssl=1&resize=350%2C200","width":350,"height":200},"classes":[]},{"id":52692,"url":"https:\/\/historiografija.hr\/?p=52692","url_meta":{"origin":51259,"position":4},"title":"Florian Bieber \u201eHvar in the Modern Age: Identity and Change in Southeast Europe\u201c","author":"Filip \u0160imunjak","date":"28. travnja 2026.","format":false,"excerpt":"Description\u00a0 In this open-access book, Florian Bieber traces the history of the Adriatic island of Hvar over half a millennium, from the advent of Venetian rule in the 15th century to the end of Yugoslavia in the late 20th century. The history of Hvar tells a larger story about modernity,\u2026","rel":"","context":"U &quot;Knjige&quot;","block_context":{"text":"Knjige","link":"https:\/\/historiografija.hr\/?cat=8"},"img":{"alt_text":"","src":"https:\/\/i0.wp.com\/historiografija.hr\/wp-content\/uploads\/2026\/04\/Florian-Bieber-Hvar-in-the-Modern-Age-Identity-and-Change-in-Southeast-Europe.webp?fit=540%2C810&ssl=1&resize=350%2C200","width":350,"height":200,"srcset":"https:\/\/i0.wp.com\/historiografija.hr\/wp-content\/uploads\/2026\/04\/Florian-Bieber-Hvar-in-the-Modern-Age-Identity-and-Change-in-Southeast-Europe.webp?fit=540%2C810&ssl=1&resize=350%2C200 1x, https:\/\/i0.wp.com\/historiografija.hr\/wp-content\/uploads\/2026\/04\/Florian-Bieber-Hvar-in-the-Modern-Age-Identity-and-Change-in-Southeast-Europe.webp?fit=540%2C810&ssl=1&resize=525%2C300 1.5x"},"classes":[]},{"id":55104,"url":"https:\/\/historiografija.hr\/?p=55104","url_meta":{"origin":51259,"position":5},"title":"Anthony Kaldellis, \u201eThe Case for East Roman Studies\u201c","author":"Filip \u0160imunjak","date":"28. kolovoza 2026.","format":false,"excerpt":"Byzantine Studies has reached a tipping point: a growing number of historians have realized that the terms \u201cByzantium\u201d and \u201cthe Byzantines\u201d distort the reality and identity of the society that we study, and encode a series of prejudices that were embedded in western perceptions. The aim of these terms was\u2026","rel":"","context":"U &quot;Knjige&quot;","block_context":{"text":"Knjige","link":"https:\/\/historiografija.hr\/?cat=8"},"img":{"alt_text":"","src":"https:\/\/i0.wp.com\/historiografija.hr\/wp-content\/uploads\/2026\/08\/The-Case-for-East-Roman-Studies-Kaldellis.webp?fit=596%2C927&ssl=1&resize=350%2C200","width":350,"height":200,"srcset":"https:\/\/i0.wp.com\/historiografija.hr\/wp-content\/uploads\/2026\/08\/The-Case-for-East-Roman-Studies-Kaldellis.webp?fit=596%2C927&ssl=1&resize=350%2C200 1x, https:\/\/i0.wp.com\/historiografija.hr\/wp-content\/uploads\/2026\/08\/The-Case-for-East-Roman-Studies-Kaldellis.webp?fit=596%2C927&ssl=1&resize=525%2C300 1.5x"},"classes":[]}],"_links":{"self":[{"href":"https:\/\/historiografija.hr\/index.php?rest_route=\/wp\/v2\/posts\/51259","targetHints":{"allow":["GET"]}}],"collection":[{"href":"https:\/\/historiografija.hr\/index.php?rest_route=\/wp\/v2\/posts"}],"about":[{"href":"https:\/\/historiografija.hr\/index.php?rest_route=\/wp\/v2\/types\/post"}],"author":[{"embeddable":true,"href":"https:\/\/historiografija.hr\/index.php?rest_route=\/wp\/v2\/users\/2"}],"replies":[{"embeddable":true,"href":"https:\/\/historiografija.hr\/index.php?rest_route=%2Fwp%2Fv2%2Fcomments&post=51259"}],"version-history":[{"count":1,"href":"https:\/\/historiografija.hr\/index.php?rest_route=\/wp\/v2\/posts\/51259\/revisions"}],"predecessor-version":[{"id":51261,"href":"https:\/\/historiografija.hr\/index.php?rest_route=\/wp\/v2\/posts\/51259\/revisions\/51261"}],"wp:featuredmedia":[{"embeddable":true,"href":"https:\/\/historiografija.hr\/index.php?rest_route=\/wp\/v2\/media\/51260"}],"wp:attachment":[{"href":"https:\/\/historiografija.hr\/index.php?rest_route=%2Fwp%2Fv2%2Fmedia&parent=51259"}],"wp:term":[{"taxonomy":"category","embeddable":true,"href":"https:\/\/historiografija.hr\/index.php?rest_route=%2Fwp%2Fv2%2Fcategories&post=51259"},{"taxonomy":"post_tag","embeddable":true,"href":"https:\/\/historiografija.hr\/index.php?rest_route=%2Fwp%2Fv2%2Ftags&post=51259"}],"curies":[{"name":"wp","href":"https:\/\/api.w.org\/{rel}","templated":true}]}}