{"id":5125,"date":"2017-07-03T08:06:22","date_gmt":"2017-07-03T08:06:22","guid":{"rendered":"http:\/\/historiografija.hr\/?p=5125"},"modified":"2017-07-03T08:08:39","modified_gmt":"2017-07-03T08:08:39","slug":"cetvrti-regionalni-studentski-simpozij-drustvenih-i-humanistickih-znanosti-ideje-kao-drustvena-revolucija-split-12-13-x-2017","status":"publish","type":"post","link":"https:\/\/historiografija.hr\/?p=5125","title":{"rendered":"\u010cetvrti regionalni studentski simpozij dru\u0161tvenih i humanisti\u010dkih znanosti &#8220;Ideje kao dru\u0161tvena revolucija&#8221;  (Split, 12-13.X.2017)"},"content":{"rendered":"<p>Simpozij je namijenjen svim preddiplomskim i diplomskim studentima u regiji (rok za prijavu: 1.VIII.2017).<\/p>\n<p>&nbsp;<\/p>\n<p>&nbsp;<\/p>\n<p>&#8212;<\/p>\n<p>&nbsp;<\/p>\n<p>&nbsp;<\/p>\n<p><strong>Filozofski fakultet u Splitu<\/strong><\/p>\n<p>&nbsp;<\/p>\n<p>&nbsp;<\/p>\n<p>Simpozij &#8220;Ideje kao dru\u0161tvena revolucija&#8221;<\/p>\n<p>&nbsp;<\/p>\n<p>&nbsp;<\/p>\n<p>&nbsp;<\/p>\n<p>Filozofski fakultet u Splitu i Hrvatsko filozofsko dru\u0161tvo te udruge Imaginacija i iTHEom u suradnji sa Studentskim zborom Filozofskog fakulteta u Splitu pozivaju Vas na sudjelovanje u \u010detvrtom regionalnom studentskom simpoziju dru\u0161tvenih i humanisti\u010dkih znanosti: \u00bbIdeje kao dru\u0161tvena revolucija\u00ab, koji \u0107e se odr\u017eati 12. i 13. listopada 2017. godine u prostorima Filozofskog fakulteta u Splitu na splitskom Peristilu (Poljana kraljice Jelene 1\/III).<\/p>\n<p>&nbsp;<\/p>\n<p>&nbsp;<\/p>\n<p>&nbsp;<\/p>\n<p>Simpozij se u sli\u010dnom obliku odr\u017eava jo\u0161 od 2014. godine, kada se odr\u017eao pod temom \u201eKriti\u010dko mi\u0161ljenje\u201c. Sljede\u0107ih godina teme su se mijenjale, ali je cilj ostajao isti, a to je; omogu\u0107iti studentima na Sveu\u010dili\u0161tu u Splitu platformu za zajedni\u010dki rad i suradnju, te potaknuti ih na vannastavne aktivnosti, razvijanje kriti\u010dkog mi\u0161ljenja i volonterski anga\u017eman, u studentskoj ali i privatnoj sferi.<\/p>\n<p>&nbsp;<\/p>\n<p>&nbsp;<\/p>\n<p>Ovaj projekt je namijenjen svim studentima u regiji na preddiplomskoj, diplomskoj razini. Osmi\u0161ljen je kao prilika za istra\u017eivanje zajedni\u010dke problematike znanosti poput sociologije, filozofije, psihologije, pedagogije, povijesti, knji\u017eevnosti i mnogih drugih. Tako\u0111er, jedan od ciljeva projekta je i uklju\u010divanje studenata iz ostalih podru\u010dja znanosti. Na taj bi na\u010din izgradili mostove izme\u0111u dru\u0161tveno-humanisti\u010dkih i prirodnih, tehni\u010dkih, medicinskih i ostalih znanosti.<\/p>\n<p>&nbsp;<\/p>\n<p>&nbsp;<\/p>\n<p>Promatraju\u0107i povijesni razvoj ljudskoga dru\u0161tva, u temelju najve\u0107ih dru\u0161tvenih promjena uvijek nailazimo na postojanje ideja. Iako ideje svoj za\u010detak imaju u misaonom svijetu, njihove su posljedice realne i opipljive. Stoga nam je namjera istra\u017eiti ulogu ideje u dru\u0161tvenim promjenama. U svrhu ostvarenja toga cilja zainteresiranim sudionicima predla\u017eemo nekoliko tematskih okvira u koje mogu smjestiti svoja izlaganja:<\/p>\n<p>&nbsp;<\/p>\n<p>&nbsp;<\/p>\n<p>\u2022 Povijest ideja<\/p>\n<p>\u2022 Idealizam u filozofiji<\/p>\n<p>\u2022 Odnos ideje i stvarnosti<\/p>\n<p>\u2022 Odnos ideje i dru\u0161tva<\/p>\n<p>\u2022 Opasne ideje?<\/p>\n<p>\u2022 Ideologija<\/p>\n<p>\u2022 Ideja kao pokreta\u010d dru\u0161tvene, kulturne i politi\u010dke promjene<\/p>\n<p>\u2022 Ideja kao pokreta\u010d tehnolo\u0161kog napretka<\/p>\n<p>\u2022 Uloga teorije u prirodoznanstvenom istra\u017eivanju<\/p>\n<p>\u2022 Odnos dru\u0161tveno-humanisti\u010dkih i prirodno-tehni\u010dkih znanosti<\/p>\n<p>\u2022 Revolucija kao stvarala\u0161tvo<\/p>\n<p>\u2022 Inovacija<\/p>\n<p>\u2022 Revolucija-ostvarivanje \u010dovjeka i njegovih mogu\u0107nosti<\/p>\n<p>\u2022 Sociolo\u0161ki i kulturolo\u0161ki aspekti pojedinca i dru\u0161tva<\/p>\n<p>&nbsp;<\/p>\n<p>&nbsp;<\/p>\n<p>Primjer primjene teme: \u201eIdejni za\u010deci Francuske revolucije\u201c<\/p>\n<p>&nbsp;<\/p>\n<p>&nbsp;<\/p>\n<p>Navedeni tematski okviri ne iscrpljuju mogu\u0107nosti i perspektive pristupa temama simpozija. Ispunjenu prijavnicu potrebno je poslati na: ffstsimpozij@gmail.com<\/p>\n<p>&nbsp;<\/p>\n<p>&nbsp;<\/p>\n<p>Rok za prijavu je do 1. kolovoza 2017. godine.<\/p>\n<p>&nbsp;<\/p>\n<p>&nbsp;<\/p>\n<p>O prihva\u0107enim izlaganjima studenti \u0107e biti obavije\u0161teni do 10. rujna.<\/p>\n<p>&nbsp;<\/p>\n<p>&nbsp;<\/p>\n<p><strong>poziv i prijavnica<\/strong><\/p>\n<p>&nbsp;<\/p>\n<p>&nbsp;<\/p>\n<p><a href=\"http:\/\/www.ffst.unist.hr\/?@=211to#news_8980\">http:\/\/www.ffst.unist.hr\/?@=211to#news_8980<\/a><\/p>\n<p>&nbsp;<\/p>\n<p>&nbsp;<\/p>\n","protected":false},"excerpt":{"rendered":"","protected":false},"author":2,"featured_media":5014,"comment_status":"open","ping_status":"open","sticky":false,"template":"","format":"standard","meta":{"_acf_changed":false,"jetpack_post_was_ever_published":false,"_jetpack_newsletter_access":"","_jetpack_dont_email_post_to_subs":false,"_jetpack_newsletter_tier_id":0,"_jetpack_memberships_contains_paywalled_content":false,"_jetpack_memberships_contains_paid_content":false,"footnotes":"","jetpack_publicize_message":"","jetpack_publicize_feature_enabled":true,"jetpack_social_post_already_shared":true,"jetpack_social_options":{"image_generator_settings":{"template":"highway","default_image_id":0,"font":"","enabled":false},"version":2}},"categories":[3,9],"tags":[],"class_list":["post-5125","post","type-post","status-publish","format-standard","has-post-thumbnail","hentry","category-novosti","category-skupovi"],"acf":{"facebook_opis":""},"jetpack_publicize_connections":[],"jetpack_featured_media_url":"https:\/\/i0.wp.com\/historiografija.hr\/wp-content\/uploads\/2017\/06\/fflogo311.jpg?fit=311%2C305&ssl=1","jetpack_sharing_enabled":true,"jetpack-related-posts":[{"id":52563,"url":"https:\/\/historiografija.hr\/?p=52563","url_meta":{"origin":5125,"position":0},"title":"Predavanje Nenada Fabijani\u0107a o stadionu Poljud u Splitu","author":"Branimir Jankovi\u0107","date":"21. travnja 2026.","format":false,"excerpt":"Znanstveno vije\u0107e za arhitekturu, urbanizam i ure\u0111enje prostora Hrvatske akademije znanosti i umjetnosti organizira predavanje \u201cPo Poljudu\u201d koje \u0107e u srijedu 22. travnja 2026. s po\u010detkom u 14 sati u Knji\u017enici HAZU, Strossmayerov trg 14 u Zagrebu, odr\u017eati\u00a0prof. emerit. dr. art. Nenad Fabijani\u0107,\u00a0\u010dlan suradnik HAZU. Predavanje \u201ePo Poljudu\u201c (Projekt obnove)\u2026","rel":"","context":"U &quot;Novosti&quot;","block_context":{"text":"Novosti","link":"https:\/\/historiografija.hr\/?cat=3"},"img":{"alt_text":"","src":"https:\/\/i0.wp.com\/historiografija.hr\/wp-content\/uploads\/2026\/04\/Poljud-scaled.jpeg?fit=1200%2C800&ssl=1&resize=350%2C200","width":350,"height":200,"srcset":"https:\/\/i0.wp.com\/historiografija.hr\/wp-content\/uploads\/2026\/04\/Poljud-scaled.jpeg?fit=1200%2C800&ssl=1&resize=350%2C200 1x, https:\/\/i0.wp.com\/historiografija.hr\/wp-content\/uploads\/2026\/04\/Poljud-scaled.jpeg?fit=1200%2C800&ssl=1&resize=525%2C300 1.5x, https:\/\/i0.wp.com\/historiografija.hr\/wp-content\/uploads\/2026\/04\/Poljud-scaled.jpeg?fit=1200%2C800&ssl=1&resize=700%2C400 2x, https:\/\/i0.wp.com\/historiografija.hr\/wp-content\/uploads\/2026\/04\/Poljud-scaled.jpeg?fit=1200%2C800&ssl=1&resize=1050%2C600 3x"},"classes":[]},{"id":52660,"url":"https:\/\/historiografija.hr\/?p=52660","url_meta":{"origin":5125,"position":1},"title":"Medijski odjeci \u010dlanka Steve \u0110ura\u0161kovi\u0107a \u201e\u017dupanovljeva ne\u017eeljena djeca: ideolo\u0161ko pribli\u017eavanje neoliberala i kr\u0161\u0107anske radikalne desnice u Hrvatskoj\u201c","author":"Branimir Jankovi\u0107","date":"24. travnja 2026.","format":false,"excerpt":"U sklopu projekta \u201eIzazovi intelektualne povijesti: recepcije, preobrazbe i upotrebe politi\u010dkih ideja\u201c objavljen je polemi\u010dki \u010dlanak Steve \u0110ura\u0161kovi\u0107a \u201e\u017dupanovljeva ne\u017eeljena djeca: ideolo\u0161ko pribli\u017eavanje neoliberala i kr\u0161\u0107anske radikalne desnice u Hrvatskoj\u201c, koji je izazvao odre\u0111ene medijske reakcije. Stevo \u0110ura\u0161kovi\u0107 \u017dupanovljeva ne\u017eeljena djeca: ideolo\u0161ko pribli\u017eavanje neoliberala i kr\u0161\u0107anske radikalne desnice u Hrvatskoj\u2026","rel":"","context":"U &quot;Novosti&quot;","block_context":{"text":"Novosti","link":"https:\/\/historiografija.hr\/?cat=3"},"img":{"alt_text":"","src":"https:\/\/i0.wp.com\/historiografija.hr\/wp-content\/uploads\/2026\/04\/SD.png?fit=809%2C821&ssl=1&resize=350%2C200","width":350,"height":200,"srcset":"https:\/\/i0.wp.com\/historiografija.hr\/wp-content\/uploads\/2026\/04\/SD.png?fit=809%2C821&ssl=1&resize=350%2C200 1x, https:\/\/i0.wp.com\/historiografija.hr\/wp-content\/uploads\/2026\/04\/SD.png?fit=809%2C821&ssl=1&resize=525%2C300 1.5x, https:\/\/i0.wp.com\/historiografija.hr\/wp-content\/uploads\/2026\/04\/SD.png?fit=809%2C821&ssl=1&resize=700%2C400 2x"},"classes":[]},{"id":52666,"url":"https:\/\/historiografija.hr\/?p=52666","url_meta":{"origin":5125,"position":2},"title":"Najava programa Festivala povijesti Kliofest (5-8. V. 2026)","author":"Branimir Jankovi\u0107","date":"24. travnja 2026.","format":false,"excerpt":"Po trinaesti put odr\u017eava se Festival povijesti Kliofest! Do petka \u0107emo odr\u017eati osam okruglih stolova i dva kolokvija te niz predstavljanja knjiga i projekata razli\u010dite tematike, od antike do suvremenosti. Bit \u0107e predstavljeno i nekoliko izlo\u017ebi te odr\u017ean jedan povijesni kviz. Prikazat \u0107emo i jedan film \u2013 o generalu Boroevi\u0107u.\u2026","rel":"","context":"U &quot;Novosti&quot;","block_context":{"text":"Novosti","link":"https:\/\/historiografija.hr\/?cat=3"},"img":{"alt_text":"","src":"https:\/\/i0.wp.com\/historiografija.hr\/wp-content\/uploads\/2026\/04\/Kliofest-2026.jpg?fit=526%2C526&ssl=1&resize=350%2C200","width":350,"height":200,"srcset":"https:\/\/i0.wp.com\/historiografija.hr\/wp-content\/uploads\/2026\/04\/Kliofest-2026.jpg?fit=526%2C526&ssl=1&resize=350%2C200 1x, https:\/\/i0.wp.com\/historiografija.hr\/wp-content\/uploads\/2026\/04\/Kliofest-2026.jpg?fit=526%2C526&ssl=1&resize=525%2C300 1.5x"},"classes":[]},{"id":52573,"url":"https:\/\/historiografija.hr\/?p=52573","url_meta":{"origin":5125,"position":3},"title":"Znanstvena konferencija &#8220;Filozofija odgoja: povijest, praksa, perspektive&#8221;","author":"Branimir Jankovi\u0107","date":"21. travnja 2026.","format":false,"excerpt":"Znanstvena konferencija \"Filozofija odgoja: povijest, praksa, perspektive\" odr\u017eat \u0107e se 23. i 24. travnja 2026. u Konferencijskoj dvorani Knji\u017enice Filozofskog fakulteta u Zagrebu (2. kat).\u00a0Konferencija je organizirana u okviru projekta\u00a0SUMKOS (voditeljica prof. dr. sc. Ivana Zagorac, financiran\u00a0sredstvima NextGenerationEU), uz potporu Odsjeka za filozofiju.\u00a0 Uz izlaga\u010dki dio, konferencija obuhva\u0107a i izlo\u017ebu\u2026","rel":"","context":"U &quot;Novosti&quot;","block_context":{"text":"Novosti","link":"https:\/\/historiografija.hr\/?cat=3"},"img":{"alt_text":"","src":"","width":0,"height":0},"classes":[]},{"id":52502,"url":"https:\/\/historiografija.hr\/?p=52502","url_meta":{"origin":5125,"position":4},"title":"Novi znanstveni projekt Hrvatskog instituta za povijest: \u201c\u017drtve ratova i dr\u017eavnog\/politi\u010dkog nasilja u hrvatskoj povijesti 20. stolje\u0107a\u201d","author":"Branimir Jankovi\u0107","date":"17. travnja 2026.","format":false,"excerpt":"Na redovitoj sjednici Vlade RH, 16. travnja 2026., donijet je Zaklju\u010dak kojim se pokre\u0107e znanstveni projekt \u201c\u017drtve ratova i dr\u017eavnog\/politi\u010dkog nasilja u hrvatskoj povijesti 20. stolje\u0107a\u201d. Projekt \u0107e provoditi i koordinirati Hrvatski institut za povijest u razdoblju trajanja projekta od pet godina. Zakljucak Vlade RH Iz teksta projektnog prijedloga: Problematika\u2026","rel":"","context":"U &quot;Novosti&quot;","block_context":{"text":"Novosti","link":"https:\/\/historiografija.hr\/?cat=3"},"img":{"alt_text":"","src":"https:\/\/i0.wp.com\/historiografija.hr\/wp-content\/uploads\/2026\/04\/Vlada-RH.jpg?fit=1200%2C557&ssl=1&resize=350%2C200","width":350,"height":200,"srcset":"https:\/\/i0.wp.com\/historiografija.hr\/wp-content\/uploads\/2026\/04\/Vlada-RH.jpg?fit=1200%2C557&ssl=1&resize=350%2C200 1x, https:\/\/i0.wp.com\/historiografija.hr\/wp-content\/uploads\/2026\/04\/Vlada-RH.jpg?fit=1200%2C557&ssl=1&resize=525%2C300 1.5x, https:\/\/i0.wp.com\/historiografija.hr\/wp-content\/uploads\/2026\/04\/Vlada-RH.jpg?fit=1200%2C557&ssl=1&resize=700%2C400 2x, https:\/\/i0.wp.com\/historiografija.hr\/wp-content\/uploads\/2026\/04\/Vlada-RH.jpg?fit=1200%2C557&ssl=1&resize=1050%2C600 3x"},"classes":[]},{"id":52499,"url":"https:\/\/historiografija.hr\/?p=52499","url_meta":{"origin":5125,"position":5},"title":"POTPISAN UGOVOR O ZNANSTVENO-ISTRA\u017dIVA\u010cKOJ SURADNJI: PROJEKT \u201eTEMELJI HRVATSKE SAMOSTALNOSTI\u201d","author":"Branimir Jankovi\u0107","date":"17. travnja 2026.","format":false,"excerpt":"Hrvatski institut za povijest, Sveu\u010dili\u0161te obrane i sigurnosti \u201eDr. Franjo Tu\u0111man\u201d, Institut dru\u0161tvenih znanosti Ivo Pilar i Hrvatski dr\u017eavni arhiv\u00a0potpisali su 23. o\u017eujka 2026.\u00a0Ugovor o znanstveno-istra\u017eiva\u010dkoj suradnji s ciljem provedbe projekta \u201eTemelji hrvatske samostalnosti\u201d. Tim projektom obuhva\u0107a se istra\u017eivanje arhivskoga gradiva, priprema znanstvenih publikacija, digitalizacija i javna prezentacija rezultata istra\u017eivanja\u2026","rel":"","context":"U &quot;Novosti&quot;","block_context":{"text":"Novosti","link":"https:\/\/historiografija.hr\/?cat=3"},"img":{"alt_text":"","src":"https:\/\/i0.wp.com\/historiografija.hr\/wp-content\/uploads\/2026\/04\/THS_sporazum.jpg?fit=1200%2C583&ssl=1&resize=350%2C200","width":350,"height":200,"srcset":"https:\/\/i0.wp.com\/historiografija.hr\/wp-content\/uploads\/2026\/04\/THS_sporazum.jpg?fit=1200%2C583&ssl=1&resize=350%2C200 1x, https:\/\/i0.wp.com\/historiografija.hr\/wp-content\/uploads\/2026\/04\/THS_sporazum.jpg?fit=1200%2C583&ssl=1&resize=525%2C300 1.5x, https:\/\/i0.wp.com\/historiografija.hr\/wp-content\/uploads\/2026\/04\/THS_sporazum.jpg?fit=1200%2C583&ssl=1&resize=700%2C400 2x, https:\/\/i0.wp.com\/historiografija.hr\/wp-content\/uploads\/2026\/04\/THS_sporazum.jpg?fit=1200%2C583&ssl=1&resize=1050%2C600 3x"},"classes":[]}],"_links":{"self":[{"href":"https:\/\/historiografija.hr\/index.php?rest_route=\/wp\/v2\/posts\/5125","targetHints":{"allow":["GET"]}}],"collection":[{"href":"https:\/\/historiografija.hr\/index.php?rest_route=\/wp\/v2\/posts"}],"about":[{"href":"https:\/\/historiografija.hr\/index.php?rest_route=\/wp\/v2\/types\/post"}],"author":[{"embeddable":true,"href":"https:\/\/historiografija.hr\/index.php?rest_route=\/wp\/v2\/users\/2"}],"replies":[{"embeddable":true,"href":"https:\/\/historiografija.hr\/index.php?rest_route=%2Fwp%2Fv2%2Fcomments&post=5125"}],"version-history":[{"count":3,"href":"https:\/\/historiografija.hr\/index.php?rest_route=\/wp\/v2\/posts\/5125\/revisions"}],"predecessor-version":[{"id":5128,"href":"https:\/\/historiografija.hr\/index.php?rest_route=\/wp\/v2\/posts\/5125\/revisions\/5128"}],"wp:featuredmedia":[{"embeddable":true,"href":"https:\/\/historiografija.hr\/index.php?rest_route=\/wp\/v2\/media\/5014"}],"wp:attachment":[{"href":"https:\/\/historiografija.hr\/index.php?rest_route=%2Fwp%2Fv2%2Fmedia&parent=5125"}],"wp:term":[{"taxonomy":"category","embeddable":true,"href":"https:\/\/historiografija.hr\/index.php?rest_route=%2Fwp%2Fv2%2Fcategories&post=5125"},{"taxonomy":"post_tag","embeddable":true,"href":"https:\/\/historiografija.hr\/index.php?rest_route=%2Fwp%2Fv2%2Ftags&post=5125"}],"curies":[{"name":"wp","href":"https:\/\/api.w.org\/{rel}","templated":true}]}}