{"id":51198,"date":"2026-01-27T19:29:31","date_gmt":"2026-01-27T19:29:31","guid":{"rendered":"https:\/\/historiografija.hr\/?p=51198"},"modified":"2026-01-27T19:29:31","modified_gmt":"2026-01-27T19:29:31","slug":"izvan-formata-otti-berger","status":"publish","type":"post","link":"https:\/\/historiografija.hr\/?p=51198","title":{"rendered":"Izvan formata: Otti Berger"},"content":{"rendered":"\n<p>Povodom Me\u0111unarodnog dana sje\u0107anja na \u017ertve Holokausta emitiramo emisiju o Otti Berger &#8211; zaboravljenoj umjetnici Bauhausa iz Baranje.<br><br>&#8220;Moram znati da me niste zaboravili!&#8221; &#8211; rije\u010di su to Otti Berger iz posljednjeg pisma koje je 22. velja\u010de 1941. iz rodnog Zmajevca u Baranji poslala Isi Gropius. Njezini kolege iz glasovite umjetni\u010dke \u0161kole Bauhaus \u010dinili su sve kako bi talentirana i uspje\u0161na dizajnerica tekstila stigla u SAD. No, Otti Berger je u samom zavr\u0161etku rata, 1944. godine, odvedena iz rodne ku\u0107e u Auschwitz, gdje je ubijena.<\/p>\n\n\n\n<p>Tko je bila Otti Berger i za\u0161to o njoj znamo tako malo? Na to pitanje poku\u0161avamo odgovoriti u emisiji \u010dijih trideset minuta nije dovoljno da obuhvati \u017eivot i stvarala\u0161tvo umjetnice kojoj su se divili Alvar Aalto, Marcel Breuer i Walter Gropius.<\/p>\n\n\n\n<p>U emisiji<strong> Izvan formata<\/strong> u <strong>utorak, 27. sije\u010dnja<\/strong> na <strong>Tre\u0107em programu u 20:40&nbsp;<\/strong>govore dr. sc. <strong>Antonija Mlikota<\/strong>, autorica knjige o Otti Berger, te<strong> Darko \u0160imi\u010di\u0107<\/strong>, koji posljednjih godina predano radi na tome da se njezino ime ne zaboravi.<br><br>S kamerom smo bili i na ro\u0111endanu Otti Berger u zagreba\u010dkom parku koji nosi njezino ime, gdje je umjetnik i pjesnik <strong>Vlado Martek<\/strong> predstavio instalaciju &#8220;Dvostruko prisutna \/ Posveta Otti&#8221;.<\/p>\n\n\n\n<p>Urednica i voditeljica je<strong> Ivana Antunovi\u0107 Jovi\u0107.<\/strong><\/p>\n\n\n\n<hr class=\"wp-block-separator has-alpha-channel-opacity\"\/>\n\n\n\n<p>Izvor:<\/p>\n\n\n\n<p><a href=\"https:\/\/hrtprikazuje.hrt.hr\/hrt-preporucuje\/izvan-formata-otti-berger-12539816\">https:\/\/hrtprikazuje.hrt.hr\/hrt-preporucuje\/izvan-formata-otti-berger-12539816<\/a><\/p>\n\n\n\n<hr class=\"wp-block-separator has-alpha-channel-opacity\"\/>\n","protected":false},"excerpt":{"rendered":"","protected":false},"author":2,"featured_media":51199,"comment_status":"open","ping_status":"open","sticky":false,"template":"","format":"standard","meta":{"_acf_changed":false,"jetpack_post_was_ever_published":false,"_jetpack_newsletter_access":"","_jetpack_dont_email_post_to_subs":false,"_jetpack_newsletter_tier_id":0,"_jetpack_memberships_contains_paywalled_content":false,"_jetpack_memberships_contains_paid_content":false,"footnotes":"","jetpack_publicize_message":"","jetpack_publicize_feature_enabled":true,"jetpack_social_post_already_shared":true,"jetpack_social_options":{"image_generator_settings":{"template":"highway","default_image_id":0,"font":"","enabled":false},"version":2}},"categories":[3],"tags":[],"class_list":["post-51198","post","type-post","status-publish","format-standard","has-post-thumbnail","hentry","category-novosti"],"acf":{"facebook_opis":""},"jetpack_publicize_connections":[],"jetpack_featured_media_url":"https:\/\/i0.wp.com\/historiografija.hr\/wp-content\/uploads\/2026\/01\/izvan-formata.jpg?fit=1600%2C900&ssl=1","jetpack_sharing_enabled":true,"jetpack-related-posts":[],"_links":{"self":[{"href":"https:\/\/historiografija.hr\/index.php?rest_route=\/wp\/v2\/posts\/51198","targetHints":{"allow":["GET"]}}],"collection":[{"href":"https:\/\/historiografija.hr\/index.php?rest_route=\/wp\/v2\/posts"}],"about":[{"href":"https:\/\/historiografija.hr\/index.php?rest_route=\/wp\/v2\/types\/post"}],"author":[{"embeddable":true,"href":"https:\/\/historiografija.hr\/index.php?rest_route=\/wp\/v2\/users\/2"}],"replies":[{"embeddable":true,"href":"https:\/\/historiografija.hr\/index.php?rest_route=%2Fwp%2Fv2%2Fcomments&post=51198"}],"version-history":[{"count":1,"href":"https:\/\/historiografija.hr\/index.php?rest_route=\/wp\/v2\/posts\/51198\/revisions"}],"predecessor-version":[{"id":51200,"href":"https:\/\/historiografija.hr\/index.php?rest_route=\/wp\/v2\/posts\/51198\/revisions\/51200"}],"wp:featuredmedia":[{"embeddable":true,"href":"https:\/\/historiografija.hr\/index.php?rest_route=\/wp\/v2\/media\/51199"}],"wp:attachment":[{"href":"https:\/\/historiografija.hr\/index.php?rest_route=%2Fwp%2Fv2%2Fmedia&parent=51198"}],"wp:term":[{"taxonomy":"category","embeddable":true,"href":"https:\/\/historiografija.hr\/index.php?rest_route=%2Fwp%2Fv2%2Fcategories&post=51198"},{"taxonomy":"post_tag","embeddable":true,"href":"https:\/\/historiografija.hr\/index.php?rest_route=%2Fwp%2Fv2%2Ftags&post=51198"}],"curies":[{"name":"wp","href":"https:\/\/api.w.org\/{rel}","templated":true}]}}