{"id":51175,"date":"2026-01-26T22:13:51","date_gmt":"2026-01-26T22:13:51","guid":{"rendered":"https:\/\/historiografija.hr\/?p=51175"},"modified":"2026-01-26T22:14:37","modified_gmt":"2026-01-26T22:14:37","slug":"projekcije-filma-glas-hind-rajab","status":"publish","type":"post","link":"https:\/\/historiografija.hr\/?p=51175","title":{"rendered":"Projekcije filma \u201eGlas Hind Rajab\u201c"},"content":{"rendered":"\n<p>Dokukino KIC<\/p>\n\n\n\n<p>Preradovi\u0107eva 5, Zagreb<\/p>\n\n\n\n<p>25. i 31. sije\u010dnja 2026. u 19:00<\/p>\n\n\n\n<hr class=\"wp-block-separator has-alpha-channel-opacity\"\/>\n\n\n\n<p>29. sije\u010dnja, 2024. godine. Volonteri Crvenog polumjeseca u Palestini zaprimaju poziv za hitnu pomo\u0107. \u0160estogodi\u0161nja djevoj\u010dica zarobljena je u automobilu pod izraelskom paljbom i moli ih da je spase. Dok je poku\u0161avaju zadr\u017eati na liniji, volonteri razgovaraju s njom i \u010dine sve \u0161to mogu kako bi hitna pomo\u0107 stigla do nje. Djevoj\u010dica se zvala Hind Rajab. Ova duboko potresna dokudrama o slu\u010daju koji je odjeknuo svijetom mje\u0161avina je stvarne audiosnimke Hindina glasa i dramatizirane izvedbe, prikazana iz perspektive volontera hitne slu\u017ebe koji su zaprimili poziv. Snimljen s namjerom \u0161irenja svijesti o genocidu nad Palestincima i kako bi pridonio globalnom pozivu na akciju, film je u Veneciji ovjen\u010dan nizom nagrada, uklju\u010duju\u0107i Veliku nagradu \u017eirija.<\/p>\n\n\n\n<p>Scenarij: Kaouther Ben Hania<\/p>\n\n\n\n<p>Uloge: Saja Kilani, Motaz Malhees, Clara Khoury, Amer Hlehel<\/p>\n\n\n\n<hr class=\"wp-block-separator has-alpha-channel-opacity\"\/>\n\n\n\n<p><strong>Festivali i nagrade:<\/strong><\/p>\n\n\n\n<p>VENECIJANSKI FILMSKI FESTIVAL 2025 \u2013 <strong>Velika nagrada \u017eirija, nagrada Sorriso Diverso Venezia za najbolji strani film, nagrada Croce Rossa Italiana, nagrada Arca CinemaGiovani \u2013 najbolji film Venecije 82, nagrada UNIMED, nagrada Edipo Re, XXXVII Prix CICT-UNESCO Enrico Fulchignoni \u2013 Medaglia Fellini 2025, nagrada Leoncino d\u2019Oro<\/strong> \/ ME\u0110UNARODNI FILMSKI FESTIVAL U TORONTU 2025 \/ ME\u0110UNARODNI FILMSKI FESTIVAL U SAN SEBASTIANU 2025 \/ ZAGREB FILM FESTIVAL 2025<\/p>\n\n\n\n<hr class=\"wp-block-separator has-alpha-channel-opacity\"\/>\n\n\n\n<p><strong>Recenzije:<\/strong><\/p>\n\n\n\n<p>\u201cFilm je mo\u0107, odnosno u ovom slu\u010daju glas ne samo za Hind Rajab, ve\u0107 za sve pojedince \u010dija \u017eivotna pri\u010da, odnosno borba, posebice u okru\u017eenju rata, nikad ne smije biti zaboravljena.\u201d Jure Pepur, Kinoljubac<\/p>\n\n\n\n<p>\u201cFilm u maniri dokudrame koristi stvarne audio snimke poziva Hind Rajab, koje su toliko sna\u017ene i potresne da nam slika u\u017easa nije potrebna \u2013 dovoljan je glas.\u201d Dora Pavkovi\u0107, Lupiga<\/p>\n\n\n\n<hr class=\"wp-block-separator has-alpha-channel-opacity\"\/>\n\n\n\n<p>Izvor:<\/p>\n\n\n\n<figure class=\"wp-block-embed is-type-wp-embed is-provider-dokukino-kic-kino-sa-stavom wp-block-embed-dokukino-kic-kino-sa-stavom\"><div class=\"wp-block-embed__wrapper\">\n<blockquote class=\"wp-embedded-content\" data-secret=\"hXbA3PQYYS\"><a href=\"https:\/\/dokukino.net\/film\/glas-hind-rajab\/2026-01-31\/\">Glas Hind Rajab<\/a><\/blockquote><iframe loading=\"lazy\" class=\"wp-embedded-content\" sandbox=\"allow-scripts\" security=\"restricted\" style=\"position: absolute; visibility: hidden;\" title=\"&#8220;Glas Hind Rajab&#8221; &#8212; Dokukino KIC - Kino sa stavom\" src=\"https:\/\/dokukino.net\/film\/glas-hind-rajab\/2026-01-31\/embed\/#?secret=bnB3IzADoC#?secret=hXbA3PQYYS\" data-secret=\"hXbA3PQYYS\" width=\"600\" height=\"338\" frameborder=\"0\" marginwidth=\"0\" marginheight=\"0\" scrolling=\"no\"><\/iframe>\n<\/div><\/figure>\n\n\n\n<hr class=\"wp-block-separator has-alpha-channel-opacity\"\/>\n","protected":false},"excerpt":{"rendered":"","protected":false},"author":2,"featured_media":51176,"comment_status":"open","ping_status":"open","sticky":false,"template":"","format":"standard","meta":{"_acf_changed":false,"jetpack_post_was_ever_published":false,"_jetpack_newsletter_access":"","_jetpack_dont_email_post_to_subs":false,"_jetpack_newsletter_tier_id":0,"_jetpack_memberships_contains_paywalled_content":false,"_jetpack_memberships_contains_paid_content":false,"footnotes":"","jetpack_publicize_message":"","jetpack_publicize_feature_enabled":true,"jetpack_social_post_already_shared":true,"jetpack_social_options":{"image_generator_settings":{"template":"highway","default_image_id":0,"font":"","enabled":false},"version":2}},"categories":[13,3],"tags":[],"class_list":["post-51175","post","type-post","status-publish","format-standard","has-post-thumbnail","hentry","category-filmovi-i-serije","category-novosti"],"acf":{"facebook_opis":""},"jetpack_publicize_connections":[],"jetpack_featured_media_url":"https:\/\/i0.wp.com\/historiografija.hr\/wp-content\/uploads\/2026\/01\/hind_rajab.jpg?fit=317%2C450&ssl=1","jetpack_sharing_enabled":true,"jetpack-related-posts":[],"_links":{"self":[{"href":"https:\/\/historiografija.hr\/index.php?rest_route=\/wp\/v2\/posts\/51175","targetHints":{"allow":["GET"]}}],"collection":[{"href":"https:\/\/historiografija.hr\/index.php?rest_route=\/wp\/v2\/posts"}],"about":[{"href":"https:\/\/historiografija.hr\/index.php?rest_route=\/wp\/v2\/types\/post"}],"author":[{"embeddable":true,"href":"https:\/\/historiografija.hr\/index.php?rest_route=\/wp\/v2\/users\/2"}],"replies":[{"embeddable":true,"href":"https:\/\/historiografija.hr\/index.php?rest_route=%2Fwp%2Fv2%2Fcomments&post=51175"}],"version-history":[{"count":2,"href":"https:\/\/historiografija.hr\/index.php?rest_route=\/wp\/v2\/posts\/51175\/revisions"}],"predecessor-version":[{"id":51178,"href":"https:\/\/historiografija.hr\/index.php?rest_route=\/wp\/v2\/posts\/51175\/revisions\/51178"}],"wp:featuredmedia":[{"embeddable":true,"href":"https:\/\/historiografija.hr\/index.php?rest_route=\/wp\/v2\/media\/51176"}],"wp:attachment":[{"href":"https:\/\/historiografija.hr\/index.php?rest_route=%2Fwp%2Fv2%2Fmedia&parent=51175"}],"wp:term":[{"taxonomy":"category","embeddable":true,"href":"https:\/\/historiografija.hr\/index.php?rest_route=%2Fwp%2Fv2%2Fcategories&post=51175"},{"taxonomy":"post_tag","embeddable":true,"href":"https:\/\/historiografija.hr\/index.php?rest_route=%2Fwp%2Fv2%2Ftags&post=51175"}],"curies":[{"name":"wp","href":"https:\/\/api.w.org\/{rel}","templated":true}]}}