{"id":51172,"date":"2026-01-26T22:05:13","date_gmt":"2026-01-26T22:05:13","guid":{"rendered":"https:\/\/historiografija.hr\/?p=51172"},"modified":"2026-01-26T22:05:13","modified_gmt":"2026-01-26T22:05:13","slug":"spomen-setnja-povodom-medunarodnog-dana-sjecanja-na-zrtve-holokausta-27-sijecnja-2026","status":"publish","type":"post","link":"https:\/\/historiografija.hr\/?p=51172","title":{"rendered":"Spomen-\u0161etnja povodom Me\u0111unarodnog dana sje\u0107anja na \u017ertve Holokausta 27. sije\u010dnja 2026."},"content":{"rendered":"\n<p><em>Documenta<\/em> \u2013 Centar za suo\u010davanje s pro\u0161lo\u0161\u0107u, Antifa\u0161isti\u010dka liga RH i Srpsko narodno vije\u0107e pozivaju vas na <strong>spomen-\u0161etnju<\/strong> prigodom <strong>obilje\u017eavanja Me\u0111unarodnog dana sje\u0107anja na \u017ertve Holokausta<\/strong>, 27. sije\u010dnja 2026.<\/p>\n\n\n\n<p>\u0160etnja \u0107e zapo\u010deti u 11 sati, na mjestu nekada\u0161nje sinagoge u Pra\u0161koj ulici 7, gdje \u0107e se okupljenima obratiti Vesna Ter\u0161eli\u010d, voditeljica <em>Documente<\/em>, Milorad Pupovac, saborski zastupnik, te Tena Banjeglav, povjesni\u010darka.<\/p>\n\n\n\n<p>Okupljeni \u0107e potom nastaviti u smjeru juga, do Spomenika \u017ertvama Holokausta i usta\u0161kog re\u017eima na Glavnom kolodvoru. Ondje \u0107e govore odr\u017eati predsjednik Antifa\u0161isti\u010dke lige Zoran Pusi\u0107, i predstavnik Grada Zagreba.<\/p>\n\n\n\n<p>Pridru\u017eite nam se kako bismo skupa podsjetili na patnju ljudi i zlo\u010dine po\u010dinjene tijekom Drugog svjetskog rata, te na \u010din ru\u0161enja zagreba\u010dke sinagoge pod Usta\u0161kim re\u017eimom 1942. Posebno je va\u017eno njegovati sje\u0107anja i odr\u017eavati dijalog u vremenima poja\u010dane dru\u0161tvene netrpeljivosti.<\/p>\n\n\n\n<p>Radujemo se va\u0161em dolasku!<\/p>\n\n\n\n<p>Antifa\u0161isti\u010dka liga Republike Hrvatske<\/p>\n\n\n\n<p><em>Documenta<\/em> \u2013 Centar za suo\u010davanje s pro\u0161lo\u0161\u0107u<\/p>\n\n\n\n<p>Srpsko narodno vije\u0107e<\/p>\n\n\n\n<hr class=\"wp-block-separator has-alpha-channel-opacity\"\/>\n\n\n\n<p>Izvor:<\/p>\n\n\n\n<figure class=\"wp-block-embed is-type-wp-embed is-provider-documenta wp-block-embed-documenta\"><div class=\"wp-block-embed__wrapper\">\n<blockquote class=\"wp-embedded-content\" data-secret=\"8hKR1m1fVr\"><a href=\"https:\/\/documenta.hr\/novosti\/spomen-setnja-povodom-medunarodnog-dana-sjecanja-na-zrtve-holokausta-27-sijecnja\/\">Spomen-\u0161etnja povodom Me\u0111unarodnog dana sje\u0107anja na \u017ertve Holokausta 27. sije\u010dnja<\/a><\/blockquote><iframe loading=\"lazy\" class=\"wp-embedded-content\" sandbox=\"allow-scripts\" security=\"restricted\" style=\"position: absolute; visibility: hidden;\" title=\"&#8220;Spomen-\u0161etnja povodom Me\u0111unarodnog dana sje\u0107anja na \u017ertve Holokausta 27. sije\u010dnja&#8221; &#8212; Documenta\" src=\"https:\/\/documenta.hr\/novosti\/spomen-setnja-povodom-medunarodnog-dana-sjecanja-na-zrtve-holokausta-27-sijecnja\/embed\/#?secret=8hKR1m1fVr\" data-secret=\"8hKR1m1fVr\" width=\"600\" height=\"338\" frameborder=\"0\" marginwidth=\"0\" marginheight=\"0\" scrolling=\"no\"><\/iframe>\n<\/div><\/figure>\n\n\n\n<hr class=\"wp-block-separator has-alpha-channel-opacity\"\/>\n","protected":false},"excerpt":{"rendered":"","protected":false},"author":2,"featured_media":51173,"comment_status":"open","ping_status":"open","sticky":false,"template":"","format":"standard","meta":{"_acf_changed":false,"jetpack_post_was_ever_published":false,"_jetpack_newsletter_access":"","_jetpack_dont_email_post_to_subs":false,"_jetpack_newsletter_tier_id":0,"_jetpack_memberships_contains_paywalled_content":false,"_jetpack_memberships_contains_paid_content":false,"footnotes":"","jetpack_publicize_message":"","jetpack_publicize_feature_enabled":true,"jetpack_social_post_already_shared":true,"jetpack_social_options":{"image_generator_settings":{"template":"highway","default_image_id":0,"font":"","enabled":false},"version":2}},"categories":[3],"tags":[],"class_list":["post-51172","post","type-post","status-publish","format-standard","has-post-thumbnail","hentry","category-novosti"],"acf":{"facebook_opis":""},"jetpack_publicize_connections":[],"jetpack_featured_media_url":"https:\/\/i0.wp.com\/historiografija.hr\/wp-content\/uploads\/2026\/01\/Documenta_2026.jpg?fit=937%2C625&ssl=1","jetpack_sharing_enabled":true,"jetpack-related-posts":[],"_links":{"self":[{"href":"https:\/\/historiografija.hr\/index.php?rest_route=\/wp\/v2\/posts\/51172","targetHints":{"allow":["GET"]}}],"collection":[{"href":"https:\/\/historiografija.hr\/index.php?rest_route=\/wp\/v2\/posts"}],"about":[{"href":"https:\/\/historiografija.hr\/index.php?rest_route=\/wp\/v2\/types\/post"}],"author":[{"embeddable":true,"href":"https:\/\/historiografija.hr\/index.php?rest_route=\/wp\/v2\/users\/2"}],"replies":[{"embeddable":true,"href":"https:\/\/historiografija.hr\/index.php?rest_route=%2Fwp%2Fv2%2Fcomments&post=51172"}],"version-history":[{"count":1,"href":"https:\/\/historiografija.hr\/index.php?rest_route=\/wp\/v2\/posts\/51172\/revisions"}],"predecessor-version":[{"id":51174,"href":"https:\/\/historiografija.hr\/index.php?rest_route=\/wp\/v2\/posts\/51172\/revisions\/51174"}],"wp:featuredmedia":[{"embeddable":true,"href":"https:\/\/historiografija.hr\/index.php?rest_route=\/wp\/v2\/media\/51173"}],"wp:attachment":[{"href":"https:\/\/historiografija.hr\/index.php?rest_route=%2Fwp%2Fv2%2Fmedia&parent=51172"}],"wp:term":[{"taxonomy":"category","embeddable":true,"href":"https:\/\/historiografija.hr\/index.php?rest_route=%2Fwp%2Fv2%2Fcategories&post=51172"},{"taxonomy":"post_tag","embeddable":true,"href":"https:\/\/historiografija.hr\/index.php?rest_route=%2Fwp%2Fv2%2Ftags&post=51172"}],"curies":[{"name":"wp","href":"https:\/\/api.w.org\/{rel}","templated":true}]}}