{"id":51169,"date":"2026-01-26T21:59:46","date_gmt":"2026-01-26T21:59:46","guid":{"rendered":"https:\/\/historiografija.hr\/?p=51169"},"modified":"2026-01-26T21:59:46","modified_gmt":"2026-01-26T21:59:46","slug":"natasa-wodin-ona-je-dosla-iz-mariupolja","status":"publish","type":"post","link":"https:\/\/historiografija.hr\/?p=51169","title":{"rendered":"Nata\u0161a Wodin, \u201eOna je do\u0161la iz Mariupolja\u201c"},"content":{"rendered":"\n<p><em>Ona je do\u0161la iz Mariupolja<\/em> je izvanredna knjiga o potrazi za tragovima. Natascha Wodin prati \u017eivot svoje majke Ukrajinke, koja je do\u0161la iz lu\u010dkog grada Mariupolja i sa suprugom je 1943. deportirana u Njema\u010dku kao \u201cisto\u010dna radnica\u201d. Ona pri\u010da opresivnu, \u010dak uznemiruju\u0107e intenzivnu pri\u010du o dodatku holokausta, fusnoti u povijesti: prisilnom radu u Tre\u0107em Reichu.<\/p>\n\n\n\n<hr class=\"wp-block-separator has-alpha-channel-opacity\"\/>\n\n\n\n<p><em>Ova knjiga je objavljena u sklopu<\/em> <em>izdava\u010dkog projekta \u201eBiblioteka Bijeg\u201c koji je ostvaren uz finansijsku podr\u0161ku Evropske komisije u sklopu programa Kreativna Evropa. Knjige izra\u017eavaju isklju\u010divo stajali\u0161te autora i Evropska komisija se ne mo\u017ee smatrati odgovornom za upotrebu informacija sadr\u017eanih u knjigama.&nbsp;<\/em><\/p>\n\n\n\n<hr class=\"wp-block-separator has-alpha-channel-opacity\"\/>\n\n\n\n<p>Mjesto: Sarajevo<\/p>\n\n\n\n<p>Nakladnik: Connectum<\/p>\n\n\n\n<p>Godina: 2021<\/p>\n\n\n\n<p>Broj stranica: 303<\/p>\n\n\n\n<p>Prijevod: Mira \u0110or\u0111evi\u0107<\/p>\n\n\n\n<hr class=\"wp-block-separator has-alpha-channel-opacity\"\/>\n\n\n\n<p>Izvor:<\/p>\n\n\n\n<p><a href=\"https:\/\/kupiknjigu.ba\/proizvod\/ona-je-dosla-iz-mariupolja\">https:\/\/kupiknjigu.ba\/proizvod\/ona-je-dosla-iz-mariupolja<\/a><\/p>\n\n\n\n<hr class=\"wp-block-separator has-alpha-channel-opacity\"\/>\n","protected":false},"excerpt":{"rendered":"","protected":false},"author":2,"featured_media":51170,"comment_status":"open","ping_status":"open","sticky":false,"template":"","format":"standard","meta":{"_acf_changed":false,"jetpack_post_was_ever_published":false,"_jetpack_newsletter_access":"","_jetpack_dont_email_post_to_subs":false,"_jetpack_newsletter_tier_id":0,"_jetpack_memberships_contains_paywalled_content":false,"_jetpack_memberships_contains_paid_content":false,"footnotes":"","jetpack_publicize_message":"","jetpack_publicize_feature_enabled":true,"jetpack_social_post_already_shared":true,"jetpack_social_options":{"image_generator_settings":{"template":"highway","default_image_id":0,"font":"","enabled":false},"version":2}},"categories":[8,3],"tags":[],"class_list":["post-51169","post","type-post","status-publish","format-standard","has-post-thumbnail","hentry","category-knjige","category-novosti"],"acf":{"facebook_opis":""},"jetpack_publicize_connections":[],"jetpack_featured_media_url":"https:\/\/i0.wp.com\/historiografija.hr\/wp-content\/uploads\/2026\/01\/Wodin.jpg?fit=1071%2C1704&ssl=1","jetpack_sharing_enabled":true,"jetpack-related-posts":[],"_links":{"self":[{"href":"https:\/\/historiografija.hr\/index.php?rest_route=\/wp\/v2\/posts\/51169","targetHints":{"allow":["GET"]}}],"collection":[{"href":"https:\/\/historiografija.hr\/index.php?rest_route=\/wp\/v2\/posts"}],"about":[{"href":"https:\/\/historiografija.hr\/index.php?rest_route=\/wp\/v2\/types\/post"}],"author":[{"embeddable":true,"href":"https:\/\/historiografija.hr\/index.php?rest_route=\/wp\/v2\/users\/2"}],"replies":[{"embeddable":true,"href":"https:\/\/historiografija.hr\/index.php?rest_route=%2Fwp%2Fv2%2Fcomments&post=51169"}],"version-history":[{"count":1,"href":"https:\/\/historiografija.hr\/index.php?rest_route=\/wp\/v2\/posts\/51169\/revisions"}],"predecessor-version":[{"id":51171,"href":"https:\/\/historiografija.hr\/index.php?rest_route=\/wp\/v2\/posts\/51169\/revisions\/51171"}],"wp:featuredmedia":[{"embeddable":true,"href":"https:\/\/historiografija.hr\/index.php?rest_route=\/wp\/v2\/media\/51170"}],"wp:attachment":[{"href":"https:\/\/historiografija.hr\/index.php?rest_route=%2Fwp%2Fv2%2Fmedia&parent=51169"}],"wp:term":[{"taxonomy":"category","embeddable":true,"href":"https:\/\/historiografija.hr\/index.php?rest_route=%2Fwp%2Fv2%2Fcategories&post=51169"},{"taxonomy":"post_tag","embeddable":true,"href":"https:\/\/historiografija.hr\/index.php?rest_route=%2Fwp%2Fv2%2Ftags&post=51169"}],"curies":[{"name":"wp","href":"https:\/\/api.w.org\/{rel}","templated":true}]}}