{"id":5116,"date":"2017-07-01T14:56:21","date_gmt":"2017-07-01T14:56:21","guid":{"rendered":"http:\/\/historiografija.hr\/?p=5116"},"modified":"2017-07-01T14:56:58","modified_gmt":"2017-07-01T14:56:58","slug":"izlozba-drugo-sjecanje-gostuje-u-centru-za-kulturnu-dekontaminaciju-u-beogradu","status":"publish","type":"post","link":"https:\/\/historiografija.hr\/?p=5116","title":{"rendered":"Izlo\u017eba &#8220;D(R)UGO SJE\u0106ANJE&#8221; gostuje u Centru za kulturnu dekontaminaciju u Beogradu"},"content":{"rendered":"<p>Od 3. do 10. srpnja 2017. u Centru za kulturnu dekontaminaciju u Beogradu gostovat \u0107e izlo\u017eba \u201cD(r)ugo sje\u0107anje\u201d izvorno realizirana u HDD galeriji u Zagrebu u travnju ove godine.<\/p>\n<p>&nbsp;<\/p>\n<p>&#8212;<\/p>\n<p>&nbsp;<\/p>\n<p>U ponedjeljak 3. srpnja 2017. u 20 sati u CENTRU ZA KULTURNU DEKONTAMINACIJU u BEOGRADU otvara se izlo\u017eba DRUGO SJE\u0106ANJE, koja je izvorno realizirana u HDD galeriji u travnju ove godine, uklju\u010duje radove autora i autorica kao \u0161to su Ivan Benussi, Damir Brali\u0107 &amp; Aleksandar Kova\u010d, Barbara Blasin, Katarina Duda, Damir Gamulin, Ante Filipovi\u0107 Gr\u010di\u0107, Igor Grubi\u0107, Mirko Ili\u0107, Sanja Ivekovi\u0107, David Kabalin, Zlatko Kopljar, Dejan Kr\u0161i\u0107, Boris Ljubi\u010di\u0107, MAZ, Tonka Malekovi\u0107, Niko Mihaljevi\u0107, Petra Mili\u010dki, Negra Nigoevi\u0107, Matija Raos, Vladimir Stra\u017ea, studio Bo\u017eesa\u010duvaj, Sa\u0161a \u0160impraga, Nedjeljko \u0160poljar, Trio Sarajevo, Katarina Zlatec, \u017deljko Zorica, te niza drugih.<\/p>\n<p>&nbsp;<\/p>\n<p>Izlo\u017eba predstavlja dizajnerske, ali i umjetni\u010dke radove koji tematiziraju kulturu sje\u0107anja, odnos prema civilnim \u017ertvama ratova, antifa\u0161izmu i povijesti ratnog nasilja.\u00a0Dizajn i umjetnost ovdje su izravno dovedeni u vezu s eti\u010dkim odnosno na\u010delnim pitanjem kako se sje\u0107amo i kako shva\u0107amo na\u0161u modernu povijest, konkretno \u0161to nam zna\u010de: holokaust, genocid, civilne \u017ertve rata, ideolo\u0161ki protivnici, Drugi svjetski rat, rat na podru\u010dju biv\u0161e Jugoslavije devedesetih te odnos kolektivnog i individualnog identiteta. Zajedni\u010dki nazivnik radova je kriti\u010dko promi\u0161ljanje ne samo o onome \u0161to se u povijesti dogodilo ve\u0107 i o dana\u0161njem odnosu institucija i dru\u0161tva prema tim doga\u0111ajima.<\/p>\n<p>&nbsp;<\/p>\n<p>Kroz grafi\u010dko oblikovanje ogla\u0161avanja komemorativnih skupova, umjetni\u010dke intervencije u javnom prostoru, virtualne arhive na internetskim platformama i druge medije publici se nudi da ponovo promisle i preispitaju stav o povijesti koju problematiziramo. Izlo\u017eba <em>D(r)ugo sje\u0107anje<\/em> uklju\u010duje plakate i druga sredstva ogla\u0161avanja razli\u010ditih komemorativnih doga\u0111anja, umjetni\u010dke intervencije, instalacije i javne intervencije na komemorativnim lokacijama. Autori pripadaju razli\u010ditim generacijama dizajnera i umjetnika, a radovi su nastali u vremenskom rasponu od 20-ak godina.<\/p>\n<p>&nbsp;<\/p>\n<p><strong>Iz teksta Marka Goluba <em>Mir ne\u0107e donijeti plakati<\/em>:<br \/>\n<\/strong>Kako bi se teme nagovje\u0161tene u toj inicijalnoj kolekciji plakata kontekstualizirale i dovele u vezu sa sli\u010dnim ili bliskim praksama, izbor smo, me\u0111utim, a\u017eurirali i pro\u0161irili na na\u010din da obuhvati i sje\u0107anje na recentna ratna zbivanja, ali ujedno uklju\u010di i daleko \u0161iri spektar medija i praksi kao \u0161to su medijske kampanje, online arhivi, intervencije i akcije u javnom prostoru, intervencije u medijskom prostoru te kontinuirane umjetni\u010dke platforme. Zajedni\u010dko svim predstavljenim projektima je da ni na koji na\u010din nisu nastali\u00a0u okrilju slu\u017ebene dr\u017eavne politike, ve\u0107ina ih nije neposredno vezana ni za bilo kakav institucionalni kontekst \u2013 nastali su na osobnu inicijativu njihovih autora, ili dolaze iz sektora civilnog dru\u0161tva, ili su pak realizirani kao popratni materijal kulturnih doga\u0111anja ali funkcioniraju autonomno od njega, kao sna\u017ean komunikacijski iskaz.\u00a0Inicijalna selekcija ra\u0111ena za ovu izlo\u017ebu ujedno predstavlja i njen dosad najmanje eksponiran segment, dijelom i zato \u0161to je mahom povezan s obilje\u017eavanjem nekad slu\u017ebenih, a danas gotovo posve marginaliziranih komemoracija antifa\u0161isti\u010dke borbe i masovnih stradanja u zloglasnoj NDH. \u0160tovi\u0161e, plakati spomenutih mladih autora ostaju u sjeni ruina spomenika NOB-a sustavno uni\u0161tavanih ili devastiranih za vrijeme i nakon prethodnog rata te svjesno ili nesvjesno evociraju i sje\u0107anje i zaborav u isto vrijeme. Mo\u017eda ba\u0161 zato njihove dizajnerske interpretacije u potpunosti izbjegavaju komemorativnu ikonografiju ranijih razdoblja, ali za\u010dudo \u010dak i vizualne znakove koji nose neposredno \u010ditljivu asocijaciju na ratna stradanja te umjesto toga grade neki kompleksniji sustav \u010ditanja i tuma\u010denja.<\/p>\n<p>&nbsp;<\/p>\n<p><strong>Iz teksta Sandre Uskokovi\u0107:<br \/>\n<\/strong>Radovi na izlo\u017ebi <em>D(r)ugo sje\u0107anje<\/em> istra\u017euju kreativni potencijal vremena i mjesta, memorije i zaborava. Ovi oblici vizualne komunikacije propituju dominantne re\u017eime memorije kroz stvaranje prostora unutar kojeg analiziraju povijesno-dru\u0161tvene odnose, ali i zami\u0161ljaju nove budu\u0107nosti i zajednice. Prizivaju\u0107i u fokus unutarnje i vanjsko kretanje memorije pomo\u0107u plakata, medija ogla\u0161avanja i javnih intervencija, autori nam otkrivaju nedovoljno istra\u017een odnos izme\u0111u utjelovljene i zajedni\u010dke memorije u kojem \u201cranjena mjesta\u201d postaju mobilna, porozna i utjelovljena u kontekstu iskustva, ali istovremeno i povezana sa sada\u0161njim mjestima, vremenom i ljudima. (\u2026)<\/p>\n<p>&nbsp;<\/p>\n<p>Ova izlo\u017eba vra\u0107a nas na \u201cranjena mjesta\u201d i ljude koji su svjedo\u010dili nasilju i boli, a koja su kroz izvedbeni \u010din postala \u201cdruga\u201d mjesta i ljudi o kojima brinemo. Kontekstualizirana \u017eivu\u0107om memorijom i emocionalnim sponama, ona se u kona\u010dnici transformiraju u \u201csigurna mjesta\u201d osobne samorefleksije, otkri\u0107a i promjene. <em>D(r)ugo sje\u0107anje<\/em> odmi\u010de nas od politike zaborava i pribli\u017eava politici sje\u0107anja, ukazuju\u0107i na njeno nu\u017eno otvaranje kao teme u socijalnom i kulturnom prostoru. Na\u0161e ideolo\u0161ki podijeljeno dru\u0161tvo pro\u017eeto je kontradiktornim perspektivama prema zajedni\u010dkoj pro\u0161losti, pa nam se va\u017enost ove izlo\u017ebe, osim u njenoj refleksiji dru\u0161tva koje je iskusilo nasilje i gubitak, otkriva i kroz prepoznavanje i priznavanje intimnog odnosa s \u201cranjenim mjestima\u201d kao doprinosu radikalnijoj otvorenosti dru\u0161tva i \u201cmjestima katarze\u201d.<\/p>\n<p>&nbsp;<\/p>\n<p>&nbsp;<\/p>\n<p><strong>D(R)UGO SJE\u0106ANJE (3. \u2013 10.7.2017.)<br \/>\nCentar za kulturnu dekontaminaciju,<br \/>\nBir\u010daninova 21, 11000 Beograd<\/strong><\/p>\n<p><strong>Kustosi izlo\u017ebe i autori izbora radova: <\/strong>Barbara Blasin, Marko Golub, Aneta Lali\u0107, prema izvornoj koncepciji Barbare Blasin i Anete Lali\u0107<br \/>\n<strong>Autori:<\/strong> Ivan Benussi, Barbara Blasin, Damir Brali\u0107 &amp; Aleksandar Kova\u010d, Katarina Duda, Damir Gamulin, Ante Filipovi\u0107 Gr\u010di\u0107, Igor Grubi\u0107, Mirko Ili\u0107, Sanja Ivekovi\u0107, David Kabalin, Zlatko Kopljar, Dejan Kr\u0161i\u0107, Boris Ljubi\u010di\u0107, Tonka Malekovi\u0107, MAZ, Niko Mihaljevi\u0107, Petra Mili\u010dki, Negra Nigoevi\u0107, Matija Raos, Vladimir Stra\u017ea, studio Bo\u017eesa\u010duvaj (Albino Ur\u0161i\u0107, Boris Kuk), Sa\u0161a \u0160impraga, Nedjeljko \u0160poljar, Trio Sarajevo (Bojan Had\u017eihalilovi\u0107, Dalida Had\u017eihalilovi\u0107, Lejla Mulabegovi\u0107 Hatt), Katarina Zlatec, \u017deljko Zorica<br \/>\n<strong>Tekstovi<\/strong>: Marko Golub, Sandra Uskokovi\u0107<br \/>\n<strong>Grafi\u010dki dizajn<\/strong>: Barbara Blasin<\/p>\n<p><strong>Organizacija<\/strong>: Hrvatsko dizajnersko dru\u0161tvo \/ HDD galerija,\u00a0Srpsko narodno\u00a0vije\u0107e<br \/>\n<strong>Partner<\/strong>: Centar za kulturnu dekontaminaciju, Beograd<\/p>\n<p><strong>Hvala<\/strong>: Muzejskom dokumentacijskom centru, Ton\u010diki Cukrov, Ani Janjatovi\u0107 Zorica, Bojanu Had\u017eihalilovi\u0107u, HUB 385, Arhivu Srba u Hrvatskoj, Muzeju primenjene umetnosti u Beogradu, Ljiljani Mileti\u0107 Abramovi\u0107, Borutu Vildu i svim autorima<\/p>\n<p>&nbsp;<\/p>\n<p>Izlo\u017ebu je podr\u017ealo Ministarstvo kulture Republike Hrvatske i Gradski ured za kulturu, obrazovanje i sport Grada Zagreba. Program je sufinanciran sredstvima Zaklade Kultura nova.<\/p>\n<p>&nbsp;<\/p>\n<p>Izvor: <a href=\"http:\/\/dizajn.hr\/blog\/izlozba-drugo-sjecanje-gostuje-u-beogradskom-centru-za-kulturnu-dekontaminaciju\/\">http:\/\/dizajn.hr\/blog\/izlozba-drugo-sjecanje-gostuje-u-beogradskom-centru-za-kulturnu-dekontaminaciju\/<\/a><\/p>\n<p>&nbsp;<\/p>\n<p>&nbsp;<\/p>\n","protected":false},"excerpt":{"rendered":"","protected":false},"author":2,"featured_media":5117,"comment_status":"open","ping_status":"open","sticky":false,"template":"","format":"standard","meta":{"_acf_changed":false,"jetpack_post_was_ever_published":false,"_jetpack_newsletter_access":"","_jetpack_dont_email_post_to_subs":false,"_jetpack_newsletter_tier_id":0,"_jetpack_memberships_contains_paywalled_content":false,"_jetpack_memberships_contains_paid_content":false,"footnotes":"","jetpack_publicize_message":"","jetpack_publicize_feature_enabled":true,"jetpack_social_post_already_shared":true,"jetpack_social_options":{"image_generator_settings":{"template":"highway","default_image_id":0,"font":"","enabled":false},"version":2}},"categories":[10,3],"tags":[],"class_list":["post-5116","post","type-post","status-publish","format-standard","has-post-thumbnail","hentry","category-izlozbe","category-novosti"],"acf":{"facebook_opis":""},"jetpack_publicize_connections":[],"jetpack_featured_media_url":"https:\/\/i0.wp.com\/historiografija.hr\/wp-content\/uploads\/2017\/07\/za-najavu-.jpg?fit=900%2C600&ssl=1","jetpack_sharing_enabled":true,"jetpack-related-posts":[{"id":52575,"url":"https:\/\/historiografija.hr\/?p=52575","url_meta":{"origin":5116,"position":0},"title":"Izlo\u017eba dje\u010djih radova \u201cU po\u010detku bija\u0161e crte\u017e\u2026\u201d","author":"Branimir Jankovi\u0107","date":"21. travnja 2026.","format":false,"excerpt":"U subotu, 25. travnja 2026. u 11 sati u Galeriji Klovi\u0107evi dvori sve\u010dano otvaramo izlo\u017ebu dje\u010djih radova pod nazivom U po\u010detku bija\u0161e crte\u017e\u2026 Radovi su nastali u sklopu likovnih radionica uz izlo\u017ebu U po\u010detku bija\u0161e kraljevstvo \u2013 izlo\u017eba povodom 1100 godina Hrvatskoga Kraljevstva. Na brojnim likovnim radionicama, uz \u0161kolsku djecu,\u2026","rel":"","context":"U &quot;Izlo\u017ebe&quot;","block_context":{"text":"Izlo\u017ebe","link":"https:\/\/historiografija.hr\/?cat=10"},"img":{"alt_text":"","src":"https:\/\/i0.wp.com\/historiografija.hr\/wp-content\/uploads\/2025\/10\/Klovicevi_sluzbeni-plakat.png?fit=840%2C1200&ssl=1&resize=350%2C200","width":350,"height":200,"srcset":"https:\/\/i0.wp.com\/historiografija.hr\/wp-content\/uploads\/2025\/10\/Klovicevi_sluzbeni-plakat.png?fit=840%2C1200&ssl=1&resize=350%2C200 1x, https:\/\/i0.wp.com\/historiografija.hr\/wp-content\/uploads\/2025\/10\/Klovicevi_sluzbeni-plakat.png?fit=840%2C1200&ssl=1&resize=525%2C300 1.5x, https:\/\/i0.wp.com\/historiografija.hr\/wp-content\/uploads\/2025\/10\/Klovicevi_sluzbeni-plakat.png?fit=840%2C1200&ssl=1&resize=700%2C400 2x"},"classes":[]},{"id":52505,"url":"https:\/\/historiografija.hr\/?p=52505","url_meta":{"origin":5116,"position":1},"title":"Izlo\u017eba &#8220;Eschenstock \/ Jasenov prut&#8221;","author":"Branimir Jankovi\u0107","date":"17. travnja 2026.","format":false,"excerpt":"Srpsko narodno vije\u0107e (SNV) i Vizura aperta postavljaju izlo\u017ebu \u0161vicarskog slikara Velimira Ili\u0161evi\u0107a: Eschenstock \/ Jasenov prut. Izlo\u017eba se uz prisustvo autora otvara povodom 81. godi\u0161njice proboja logora\u0161a iz usta\u0161kog logora smrti Jasenovac 22. aprila 2026. u 19 sati u Srpskom kulturnom centru (SKC) u Preradovi\u0107evoj ulici 21 u Zagrebu.\u2026","rel":"","context":"U &quot;Izlo\u017ebe&quot;","block_context":{"text":"Izlo\u017ebe","link":"https:\/\/historiografija.hr\/?cat=10"},"img":{"alt_text":"","src":"https:\/\/i0.wp.com\/historiografija.hr\/wp-content\/uploads\/2026\/04\/Jasenov_prut.jpg?fit=1024%2C640&ssl=1&resize=350%2C200","width":350,"height":200,"srcset":"https:\/\/i0.wp.com\/historiografija.hr\/wp-content\/uploads\/2026\/04\/Jasenov_prut.jpg?fit=1024%2C640&ssl=1&resize=350%2C200 1x, https:\/\/i0.wp.com\/historiografija.hr\/wp-content\/uploads\/2026\/04\/Jasenov_prut.jpg?fit=1024%2C640&ssl=1&resize=525%2C300 1.5x, https:\/\/i0.wp.com\/historiografija.hr\/wp-content\/uploads\/2026\/04\/Jasenov_prut.jpg?fit=1024%2C640&ssl=1&resize=700%2C400 2x"},"classes":[]},{"id":52569,"url":"https:\/\/historiografija.hr\/?p=52569","url_meta":{"origin":5116,"position":2},"title":"[Predavanje] Ne \u010dekaju\u0107i inspiraciju \u2013 anga\u017eovane intelektualne, kulturalne i umetni\u010dke prakse u me\u0111uratnom periodu: teorija i praksa kriti\u010dke levice u jugoslovenskoj kulturi (YugoLab)","author":"Branimir Jankovi\u0107","date":"21. travnja 2026.","format":false,"excerpt":"U vreme agresivnog ja\u010danja globalne desnice, (pro)fa\u0161isti\u010dkih, rasisti\u010dkih i imperijalisti\u010dkih politika, dok je istovremeno globalna levica izrazito slaba, a progresivni pokreti atomizirani i fragmentisani, va\u017eno je iz savremene perspektive vratiti se revolucionarnim i emancipatorskim zbivanjima u jugoslovenskom (ali i s njima u vezi internacionalnim de\u0161avanjima), kao i dru\u0161tvenoj ulozi kulturalnih\u2026","rel":"","context":"U &quot;Novosti&quot;","block_context":{"text":"Novosti","link":"https:\/\/historiografija.hr\/?cat=3"},"img":{"alt_text":"","src":"","width":0,"height":0},"classes":[]},{"id":52666,"url":"https:\/\/historiografija.hr\/?p=52666","url_meta":{"origin":5116,"position":3},"title":"Najava programa Festivala povijesti Kliofest (5-8. V. 2026)","author":"Branimir Jankovi\u0107","date":"24. travnja 2026.","format":false,"excerpt":"Po trinaesti put odr\u017eava se Festival povijesti Kliofest! Do petka \u0107emo odr\u017eati osam okruglih stolova i dva kolokvija te niz predstavljanja knjiga i projekata razli\u010dite tematike, od antike do suvremenosti. Bit \u0107e predstavljeno i nekoliko izlo\u017ebi te odr\u017ean jedan povijesni kviz. Prikazat \u0107emo i jedan film \u2013 o generalu Boroevi\u0107u.\u2026","rel":"","context":"U &quot;Novosti&quot;","block_context":{"text":"Novosti","link":"https:\/\/historiografija.hr\/?cat=3"},"img":{"alt_text":"","src":"https:\/\/i0.wp.com\/historiografija.hr\/wp-content\/uploads\/2026\/04\/Kliofest-2026.jpg?fit=526%2C526&ssl=1&resize=350%2C200","width":350,"height":200,"srcset":"https:\/\/i0.wp.com\/historiografija.hr\/wp-content\/uploads\/2026\/04\/Kliofest-2026.jpg?fit=526%2C526&ssl=1&resize=350%2C200 1x, https:\/\/i0.wp.com\/historiografija.hr\/wp-content\/uploads\/2026\/04\/Kliofest-2026.jpg?fit=526%2C526&ssl=1&resize=525%2C300 1.5x"},"classes":[]},{"id":52511,"url":"https:\/\/historiografija.hr\/?p=52511","url_meta":{"origin":5116,"position":4},"title":"Izlo\u017eba &#8220;Lica Sljemena&#8221;","author":"Branimir Jankovi\u0107","date":"17. travnja 2026.","format":false,"excerpt":"Srda\u010dno vas pozivamo na otvorenje izlo\u017ebe Lica Sljemena koje \u0107e se odr\u017eati u srijedu 22. travnja 2026. u 18 h ispred Muzeja Prigorja (Trg Dragutina Domjani\u0107a 5, Sesvete). Izlo\u017eba proizlazi iz istra\u017eivanja Nevene \u0160krbi\u0107 Alempijevi\u0107, Petre Kelemen i Sanje Potkonjak te intervjua sa Sljemena\u0161icama i Sljemena\u0161ima, koji su provedeni u\u2026","rel":"","context":"U &quot;Izlo\u017ebe&quot;","block_context":{"text":"Izlo\u017ebe","link":"https:\/\/historiografija.hr\/?cat=10"},"img":{"alt_text":"","src":"https:\/\/i0.wp.com\/historiografija.hr\/wp-content\/uploads\/2026\/04\/Izlozba-Lica-Sljemena.png?fit=1080%2C686&ssl=1&resize=350%2C200","width":350,"height":200,"srcset":"https:\/\/i0.wp.com\/historiografija.hr\/wp-content\/uploads\/2026\/04\/Izlozba-Lica-Sljemena.png?fit=1080%2C686&ssl=1&resize=350%2C200 1x, https:\/\/i0.wp.com\/historiografija.hr\/wp-content\/uploads\/2026\/04\/Izlozba-Lica-Sljemena.png?fit=1080%2C686&ssl=1&resize=525%2C300 1.5x, https:\/\/i0.wp.com\/historiografija.hr\/wp-content\/uploads\/2026\/04\/Izlozba-Lica-Sljemena.png?fit=1080%2C686&ssl=1&resize=700%2C400 2x, https:\/\/i0.wp.com\/historiografija.hr\/wp-content\/uploads\/2026\/04\/Izlozba-Lica-Sljemena.png?fit=1080%2C686&ssl=1&resize=1050%2C600 3x"},"classes":[]},{"id":52657,"url":"https:\/\/historiografija.hr\/?p=52657","url_meta":{"origin":5116,"position":5},"title":"[Predavanje] Jezik i drugost u (post)socijalisti\u010dkoj Srbiji: diskurzivne politike identiteta (YugoLab)","author":"Branimir Jankovi\u0107","date":"24. travnja 2026.","format":false,"excerpt":"U sklopu projekta Prizma \/ IMAGINATION (\u201eZami\u0161ljanje nacije: srpski nacionalni narativi u sporu (XX\u2013XXI vek)\u201c), koji se realizuje na Institutu za filozofiju i dru\u0161tvenu teoriju Univerziteta u Beogradu (2024\u20132027) uz finansijsku podr\u0161ku Fonda za nauku Republike Srbije, organizuje se serija predavanja na kojoj istra\u017eiva\u010di i istra\u017eiva\u010dice projekta predstavljaju rezultate svojih\u2026","rel":"","context":"U &quot;Novosti&quot;","block_context":{"text":"Novosti","link":"https:\/\/historiografija.hr\/?cat=3"},"img":{"alt_text":"","src":"https:\/\/i0.wp.com\/historiografija.hr\/wp-content\/uploads\/2026\/04\/IFDT_28_IV.png?fit=1200%2C675&ssl=1&resize=350%2C200","width":350,"height":200,"srcset":"https:\/\/i0.wp.com\/historiografija.hr\/wp-content\/uploads\/2026\/04\/IFDT_28_IV.png?fit=1200%2C675&ssl=1&resize=350%2C200 1x, https:\/\/i0.wp.com\/historiografija.hr\/wp-content\/uploads\/2026\/04\/IFDT_28_IV.png?fit=1200%2C675&ssl=1&resize=525%2C300 1.5x, https:\/\/i0.wp.com\/historiografija.hr\/wp-content\/uploads\/2026\/04\/IFDT_28_IV.png?fit=1200%2C675&ssl=1&resize=700%2C400 2x, https:\/\/i0.wp.com\/historiografija.hr\/wp-content\/uploads\/2026\/04\/IFDT_28_IV.png?fit=1200%2C675&ssl=1&resize=1050%2C600 3x"},"classes":[]}],"_links":{"self":[{"href":"https:\/\/historiografija.hr\/index.php?rest_route=\/wp\/v2\/posts\/5116","targetHints":{"allow":["GET"]}}],"collection":[{"href":"https:\/\/historiografija.hr\/index.php?rest_route=\/wp\/v2\/posts"}],"about":[{"href":"https:\/\/historiografija.hr\/index.php?rest_route=\/wp\/v2\/types\/post"}],"author":[{"embeddable":true,"href":"https:\/\/historiografija.hr\/index.php?rest_route=\/wp\/v2\/users\/2"}],"replies":[{"embeddable":true,"href":"https:\/\/historiografija.hr\/index.php?rest_route=%2Fwp%2Fv2%2Fcomments&post=5116"}],"version-history":[{"count":2,"href":"https:\/\/historiografija.hr\/index.php?rest_route=\/wp\/v2\/posts\/5116\/revisions"}],"predecessor-version":[{"id":5119,"href":"https:\/\/historiografija.hr\/index.php?rest_route=\/wp\/v2\/posts\/5116\/revisions\/5119"}],"wp:featuredmedia":[{"embeddable":true,"href":"https:\/\/historiografija.hr\/index.php?rest_route=\/wp\/v2\/media\/5117"}],"wp:attachment":[{"href":"https:\/\/historiografija.hr\/index.php?rest_route=%2Fwp%2Fv2%2Fmedia&parent=5116"}],"wp:term":[{"taxonomy":"category","embeddable":true,"href":"https:\/\/historiografija.hr\/index.php?rest_route=%2Fwp%2Fv2%2Fcategories&post=5116"},{"taxonomy":"post_tag","embeddable":true,"href":"https:\/\/historiografija.hr\/index.php?rest_route=%2Fwp%2Fv2%2Ftags&post=5116"}],"curies":[{"name":"wp","href":"https:\/\/api.w.org\/{rel}","templated":true}]}}