{"id":51155,"date":"2026-01-23T22:35:00","date_gmt":"2026-01-23T22:35:00","guid":{"rendered":"https:\/\/historiografija.hr\/?p=51155"},"modified":"2026-01-23T22:39:22","modified_gmt":"2026-01-23T22:39:22","slug":"preminuo-povjesnicar-andre-burguiere","status":"publish","type":"post","link":"https:\/\/historiografija.hr\/?p=51155","title":{"rendered":"Preminuo povjesni\u010dar Andr\u00e9 Burgui\u00e8re"},"content":{"rendered":"\n<p>U dobi od 87. godina preminuo je 22. sije\u010dnja 2026. francuski povjesni\u010dar Andr\u00e9 Burgui\u00e8re (1938-2026), \u010diji je rad bio opse\u017eno recipiran u hrvatskoj historiografiji, antropologiji i knji\u017eevnoj povijesti, a ostvario je i intenzivnu stru\u010dnu suradnju s hrvatskim povjesni\u010darima i antropolozima. Kao specijalist za povijest obitelji i stanovni\u0161tva, utjecao je na razvoj historijske antropologije, kriti\u010dki se oslanjaju\u0107i na historiju mentaliteta Luciena Febvrea i Marca Blocha, osniva\u010de poznatog \u010dasopisa <em>Annales<\/em>, kojem je i sam uredni\u010dki doprinosio i o \u010dijoj je intelektualnoj povijesti utjecajno pisao.<\/p>\n\n\n\n<hr class=\"wp-block-separator has-alpha-channel-opacity\"\/>\n\n\n\n<p><strong>Obavijesti o smrti:<\/strong><\/p>\n\n\n\n<p><a href=\"https:\/\/www.ehess.fr\/fr\/hommage\/hommage-andr%C3%A9-burgui%C3%A8re\">https:\/\/www.ehess.fr\/fr\/hommage\/hommage-andr%C3%A9-burgui%C3%A8re<\/a><\/p>\n\n\n\n<p><a href=\"https:\/\/crh.ehess.fr\/index.php?10870\">https:\/\/crh.ehess.fr\/index.php?10870<\/a><\/p>\n\n\n\n<p><a href=\"https:\/\/blogs.mediapart.fr\/edwy-plenel\/blog\/220126\/andre-burguiere-historien-genereux-0\">https:\/\/blogs.mediapart.fr\/edwy-plenel\/blog\/220126\/andre-burguiere-historien-genereux-0<\/a><\/p>\n\n\n\n<hr class=\"wp-block-separator has-alpha-channel-opacity\"\/>\n\n\n\n<p><strong>Obavijesti o recepciji i suradnji:<\/strong><\/p>\n\n\n\n<p>Preveden je Burgui\u00e8reov tekst \u201eHistorijska antropologija\u201c u \u010dasopisu <em>Gordogan<\/em> (16, 1995).<\/p>\n\n\n\n<p>Andr\u00e9 Burgui\u00e8re sudjelovao je na znanstvenom skupu \u201eAnnales in Perspective: Designs and Accomplishments\u201c (Annales u perspektivi: ciljevi i postignu\u0107a) odr\u017eanom u Zagrebu 2009. godine, o \u010demu je pisala Nikolina \u0160imetin \u0160egvi\u0107 (<a href=\"https:\/\/historiografija.hr\/?p=1932\">https:\/\/historiografija.hr\/?p=1932<\/a>; <a href=\"https:\/\/hrcak.srce.hr\/clanak\/273850\">https:\/\/hrcak.srce.hr\/clanak\/273850<\/a>).<\/p>\n\n\n\n<p>Objavljen je razgovor s Burgui\u00e8reom u \u010dasopisu <em>Pro tempore<\/em> 2010-2011. godine (<a href=\"https:\/\/hrcak.srce.hr\/clanak\/273958\">https:\/\/hrcak.srce.hr\/clanak\/273958<\/a> ), u istom broju u kojem je Mirjana Gross pisala o njegovoj knjizi <em>The Annales School: An Intellectual History<\/em> (<a href=\"https:\/\/hrcak.srce.hr\/clanak\/273974\">https:\/\/hrcak.srce.hr\/clanak\/273974<\/a>). Burgui\u00e8re je bio po\u010dasni urednik \u010dasopisa <em>Pro tempore<\/em>.<\/p>\n\n\n\n<p>Objavio je radove \u201eDemystifying or Rethinking Mentalities\u201c u zborniku<em> Annales in Perspective: Designs and Accomplishments <\/em>(ur. Drago Roksandi\u0107, Filip \u0160imetin \u0160egvi\u0107, Nikolina \u0160imetin \u0160egvi\u0107, Zagreb 2019) i \u201eM\u00e9moire et histoire\u201c u <em>Zborniku Drage Roksandi\u0107a<\/em> (ur. Damir Agi\u010di\u0107, Hrvoje Petri\u0107, Filip \u0160imetin \u0160egvi\u0107, Zagreb 2019).<\/p>\n\n\n\n<p>Preveden je Burgui\u00e8reov tekst \u201eSveu\u010dili\u0161no zra\u010denje\u201c (<a href=\"http:\/\/grgur.irb.hr\/Hrvatsko.mislilisxte\/burg\/burg.html\">http:\/\/grgur.irb.hr\/Hrvatsko.mislilisxte\/burg\/burg.html<\/a>)<\/p>\n\n\n\n<hr class=\"wp-block-separator has-alpha-channel-opacity\"\/>\n","protected":false},"excerpt":{"rendered":"","protected":false},"author":2,"featured_media":51156,"comment_status":"open","ping_status":"open","sticky":false,"template":"","format":"standard","meta":{"_acf_changed":false,"jetpack_post_was_ever_published":false,"_jetpack_newsletter_access":"","_jetpack_dont_email_post_to_subs":false,"_jetpack_newsletter_tier_id":0,"_jetpack_memberships_contains_paywalled_content":false,"_jetpack_memberships_contains_paid_content":false,"footnotes":"","jetpack_publicize_message":"","jetpack_publicize_feature_enabled":true,"jetpack_social_post_already_shared":true,"jetpack_social_options":{"image_generator_settings":{"template":"highway","default_image_id":0,"font":"","enabled":false},"version":2}},"categories":[3,20],"tags":[],"class_list":["post-51155","post","type-post","status-publish","format-standard","has-post-thumbnail","hentry","category-novosti","category-obavijesti-o-smrti-i-nekrolozi"],"acf":{"facebook_opis":""},"jetpack_publicize_connections":[],"jetpack_featured_media_url":"https:\/\/i0.wp.com\/historiografija.hr\/wp-content\/uploads\/2026\/01\/andre-burguiere.png?fit=355%2C466&ssl=1","jetpack_sharing_enabled":true,"jetpack-related-posts":[],"_links":{"self":[{"href":"https:\/\/historiografija.hr\/index.php?rest_route=\/wp\/v2\/posts\/51155","targetHints":{"allow":["GET"]}}],"collection":[{"href":"https:\/\/historiografija.hr\/index.php?rest_route=\/wp\/v2\/posts"}],"about":[{"href":"https:\/\/historiografija.hr\/index.php?rest_route=\/wp\/v2\/types\/post"}],"author":[{"embeddable":true,"href":"https:\/\/historiografija.hr\/index.php?rest_route=\/wp\/v2\/users\/2"}],"replies":[{"embeddable":true,"href":"https:\/\/historiografija.hr\/index.php?rest_route=%2Fwp%2Fv2%2Fcomments&post=51155"}],"version-history":[{"count":4,"href":"https:\/\/historiografija.hr\/index.php?rest_route=\/wp\/v2\/posts\/51155\/revisions"}],"predecessor-version":[{"id":51160,"href":"https:\/\/historiografija.hr\/index.php?rest_route=\/wp\/v2\/posts\/51155\/revisions\/51160"}],"wp:featuredmedia":[{"embeddable":true,"href":"https:\/\/historiografija.hr\/index.php?rest_route=\/wp\/v2\/media\/51156"}],"wp:attachment":[{"href":"https:\/\/historiografija.hr\/index.php?rest_route=%2Fwp%2Fv2%2Fmedia&parent=51155"}],"wp:term":[{"taxonomy":"category","embeddable":true,"href":"https:\/\/historiografija.hr\/index.php?rest_route=%2Fwp%2Fv2%2Fcategories&post=51155"},{"taxonomy":"post_tag","embeddable":true,"href":"https:\/\/historiografija.hr\/index.php?rest_route=%2Fwp%2Fv2%2Ftags&post=51155"}],"curies":[{"name":"wp","href":"https:\/\/api.w.org\/{rel}","templated":true}]}}