{"id":51102,"date":"2026-01-23T17:57:29","date_gmt":"2026-01-23T17:57:29","guid":{"rendered":"https:\/\/historiografija.hr\/?p=51102"},"modified":"2026-01-23T17:59:24","modified_gmt":"2026-01-23T17:59:24","slug":"preminuo-mate-mestrovic","status":"publish","type":"post","link":"https:\/\/historiografija.hr\/?p=51102","title":{"rendered":"Preminuo Mate Me\u0161trovi\u0107"},"content":{"rendered":"\n<p>Dana 30. prosinca 2025. godine u Zagrebu je u 96. godini preminuo Mate Me\u0161trovi\u0107 (1930-2025), politi\u010dar i povjesni\u010dar, sin kipara Ivana Me\u0161trovi\u0107a. Op\u0161irnije u nastavku.<\/p>\n\n\n\n<hr class=\"wp-block-separator has-alpha-channel-opacity\"\/>\n\n\n\n<p>Obavijesti:<\/p>\n\n\n\n<p><a href=\"https:\/\/www.enciklopedija.hr\/clanak\/mestrovic-mate\">https:\/\/www.enciklopedija.hr\/clanak\/mestrovic-mate<\/a><\/p>\n\n\n\n<figure class=\"wp-block-embed is-type-wp-embed is-provider-proleksis-enciklopedija wp-block-embed-proleksis-enciklopedija\"><div class=\"wp-block-embed__wrapper\">\n<blockquote class=\"wp-embedded-content\" data-secret=\"4S8EuqOPtp\"><a href=\"https:\/\/proleksis.lzmk.hr\/1195\/\">Me\u0161trovi\u0107, Mate<\/a><\/blockquote><iframe loading=\"lazy\" class=\"wp-embedded-content\" sandbox=\"allow-scripts\" security=\"restricted\" style=\"position: absolute; visibility: hidden;\" title=\"&#8220;Me\u0161trovi\u0107, Mate&#8221; &#8212; Proleksis enciklopedija\" src=\"https:\/\/proleksis.lzmk.hr\/1195\/embed\/#?secret=4S8EuqOPtp\" data-secret=\"4S8EuqOPtp\" width=\"600\" height=\"338\" frameborder=\"0\" marginwidth=\"0\" marginheight=\"0\" scrolling=\"no\"><\/iframe>\n<\/div><\/figure>\n\n\n\n<hr class=\"wp-block-separator has-alpha-channel-opacity\"\/>\n\n\n\n<p>Prilozi povodom smrti:<\/p>\n\n\n\n<p><a href=\"https:\/\/www.matica.hr\/vijenac\/831\/odlazak-najmlaega-mestroviceva-sina-velikoga-hrvatskog-intelektualca-i-dobrotvora-39045\">https:\/\/www.matica.hr\/vijenac\/831\/odlazak-najmlaega-mestroviceva-sina-velikoga-hrvatskog-intelektualca-i-dobrotvora-39045<\/a><\/p>\n\n\n\n<figure class=\"wp-block-embed is-type-wp-embed is-provider-muzej-ivana-mestrovica wp-block-embed-muzej-ivana-mestrovica\"><div class=\"wp-block-embed__wrapper\">\n<blockquote class=\"wp-embedded-content\" data-secret=\"cG0UjjtWqR\"><a href=\"https:\/\/mestrovic.hr\/nakon-kratke-i-teske-bolesti-preminuo-mestrovicev-sin-mate-30-prosinca\/\">Nakon kratke i te\u0161ke bolesti preminuo Me\u0161trovi\u0107ev sin Mate 30. prosinca<\/a><\/blockquote><iframe loading=\"lazy\" class=\"wp-embedded-content\" sandbox=\"allow-scripts\" security=\"restricted\" style=\"position: absolute; visibility: hidden;\" title=\"&#8220;Nakon kratke i te\u0161ke bolesti preminuo Me\u0161trovi\u0107ev sin Mate 30. prosinca&#8221; &#8212; Muzej Ivana Mestrovica\" src=\"https:\/\/mestrovic.hr\/nakon-kratke-i-teske-bolesti-preminuo-mestrovicev-sin-mate-30-prosinca\/embed\/#?secret=U9nfy8zKlv#?secret=cG0UjjtWqR\" data-secret=\"cG0UjjtWqR\" width=\"600\" height=\"338\" frameborder=\"0\" marginwidth=\"0\" marginheight=\"0\" scrolling=\"no\"><\/iframe>\n<\/div><\/figure>\n\n\n\n<p><a href=\"https:\/\/gkd.hr\/2026\/01\/02\/dr-mate-mestrovic-in-memoriam\">https:\/\/gkd.hr\/2026\/01\/02\/dr-mate-mestrovic-in-memoriam<\/a><\/p>\n\n\n\n<p><a href=\"https:\/\/www.vecernji.hr\/kultura\/preminuo-je-mate-mestrovic-oglasio-se-i-plenkovic-1920743\">https:\/\/www.vecernji.hr\/kultura\/preminuo-je-mate-mestrovic-oglasio-se-i-plenkovic-1920743<\/a><\/p>\n\n\n\n<p><a href=\"https:\/\/www.telegram.hr\/vijesti\/umro-mate-mestrovic-sin-velikog-hrvatskog-kipara\">https:\/\/www.telegram.hr\/vijesti\/umro-mate-mestrovic-sin-velikog-hrvatskog-kipara<\/a><\/p>\n\n\n\n<p><a href=\"https:\/\/www.pobjeda.me\/clanak\/jakovina-za-pobjedu-mauzolej-na-lovcenu-je-posebnost-crne-gore-i-njenog-naroda\">https:\/\/www.pobjeda.me\/clanak\/jakovina-za-pobjedu-mauzolej-na-lovcenu-je-posebnost-crne-gore-i-njenog-naroda<\/a><\/p>\n\n\n\n<hr class=\"wp-block-separator has-alpha-channel-opacity\"\/>\n","protected":false},"excerpt":{"rendered":"","protected":false},"author":2,"featured_media":51103,"comment_status":"open","ping_status":"open","sticky":false,"template":"","format":"standard","meta":{"_acf_changed":false,"jetpack_post_was_ever_published":false,"_jetpack_newsletter_access":"","_jetpack_dont_email_post_to_subs":false,"_jetpack_newsletter_tier_id":0,"_jetpack_memberships_contains_paywalled_content":false,"_jetpack_memberships_contains_paid_content":false,"footnotes":"","jetpack_publicize_message":"","jetpack_publicize_feature_enabled":true,"jetpack_social_post_already_shared":true,"jetpack_social_options":{"image_generator_settings":{"template":"highway","default_image_id":0,"font":"","enabled":false},"version":2}},"categories":[3,20],"tags":[],"class_list":["post-51102","post","type-post","status-publish","format-standard","has-post-thumbnail","hentry","category-novosti","category-obavijesti-o-smrti-i-nekrolozi"],"acf":{"facebook_opis":""},"jetpack_publicize_connections":[],"jetpack_featured_media_url":"https:\/\/i0.wp.com\/historiografija.hr\/wp-content\/uploads\/2026\/01\/Mestrovic.jpg?fit=1600%2C746&ssl=1","jetpack_sharing_enabled":true,"jetpack-related-posts":[],"_links":{"self":[{"href":"https:\/\/historiografija.hr\/index.php?rest_route=\/wp\/v2\/posts\/51102","targetHints":{"allow":["GET"]}}],"collection":[{"href":"https:\/\/historiografija.hr\/index.php?rest_route=\/wp\/v2\/posts"}],"about":[{"href":"https:\/\/historiografija.hr\/index.php?rest_route=\/wp\/v2\/types\/post"}],"author":[{"embeddable":true,"href":"https:\/\/historiografija.hr\/index.php?rest_route=\/wp\/v2\/users\/2"}],"replies":[{"embeddable":true,"href":"https:\/\/historiografija.hr\/index.php?rest_route=%2Fwp%2Fv2%2Fcomments&post=51102"}],"version-history":[{"count":5,"href":"https:\/\/historiografija.hr\/index.php?rest_route=\/wp\/v2\/posts\/51102\/revisions"}],"predecessor-version":[{"id":51108,"href":"https:\/\/historiografija.hr\/index.php?rest_route=\/wp\/v2\/posts\/51102\/revisions\/51108"}],"wp:featuredmedia":[{"embeddable":true,"href":"https:\/\/historiografija.hr\/index.php?rest_route=\/wp\/v2\/media\/51103"}],"wp:attachment":[{"href":"https:\/\/historiografija.hr\/index.php?rest_route=%2Fwp%2Fv2%2Fmedia&parent=51102"}],"wp:term":[{"taxonomy":"category","embeddable":true,"href":"https:\/\/historiografija.hr\/index.php?rest_route=%2Fwp%2Fv2%2Fcategories&post=51102"},{"taxonomy":"post_tag","embeddable":true,"href":"https:\/\/historiografija.hr\/index.php?rest_route=%2Fwp%2Fv2%2Ftags&post=51102"}],"curies":[{"name":"wp","href":"https:\/\/api.w.org\/{rel}","templated":true}]}}