{"id":51066,"date":"2026-01-21T22:21:00","date_gmt":"2026-01-21T22:21:00","guid":{"rendered":"https:\/\/historiografija.hr\/?p=51066"},"modified":"2026-01-21T22:21:00","modified_gmt":"2026-01-21T22:21:00","slug":"predstavljanje-knjige-ludwiga-steindorffa-povijest-hrvatske-od-srednjeg-vijeka-do-suvremenosti","status":"publish","type":"post","link":"https:\/\/historiografija.hr\/?p=51066","title":{"rendered":"Predstavljanje knjige Ludwiga Steindorffa \u201ePovijest Hrvatske. Od srednjeg vijeka do suvremenosti\u201c"},"content":{"rendered":"\n<p>Nakladni\u010dka ku\u0107a Srednja Europa poziva vas na predstavljanje knjige Ludwiga Steindorffa <em>Povijest Hrvatske. Od srednjeg vijeka do suvremenosti<\/em>, koje \u0107e se odr\u017eati u ponedjeljak 26. sije\u010dnja 2026., u Knji\u017enici i \u010ditaonici Bogdana Ogrizovi\u0107a, Preradovi\u0107eva 5, s po\u010detkom u 19.30 sati.<\/p>\n\n\n\n<p>U predstavljanju \u0107e sudjelovati Ludwig Steindorff, Magdalena Najbar-Agi\u010di\u0107, Neven Budak.<\/p>\n\n\n\n<hr class=\"wp-block-separator has-alpha-channel-opacity\"\/>\n\n\n\n<p>Izvor:<\/p>\n\n\n\n<p><a href=\"https:\/\/srednja-europa.hr\/dogadaji\/poziv-na-predstavljanje-knjige-l-steindorff-povijest-hrvatske\">https:\/\/srednja-europa.hr\/dogadaji\/poziv-na-predstavljanje-knjige-l-steindorff-povijest-hrvatske<\/a><\/p>\n\n\n\n<hr class=\"wp-block-separator has-alpha-channel-opacity\"\/>\n","protected":false},"excerpt":{"rendered":"","protected":false},"author":2,"featured_media":51067,"comment_status":"open","ping_status":"open","sticky":false,"template":"","format":"standard","meta":{"_acf_changed":false,"jetpack_post_was_ever_published":false,"_jetpack_newsletter_access":"","_jetpack_dont_email_post_to_subs":false,"_jetpack_newsletter_tier_id":0,"_jetpack_memberships_contains_paywalled_content":false,"_jetpack_memberships_contains_paid_content":false,"footnotes":"","jetpack_publicize_message":"","jetpack_publicize_feature_enabled":true,"jetpack_social_post_already_shared":true,"jetpack_social_options":{"image_generator_settings":{"template":"highway","default_image_id":0,"font":"","enabled":false},"version":2}},"categories":[3],"tags":[],"class_list":["post-51066","post","type-post","status-publish","format-standard","has-post-thumbnail","hentry","category-novosti"],"acf":{"facebook_opis":""},"jetpack_publicize_connections":[],"jetpack_featured_media_url":"https:\/\/i0.wp.com\/historiografija.hr\/wp-content\/uploads\/2026\/01\/Poziv-na-predstavljanje-knjige-L.-Steindorff-Povijest-Hrvatske.jpg?fit=2000%2C943&ssl=1","jetpack_sharing_enabled":true,"jetpack-related-posts":[],"_links":{"self":[{"href":"https:\/\/historiografija.hr\/index.php?rest_route=\/wp\/v2\/posts\/51066","targetHints":{"allow":["GET"]}}],"collection":[{"href":"https:\/\/historiografija.hr\/index.php?rest_route=\/wp\/v2\/posts"}],"about":[{"href":"https:\/\/historiografija.hr\/index.php?rest_route=\/wp\/v2\/types\/post"}],"author":[{"embeddable":true,"href":"https:\/\/historiografija.hr\/index.php?rest_route=\/wp\/v2\/users\/2"}],"replies":[{"embeddable":true,"href":"https:\/\/historiografija.hr\/index.php?rest_route=%2Fwp%2Fv2%2Fcomments&post=51066"}],"version-history":[{"count":1,"href":"https:\/\/historiografija.hr\/index.php?rest_route=\/wp\/v2\/posts\/51066\/revisions"}],"predecessor-version":[{"id":51068,"href":"https:\/\/historiografija.hr\/index.php?rest_route=\/wp\/v2\/posts\/51066\/revisions\/51068"}],"wp:featuredmedia":[{"embeddable":true,"href":"https:\/\/historiografija.hr\/index.php?rest_route=\/wp\/v2\/media\/51067"}],"wp:attachment":[{"href":"https:\/\/historiografija.hr\/index.php?rest_route=%2Fwp%2Fv2%2Fmedia&parent=51066"}],"wp:term":[{"taxonomy":"category","embeddable":true,"href":"https:\/\/historiografija.hr\/index.php?rest_route=%2Fwp%2Fv2%2Fcategories&post=51066"},{"taxonomy":"post_tag","embeddable":true,"href":"https:\/\/historiografija.hr\/index.php?rest_route=%2Fwp%2Fv2%2Ftags&post=51066"}],"curies":[{"name":"wp","href":"https:\/\/api.w.org\/{rel}","templated":true}]}}