{"id":51063,"date":"2026-01-21T22:12:37","date_gmt":"2026-01-21T22:12:37","guid":{"rendered":"https:\/\/historiografija.hr\/?p=51063"},"modified":"2026-01-21T22:12:37","modified_gmt":"2026-01-21T22:12:37","slug":"tribina-beograd-sarajevo-primeri-solidarnosti-1992-1996-u-muzeju-devedesetih-u-beogradu","status":"publish","type":"post","link":"https:\/\/historiografija.hr\/?p=51063","title":{"rendered":"Tribina \u201eBeograd\u00a0&#8211;\u00a0Sarajevo. Primeri\u00a0solidarnosti 1992-1996.\u201c u Muzeju devedesetih u Beogradu"},"content":{"rendered":"\n<p>U \u010detvrtak, 22. januara 2026. u 19 \u010dasova, bi\u0107e odr\u017eana tribina posve\u0107ena se\u0107anjima na akcije solidarnosti koje su Beogra\u0111ani preduzimali tokom opsade Sarajeva (april 1992 \u2013 februar 1996). Bi\u0107e re\u010di o organizovanom slanju paketa pomo\u0107i gra\u0111anima Sarajeva. Paketi su pripremani i pakovani u Beogradu, a pomo\u0107u organizacije \u201eAdra\u201c slali u Sarajevo na vrlo komplikovane i rizi\u010dne na\u010dine. Govori\u0107e se i o posetama Sarajevu, koje su po\u010dele ve\u0107 u aprilu 1995, jos za vreme opsade. Ti susreti i pomo\u0107 koja je slata nisu mogli mnogo da pomognu gra\u0111anima Sarajlijama koji nisu imali hrane, vode, struje ni lekova, ali su ti primeri pokazivali da je solidarnost opstajala i u najte\u017eim trenucima i da je bilo gra\u0111ana Beograda koji nisu pristali na mr\u017enju i rat.<\/p>\n\n\n\n<p>Govore:<br>\u2013 Lula Mikijelj, grupa \u017diveti u Sarajevu<br>\u2013 Boro Konti\u0107, novinar<br>\u2013 Rade Radovanovi\u0107, novinar<br>Moderator:<br>\u2013 Slobodan Stupar, novinar<\/p>\n\n\n\n<hr class=\"wp-block-separator has-alpha-channel-opacity\"\/>\n\n\n\n<p>Izvor:<\/p>\n\n\n\n<p><a href=\"https:\/\/museum90.com\/event\/beograd-sarajevo-primeri-solidarnosti-1992-2006\">https:\/\/museum90.com\/event\/beograd-sarajevo-primeri-solidarnosti-1992-2006<\/a><\/p>\n\n\n\n<hr class=\"wp-block-separator has-alpha-channel-opacity\"\/>\n\n\n\n<p>Obavijest je objavljena i na portalu <strong>Historiografija.ba<\/strong>:<\/p>\n\n\n\n<p><a href=\"https:\/\/historiografija.ba\/historija-u-javnosti\/dogadjaji\/primjeri-solidarnosti-gradjana-beograda-sa-gradjanima-opsednutim-u-sarajevu-1992-1996\">https:\/\/historiografija.ba\/historija-u-javnosti\/dogadjaji\/primjeri-solidarnosti-gradjana-beograda-sa-gradjanima-opsednutim-u-sarajevu-1992-1996<\/a><\/p>\n\n\n\n<hr class=\"wp-block-separator has-alpha-channel-opacity\"\/>\n","protected":false},"excerpt":{"rendered":"","protected":false},"author":2,"featured_media":51064,"comment_status":"open","ping_status":"open","sticky":false,"template":"","format":"standard","meta":{"_acf_changed":false,"jetpack_post_was_ever_published":false,"_jetpack_newsletter_access":"","_jetpack_dont_email_post_to_subs":false,"_jetpack_newsletter_tier_id":0,"_jetpack_memberships_contains_paywalled_content":false,"_jetpack_memberships_contains_paid_content":false,"footnotes":"","jetpack_publicize_message":"","jetpack_publicize_feature_enabled":true,"jetpack_social_post_already_shared":true,"jetpack_social_options":{"image_generator_settings":{"template":"highway","default_image_id":0,"font":"","enabled":false},"version":2}},"categories":[3],"tags":[],"class_list":["post-51063","post","type-post","status-publish","format-standard","has-post-thumbnail","hentry","category-novosti"],"acf":{"facebook_opis":""},"jetpack_publicize_connections":[],"jetpack_featured_media_url":"https:\/\/i0.wp.com\/historiografija.hr\/wp-content\/uploads\/2026\/01\/Bg-Sa.jpg?fit=1200%2C700&ssl=1","jetpack_sharing_enabled":true,"jetpack-related-posts":[],"_links":{"self":[{"href":"https:\/\/historiografija.hr\/index.php?rest_route=\/wp\/v2\/posts\/51063","targetHints":{"allow":["GET"]}}],"collection":[{"href":"https:\/\/historiografija.hr\/index.php?rest_route=\/wp\/v2\/posts"}],"about":[{"href":"https:\/\/historiografija.hr\/index.php?rest_route=\/wp\/v2\/types\/post"}],"author":[{"embeddable":true,"href":"https:\/\/historiografija.hr\/index.php?rest_route=\/wp\/v2\/users\/2"}],"replies":[{"embeddable":true,"href":"https:\/\/historiografija.hr\/index.php?rest_route=%2Fwp%2Fv2%2Fcomments&post=51063"}],"version-history":[{"count":1,"href":"https:\/\/historiografija.hr\/index.php?rest_route=\/wp\/v2\/posts\/51063\/revisions"}],"predecessor-version":[{"id":51065,"href":"https:\/\/historiografija.hr\/index.php?rest_route=\/wp\/v2\/posts\/51063\/revisions\/51065"}],"wp:featuredmedia":[{"embeddable":true,"href":"https:\/\/historiografija.hr\/index.php?rest_route=\/wp\/v2\/media\/51064"}],"wp:attachment":[{"href":"https:\/\/historiografija.hr\/index.php?rest_route=%2Fwp%2Fv2%2Fmedia&parent=51063"}],"wp:term":[{"taxonomy":"category","embeddable":true,"href":"https:\/\/historiografija.hr\/index.php?rest_route=%2Fwp%2Fv2%2Fcategories&post=51063"},{"taxonomy":"post_tag","embeddable":true,"href":"https:\/\/historiografija.hr\/index.php?rest_route=%2Fwp%2Fv2%2Ftags&post=51063"}],"curies":[{"name":"wp","href":"https:\/\/api.w.org\/{rel}","templated":true}]}}