{"id":51056,"date":"2026-01-21T21:51:49","date_gmt":"2026-01-21T21:51:49","guid":{"rendered":"https:\/\/historiografija.hr\/?p=51056"},"modified":"2026-01-21T21:51:49","modified_gmt":"2026-01-21T21:51:49","slug":"dubravka-kisic-arhitektura-secesije-u-zagrebu-tijelo-moje-duse","status":"publish","type":"post","link":"https:\/\/historiografija.hr\/?p=51056","title":{"rendered":"Dubravka Kisi\u0107, \u201eArhitektura secesije u Zagrebu \u2013 Tijelo moje du\u0161e\u201c"},"content":{"rendered":"\n<p>Knjiga <strong>Arhitektura secesije u Zagrebu \u2013 Tijelo moje du\u0161e<\/strong> nastala je sistematizacijom i interpretacijom rezultata istra\u017eivanja zagreba\u010dke arhitektonske produkcije u razdoblju od 1895. do 1914. godine obilje\u017eene secesijskim stilskim idiomom. Podnaslov <em>Tijelo moje du\u0161e<\/em> odabran je slijede\u0107i analogni podnaslov knjige Branimira Donata <em>Antologija proze hrvatske secesije \u2013 tijelo moje du\u0161e<\/em>, objavljene 2004. godine. Time se iskazuje usmjerenost istra\u017eivanja na hibridni karakter secesijskog idioma u kojem se arhitektura do\u017eivljava kao odraz ljudske du\u0161e i svojevrsni simulakrum ljudskog tijela, \u0161to ovaj stil \u010dini uo\u010dljivo razli\u010ditim od ostalih arhitektonskih stilova.<\/p>\n\n\n\n<p>Knjiga je rezultat dugogodi\u0161njeg znanstvenog i stru\u010dnog istra\u017eivanja arhitektice Dubravke Kisi\u0107 koja je u drugoj polovini 1980-ih godina, u svojstvu konzervatorice Regionalnog zavoda za za\u0161titu spomenika kulture u Zagrebu vodila obnovu zagreba\u010dkih donjogradskih pro\u010delja \u010dija je uspje\u0161na realizacija ostvarena na temelju autori\u010dinog arhitektonskog sondiranja objekata, te prou\u010davanja sve dostupne arhivske gra\u0111e vezane za izgradnju spomenutih objekata.<\/p>\n\n\n\n<p>Dizajn i prijelom Sven Sori\u0107.<\/p>\n\n\n\n<hr class=\"wp-block-separator has-alpha-channel-opacity\"\/>\n\n\n\n<p>Godina izdanja: 2025.<\/p>\n\n\n\n<p>Broj stranica: 507<\/p>\n\n\n\n<hr class=\"wp-block-separator has-alpha-channel-opacity\"\/>\n\n\n\n<p>Izvor:<\/p>\n\n\n\n<p><a href=\"https:\/\/srednja-europa.hr\/proizvod\/arhitektura-secesije-u-zagrebu-tijelo-moje-duse\">https:\/\/srednja-europa.hr\/proizvod\/arhitektura-secesije-u-zagrebu-tijelo-moje-duse<\/a><\/p>\n\n\n\n<hr class=\"wp-block-separator has-alpha-channel-opacity\"\/>\n","protected":false},"excerpt":{"rendered":"","protected":false},"author":2,"featured_media":51057,"comment_status":"open","ping_status":"open","sticky":false,"template":"","format":"standard","meta":{"_acf_changed":false,"jetpack_post_was_ever_published":false,"_jetpack_newsletter_access":"","_jetpack_dont_email_post_to_subs":false,"_jetpack_newsletter_tier_id":0,"_jetpack_memberships_contains_paywalled_content":false,"_jetpack_memberships_contains_paid_content":false,"footnotes":"","jetpack_publicize_message":"","jetpack_publicize_feature_enabled":true,"jetpack_social_post_already_shared":true,"jetpack_social_options":{"image_generator_settings":{"template":"highway","default_image_id":0,"font":"","enabled":false},"version":2}},"categories":[8,3],"tags":[],"class_list":["post-51056","post","type-post","status-publish","format-standard","has-post-thumbnail","hentry","category-knjige","category-novosti"],"acf":{"facebook_opis":""},"jetpack_publicize_connections":[],"jetpack_featured_media_url":"https:\/\/i0.wp.com\/historiografija.hr\/wp-content\/uploads\/2026\/01\/Kisic-naslovnica.jpg?fit=1707%2C2560&ssl=1","jetpack_sharing_enabled":true,"jetpack-related-posts":[],"_links":{"self":[{"href":"https:\/\/historiografija.hr\/index.php?rest_route=\/wp\/v2\/posts\/51056","targetHints":{"allow":["GET"]}}],"collection":[{"href":"https:\/\/historiografija.hr\/index.php?rest_route=\/wp\/v2\/posts"}],"about":[{"href":"https:\/\/historiografija.hr\/index.php?rest_route=\/wp\/v2\/types\/post"}],"author":[{"embeddable":true,"href":"https:\/\/historiografija.hr\/index.php?rest_route=\/wp\/v2\/users\/2"}],"replies":[{"embeddable":true,"href":"https:\/\/historiografija.hr\/index.php?rest_route=%2Fwp%2Fv2%2Fcomments&post=51056"}],"version-history":[{"count":1,"href":"https:\/\/historiografija.hr\/index.php?rest_route=\/wp\/v2\/posts\/51056\/revisions"}],"predecessor-version":[{"id":51058,"href":"https:\/\/historiografija.hr\/index.php?rest_route=\/wp\/v2\/posts\/51056\/revisions\/51058"}],"wp:featuredmedia":[{"embeddable":true,"href":"https:\/\/historiografija.hr\/index.php?rest_route=\/wp\/v2\/media\/51057"}],"wp:attachment":[{"href":"https:\/\/historiografija.hr\/index.php?rest_route=%2Fwp%2Fv2%2Fmedia&parent=51056"}],"wp:term":[{"taxonomy":"category","embeddable":true,"href":"https:\/\/historiografija.hr\/index.php?rest_route=%2Fwp%2Fv2%2Fcategories&post=51056"},{"taxonomy":"post_tag","embeddable":true,"href":"https:\/\/historiografija.hr\/index.php?rest_route=%2Fwp%2Fv2%2Ftags&post=51056"}],"curies":[{"name":"wp","href":"https:\/\/api.w.org\/{rel}","templated":true}]}}