{"id":51053,"date":"2026-01-21T21:43:13","date_gmt":"2026-01-21T21:43:13","guid":{"rendered":"https:\/\/historiografija.hr\/?p=51053"},"modified":"2026-01-21T21:43:13","modified_gmt":"2026-01-21T21:43:13","slug":"virtualna-izlozba-menci-clement-crncic-vedute-iz-fundusa-kabineta-grafike-hazu","status":"publish","type":"post","link":"https:\/\/historiografija.hr\/?p=51053","title":{"rendered":"Virtualna izlo\u017eba Menci Clement Crn\u010di\u0107 \/ Vedute iz fundusa Kabineta grafike HAZU"},"content":{"rendered":"\n<p>U povodu 160. godi\u0161njice ro\u0111enja akademika Mencija Clementa Crn\u010di\u0107a (1865. \u2013 1930.), Kabinet grafike Hrvatske akademije znanosti i umjetnosti priredio je virtualnu izlo\u017ebu <em>Menci Clement Crn\u010di\u0107 \/ Vedute iz fundusa Kabineta grafike HAZU <\/em>dostupnu na poveznicama <a href=\"https:\/\/crncic.kabinet-grafike.hazu.hr\/\">https:\/\/crncic.kabinet-grafike.hazu.hr\/<\/a> i <a href=\"https:\/\/crncic.kabinet-grafike.hazu.hr\/en\/\">https:\/\/crncic.kabinet-grafike.hazu.hr\/en\/<\/a><\/p>\n\n\n\n<p>Autorica koncepcije izlo\u017ebe i tekstova: Ru\u017eica Pepelko, muzejska savjetnica u Kabinetu grafike HAZU.<\/p>\n\n\n\n<p>Izlo\u017eba je realizirana u suradnji s tvrtkom Link2 i financijskom potporom Ministarstva kulture i medija Republike Hrvatske, Gradskog ureda za kulturu i civilno dru\u0161tvo Grada Zagreba, Zaklade HAZU i Kabineta grafike HAZU.<\/p>\n\n\n\n<p>Izborom vedutisti\u010dke produkcije slikara, grafi\u010dara i crta\u010da Mencija Clementa Crn\u010di\u0107a iz fundusa Kabineta grafike Hrvatske akademije znanosti i umjetnosti, povodom obilje\u017eavanja akademikova 160. ro\u0111endanskog jubileja, isti\u010demo prvenstveno njegovu profesionalnu va\u017enost kao na\u0161ega prvog \u0161kolovanog grafi\u010dara be\u010dkoga akademskog kruga, odnosno profesora koji je ste\u010dena znanja grafi\u010dkog umije\u0107a prenio generacijama svojih studenata \u2013 nastavlja\u010da procesa popularizacije medija grafike.<\/p>\n\n\n\n<p>Virtualna izlo\u017eba vedutisti\u010dkih motiva iz dana\u0161njega interpretatorskog diskursa ponovljeni je oblik rekviriranja ponajprije njegova metjerstva ogledanog kako u grafi\u010dkom, tako i u crta\u010dkom izrazu. U koncepciji izlo\u017ebe apostrofiraju se tri umjetnikove grafi\u010dko-crta\u010dke stvarala\u010dke faze u stilsko-morfolo\u0161kom rasponu od radova simbolisti\u010dkih predilekcija s kraja 19. stolje\u0107a preko zagreba\u010dkih vizura prvoga desetlje\u0107a do primorskih veduta drugoga desetlje\u0107a 20. stolje\u0107a. Pomnim odabirom ponajboljih radova krajobrazne tematike predstavljamo u virtualnom formatu antologijski segment vrijedne muzejske gra\u0111e i kulturne ba\u0161tine koju \u010duvamo u fundusu.<\/p>\n\n\n\n<p>Valorizacijom tematskoga i metjerskog segmenta Crn\u010di\u0107eva impozantnoga stvarala\u010dkog opusa, napose grafi\u010dkoga i crta\u010dkoga, kontekstualizira se i iznova sagledava razvoj njegove duktusne sintakse stilski i kronolo\u0161ki ukotvljene na temeljima minhenskoga hermeneuti\u010dkog akademizma 19. stolje\u0107a i nadiru\u0107ih stilskih pluralizama poput simbolizma i plenerizma te realizama prvih desetlje\u0107a 20. stolje\u0107a.<\/p>\n\n\n\n<hr class=\"wp-block-separator has-alpha-channel-opacity\"\/>\n\n\n\n<p>Izvor:<\/p>\n\n\n\n<figure class=\"wp-block-embed is-type-wp-embed is-provider-hazu wp-block-embed-hazu\"><div class=\"wp-block-embed__wrapper\">\n<blockquote class=\"wp-embedded-content\" data-secret=\"UtVKgxwHQz\"><a href=\"https:\/\/www.info.hazu.hr\/events\/virtualna-izlozba-menci-clement-crncic-vedute-iz-fundusa-kabineta-grafike-hazu\/\">Virtualna izlo\u017eba Menci Clement Crn\u010di\u0107 \/ Vedute iz fundusa Kabineta grafike HAZU<\/a><\/blockquote><iframe loading=\"lazy\" class=\"wp-embedded-content\" sandbox=\"allow-scripts\" security=\"restricted\" style=\"position: absolute; visibility: hidden;\" title=\"&#8220;Virtualna izlo\u017eba Menci Clement Crn\u010di\u0107 \/ Vedute iz fundusa Kabineta grafike HAZU&#8221; &#8212; HAZU\" src=\"https:\/\/www.info.hazu.hr\/events\/virtualna-izlozba-menci-clement-crncic-vedute-iz-fundusa-kabineta-grafike-hazu\/embed\/#?secret=UtVKgxwHQz\" data-secret=\"UtVKgxwHQz\" width=\"600\" height=\"338\" frameborder=\"0\" marginwidth=\"0\" marginheight=\"0\" scrolling=\"no\"><\/iframe>\n<\/div><\/figure>\n\n\n\n<hr class=\"wp-block-separator has-alpha-channel-opacity\"\/>\n","protected":false},"excerpt":{"rendered":"","protected":false},"author":2,"featured_media":51054,"comment_status":"open","ping_status":"open","sticky":false,"template":"","format":"standard","meta":{"_acf_changed":false,"jetpack_post_was_ever_published":false,"_jetpack_newsletter_access":"","_jetpack_dont_email_post_to_subs":false,"_jetpack_newsletter_tier_id":0,"_jetpack_memberships_contains_paywalled_content":false,"_jetpack_memberships_contains_paid_content":false,"footnotes":"","jetpack_publicize_message":"","jetpack_publicize_feature_enabled":true,"jetpack_social_post_already_shared":true,"jetpack_social_options":{"image_generator_settings":{"template":"highway","default_image_id":0,"font":"","enabled":false},"version":2}},"categories":[10,3],"tags":[],"class_list":["post-51053","post","type-post","status-publish","format-standard","has-post-thumbnail","hentry","category-izlozbe","category-novosti"],"acf":{"facebook_opis":""},"jetpack_publicize_connections":[],"jetpack_featured_media_url":"https:\/\/i0.wp.com\/historiografija.hr\/wp-content\/uploads\/2026\/01\/Osamljena.png?fit=2048%2C1153&ssl=1","jetpack_sharing_enabled":true,"jetpack-related-posts":[],"_links":{"self":[{"href":"https:\/\/historiografija.hr\/index.php?rest_route=\/wp\/v2\/posts\/51053","targetHints":{"allow":["GET"]}}],"collection":[{"href":"https:\/\/historiografija.hr\/index.php?rest_route=\/wp\/v2\/posts"}],"about":[{"href":"https:\/\/historiografija.hr\/index.php?rest_route=\/wp\/v2\/types\/post"}],"author":[{"embeddable":true,"href":"https:\/\/historiografija.hr\/index.php?rest_route=\/wp\/v2\/users\/2"}],"replies":[{"embeddable":true,"href":"https:\/\/historiografija.hr\/index.php?rest_route=%2Fwp%2Fv2%2Fcomments&post=51053"}],"version-history":[{"count":1,"href":"https:\/\/historiografija.hr\/index.php?rest_route=\/wp\/v2\/posts\/51053\/revisions"}],"predecessor-version":[{"id":51055,"href":"https:\/\/historiografija.hr\/index.php?rest_route=\/wp\/v2\/posts\/51053\/revisions\/51055"}],"wp:featuredmedia":[{"embeddable":true,"href":"https:\/\/historiografija.hr\/index.php?rest_route=\/wp\/v2\/media\/51054"}],"wp:attachment":[{"href":"https:\/\/historiografija.hr\/index.php?rest_route=%2Fwp%2Fv2%2Fmedia&parent=51053"}],"wp:term":[{"taxonomy":"category","embeddable":true,"href":"https:\/\/historiografija.hr\/index.php?rest_route=%2Fwp%2Fv2%2Fcategories&post=51053"},{"taxonomy":"post_tag","embeddable":true,"href":"https:\/\/historiografija.hr\/index.php?rest_route=%2Fwp%2Fv2%2Ftags&post=51053"}],"curies":[{"name":"wp","href":"https:\/\/api.w.org\/{rel}","templated":true}]}}