{"id":51048,"date":"2026-01-20T22:56:19","date_gmt":"2026-01-20T22:56:19","guid":{"rendered":"https:\/\/historiografija.hr\/?p=51048"},"modified":"2026-01-20T22:59:11","modified_gmt":"2026-01-20T22:59:11","slug":"miroslav-krleza-zloto-i-srebro-zadaru","status":"publish","type":"post","link":"https:\/\/historiografija.hr\/?p=51048","title":{"rendered":"Miroslav Krle\u017ea, \u201eZ\u0142oto i srebro Zadaru\u201c"},"content":{"rendered":"\n<p>Poljski izdava\u010d Me\u0111unarodni kulturni centar objavio je u seriji ISTER izbor eseja o umjetnosti Miroslava Krle\u017ee <em>Zlato i srebro Zadra<\/em>, s uvodom, komentarom i prijevodom Macieja Czerwi\u0144skog (osim jednog eseja koji su preveli Ma\u0142gorzata i Jan Wierzbiccy). Izdanje donosi sljede\u0107e Krle\u017eine eseje: Ivan Me\u0161trovi\u0107 vjeruje u Boga, Podravski motivi kod Krste Hegedu\u0161i\u0107a, Srednjovjekovna umjetnost naroda Jugoslavije, Zlato i srebro Zadra.\u00a0<\/p>\n\n\n\n<hr class=\"wp-block-separator has-alpha-channel-opacity\"\/>\n\n\n\n<p><strong>Opis<\/strong><\/p>\n\n\n\n<p>Nemogu\u0107e je shvatiti dinamiku hrvatskih knji\u017eevnih, kulturnih i dru\u0161tvenih sustava bez razmatranja djela Miroslava Krle\u017ee &#8211; u podru\u010djima poezije, proze, biografije, dramskog pisanja, eseja, kulturne animacije, enciklopedizma i koncipiranja izlo\u017eaba. U svim tim podru\u010djima uspostavio je sna\u017enu poziciju, postigao proboje, preoblikovao i modificirao ne\u0161to te udahnuo novi \u017eivot u postoje\u0107u zbilju. Ova zbirka eseja o umjetnosti, koju je odabrao i uredio Maciej Czerwi\u0144ski, pribli\u017eava ovu izvanrednu figuru poljskim \u010ditateljima, otkrivaju\u0107i ne samo bogatstvo Krle\u017einog djela ve\u0107 i njegovo mjesto u krajoliku srednjoeuropske kulture.&nbsp; &nbsp; &nbsp;<\/p>\n\n\n\n<hr class=\"wp-block-separator has-alpha-channel-opacity\"\/>\n\n\n\n<p>Nie spos\u00f3b uchwyci\u0107 dynamiki chorwackich system\u00f3w literackich, kulturowych i spo\u0142ecznych bez uwzgl\u0119dnienia tw\u00f3rczo\u015bci Miroslava Krle\u017ey \u2014 i to na polu poezji, prozy, biografistyki, dramatopisarstwa, eseistyki, animacji kultury, encyklopedyzmu, wystawiennictwa. We wszystkich tych obszarach zbudowa\u0142 siln\u0105 pozycj\u0119, dokona\u0142 jakiego\u015b prze\u0142omu, co\u015b przemodelowa\u0142, zmodyfikowa\u0142, tchn\u0105\u0142 w zastan\u0105 rzeczywisto\u015b\u0107 nowe \u017cycie. Zbi\u00f3r esej\u00f3w o sztuce w wyborze i opracowaniu Macieja Czerwi\u0144skiego przybli\u017ca polskiemu czytelnikowi t\u0119 niezwyk\u0142\u0105 posta\u0107, ukazuj\u0105c nie tylko bogactwo tw\u00f3rczo\u015bci Krle\u017ey, lecz tak\u017ce miejsce, jakie zajmuje w pejza\u017cu kultury \u015brodkowoeuropejskiej.<\/p>\n\n\n\n<hr class=\"wp-block-separator has-alpha-channel-opacity\"\/>\n\n\n\n<p>Z chorwackiego prze\u0142o\u017cyli Maciej Czerwi\u0144ski, Ma\u0142gorzata i Jan Wierzbiccy<\/p>\n\n\n\n<p>Trzeci tom serii Ister pod redakcj\u0105 \u0141ukasza Galuska, Pauliny Ma\u0142ochleb i Bartosza Sadulskiego.<\/p>\n\n\n\n<p>Rok wydania: 2025<\/p>\n\n\n\n<p>Liczba stron: 225<\/p>\n\n\n\n<p>J\u0119zyk: polski<\/p>\n\n\n\n<hr class=\"wp-block-separator has-alpha-channel-opacity\"\/>\n\n\n\n<p>Izvor i fotografije izdanja:<\/p>\n\n\n\n<figure class=\"wp-block-embed is-type-wp-embed is-provider-mi-dzynarodowe-centrum-kultury wp-block-embed-mi-dzynarodowe-centrum-kultury\"><div class=\"wp-block-embed__wrapper\">\n<blockquote class=\"wp-embedded-content\" data-secret=\"wtYpDvEofg\"><a href=\"https:\/\/ksiegarniamck.pl\/produkt\/zloto-i-srebro-zadaru\/\">Z\u0142oto i srebro Zadaru<\/a><\/blockquote><iframe loading=\"lazy\" class=\"wp-embedded-content\" sandbox=\"allow-scripts\" security=\"restricted\" style=\"position: absolute; visibility: hidden;\" title=\"&#8222;Z\u0142oto i srebro Zadaru&#8221; &#8212; Mi\u0119dzynarodowe Centrum Kultury\" src=\"https:\/\/ksiegarniamck.pl\/produkt\/zloto-i-srebro-zadaru\/embed\/#?secret=Z02hPkLoAQ#?secret=wtYpDvEofg\" data-secret=\"wtYpDvEofg\" width=\"600\" height=\"338\" frameborder=\"0\" marginwidth=\"0\" marginheight=\"0\" scrolling=\"no\"><\/iframe>\n<\/div><\/figure>\n\n\n\n<hr class=\"wp-block-separator has-alpha-channel-opacity\"\/>\n","protected":false},"excerpt":{"rendered":"","protected":false},"author":2,"featured_media":51049,"comment_status":"open","ping_status":"open","sticky":false,"template":"","format":"standard","meta":{"_acf_changed":false,"jetpack_post_was_ever_published":false,"_jetpack_newsletter_access":"","_jetpack_dont_email_post_to_subs":false,"_jetpack_newsletter_tier_id":0,"_jetpack_memberships_contains_paywalled_content":false,"_jetpack_memberships_contains_paid_content":false,"footnotes":"","jetpack_publicize_message":"","jetpack_publicize_feature_enabled":true,"jetpack_social_post_already_shared":true,"jetpack_social_options":{"image_generator_settings":{"template":"highway","default_image_id":0,"font":"","enabled":false},"version":2}},"categories":[8,3],"tags":[],"class_list":["post-51048","post","type-post","status-publish","format-standard","has-post-thumbnail","hentry","category-knjige","category-novosti"],"acf":{"facebook_opis":""},"jetpack_publicize_connections":[],"jetpack_featured_media_url":"https:\/\/i0.wp.com\/historiografija.hr\/wp-content\/uploads\/2026\/01\/Krleza_Miroslaw_Zadar_ISTER.jpg?fit=2480%2C1653&ssl=1","jetpack_sharing_enabled":true,"jetpack-related-posts":[],"_links":{"self":[{"href":"https:\/\/historiografija.hr\/index.php?rest_route=\/wp\/v2\/posts\/51048","targetHints":{"allow":["GET"]}}],"collection":[{"href":"https:\/\/historiografija.hr\/index.php?rest_route=\/wp\/v2\/posts"}],"about":[{"href":"https:\/\/historiografija.hr\/index.php?rest_route=\/wp\/v2\/types\/post"}],"author":[{"embeddable":true,"href":"https:\/\/historiografija.hr\/index.php?rest_route=\/wp\/v2\/users\/2"}],"replies":[{"embeddable":true,"href":"https:\/\/historiografija.hr\/index.php?rest_route=%2Fwp%2Fv2%2Fcomments&post=51048"}],"version-history":[{"count":3,"href":"https:\/\/historiografija.hr\/index.php?rest_route=\/wp\/v2\/posts\/51048\/revisions"}],"predecessor-version":[{"id":51052,"href":"https:\/\/historiografija.hr\/index.php?rest_route=\/wp\/v2\/posts\/51048\/revisions\/51052"}],"wp:featuredmedia":[{"embeddable":true,"href":"https:\/\/historiografija.hr\/index.php?rest_route=\/wp\/v2\/media\/51049"}],"wp:attachment":[{"href":"https:\/\/historiografija.hr\/index.php?rest_route=%2Fwp%2Fv2%2Fmedia&parent=51048"}],"wp:term":[{"taxonomy":"category","embeddable":true,"href":"https:\/\/historiografija.hr\/index.php?rest_route=%2Fwp%2Fv2%2Fcategories&post=51048"},{"taxonomy":"post_tag","embeddable":true,"href":"https:\/\/historiografija.hr\/index.php?rest_route=%2Fwp%2Fv2%2Ftags&post=51048"}],"curies":[{"name":"wp","href":"https:\/\/api.w.org\/{rel}","templated":true}]}}