{"id":51045,"date":"2026-01-20T22:43:20","date_gmt":"2026-01-20T22:43:20","guid":{"rendered":"https:\/\/historiografija.hr\/?p=51045"},"modified":"2026-01-20T22:43:20","modified_gmt":"2026-01-20T22:43:20","slug":"bogdan-radica-bibliografija-1922-2018","status":"publish","type":"post","link":"https:\/\/historiografija.hr\/?p=51045","title":{"rendered":"BOGDAN RADICA: BIBLIOGRAFIJA (1922. \u2013 2018.)"},"content":{"rendered":"\n<p>Bogdan Radica (1904.-1993.) jedan je od najzna\u010dajnijih hrvatskih intelektualaca 20. stolje\u0107a, podjednako\u00a0zna\u010dajan kao kriti\u010dar, esejist i publicist, poliglota, sveu\u010dili\u0161ni profesor i erudita, diplomat, politi\u010dki emigrant, antifa\u0161ist i liberal, nacionalist i kozmopolit istovremeno,\u00a0politi\u010dki vizionar, svjedok i tuma\u010d povijesti 20. stolje\u0107a.\u00a0<\/p>\n\n\n\n<p><em>Bibliografija (1922. -2018.)<\/em>\u00a0obuhva\u0107a gotovo najve\u0107i dio njegova\u00a0opusa a izra\u0111ena je prema na\u010dinu citiranja iz <em>The Chicago Manual of Style<\/em>, 16<sup>th<\/sup>\u00a0ed. (2010), jer je Bogdan Radica \u017eivio i radio u Americi preko 50 godina i ve\u0107inu svojih radova je objavio u ameri\u010dkim publikacijama i u hrvatskom iseljeni\u010dkom tisku, uglavnom u Americi i Kanadi. Bibliografija te\u010de kronolo\u0161kim redom; po godinama kada su radovi objavljeni, a unutar godine bibliografske jedinice slo\u017eene su po datumima izdanja i po naslovu \u010dasopisa, ako je bilo vi\u0161e Radi\u010dinih \u010dlanaka u jednom \u010dasopisu oni su stavljeni u podskupine. To se osobito odnosi na njegove \u010dlanke u hrvatskim emigrantskim novinama i periodici.<\/p>\n\n\n\n<p>Bogdan Radica je svojom elaboracijom hrvatskog nacionalnog pitanja, svojim pisanjem o svjetskom i jugoslavenskom komunizmu i uop\u0107e o temama iz svjetske politike i kulture 20. stolje\u0107a ostavio zna\u010dajan doprinos tom vremenu.<br>Bibliografija radova Bogdana Radice na jednom mjestu kapitalan je doprinos poznavanju \u00a0ne samo njegova \u00a0\u017eivota i djelovanja \u00a0nego i \u00a0dragocijen doprinos hrvatskoj politi\u010dkoj i\u00a0kulturnoj povijesti XX. stolje\u0107a iz pera jednog od najboljih autora i istaknutog predstavnika hrvatske dijaspore toga razdoblja.<\/p>\n\n\n\n<hr class=\"wp-block-separator has-alpha-channel-opacity\"\/>\n\n\n\n<p>Knji\u017eevni krug Split, 2025. (336 str.)<\/p>\n\n\n\n<hr class=\"wp-block-separator has-alpha-channel-opacity\"\/>\n\n\n\n<p>Izvor:<\/p>\n\n\n\n<figure class=\"wp-block-embed is-type-wp-embed is-provider-knji-evni-krug-split wp-block-embed-knji-evni-krug-split\"><div class=\"wp-block-embed__wrapper\">\n<blockquote class=\"wp-embedded-content\" data-secret=\"wu518mhTNI\"><a href=\"https:\/\/www.knjizevni-krug.hr\/knjige\/bogdan-radica-bibliografija-1922-2018\/\">BOGDAN RADICA: BIBLIOGRAFIJA (1922. &#8211; 2018.)<\/a><\/blockquote><iframe loading=\"lazy\" class=\"wp-embedded-content\" sandbox=\"allow-scripts\" security=\"restricted\" style=\"position: absolute; visibility: hidden;\" title=\"&#8220;BOGDAN RADICA: BIBLIOGRAFIJA (1922. &#8211; 2018.)&#8221; &#8212; Knji\u017eevni krug Split\" src=\"https:\/\/www.knjizevni-krug.hr\/knjige\/bogdan-radica-bibliografija-1922-2018\/embed\/#?secret=wu518mhTNI\" data-secret=\"wu518mhTNI\" width=\"600\" height=\"338\" frameborder=\"0\" marginwidth=\"0\" marginheight=\"0\" scrolling=\"no\"><\/iframe>\n<\/div><\/figure>\n\n\n\n<hr class=\"wp-block-separator has-alpha-channel-opacity\"\/>\n","protected":false},"excerpt":{"rendered":"","protected":false},"author":2,"featured_media":51046,"comment_status":"open","ping_status":"open","sticky":false,"template":"","format":"standard","meta":{"_acf_changed":false,"jetpack_post_was_ever_published":false,"_jetpack_newsletter_access":"","_jetpack_dont_email_post_to_subs":false,"_jetpack_newsletter_tier_id":0,"_jetpack_memberships_contains_paywalled_content":false,"_jetpack_memberships_contains_paid_content":false,"footnotes":"","jetpack_publicize_message":"","jetpack_publicize_feature_enabled":true,"jetpack_social_post_already_shared":true,"jetpack_social_options":{"image_generator_settings":{"template":"highway","default_image_id":0,"font":"","enabled":false},"version":2}},"categories":[8,3],"tags":[],"class_list":["post-51045","post","type-post","status-publish","format-standard","has-post-thumbnail","hentry","category-knjige","category-novosti"],"acf":{"facebook_opis":""},"jetpack_publicize_connections":[],"jetpack_featured_media_url":"https:\/\/i0.wp.com\/historiografija.hr\/wp-content\/uploads\/2026\/01\/Radica-BIBLIOGRAFIJA.jpg?fit=300%2C423&ssl=1","jetpack_sharing_enabled":true,"jetpack-related-posts":[],"_links":{"self":[{"href":"https:\/\/historiografija.hr\/index.php?rest_route=\/wp\/v2\/posts\/51045","targetHints":{"allow":["GET"]}}],"collection":[{"href":"https:\/\/historiografija.hr\/index.php?rest_route=\/wp\/v2\/posts"}],"about":[{"href":"https:\/\/historiografija.hr\/index.php?rest_route=\/wp\/v2\/types\/post"}],"author":[{"embeddable":true,"href":"https:\/\/historiografija.hr\/index.php?rest_route=\/wp\/v2\/users\/2"}],"replies":[{"embeddable":true,"href":"https:\/\/historiografija.hr\/index.php?rest_route=%2Fwp%2Fv2%2Fcomments&post=51045"}],"version-history":[{"count":1,"href":"https:\/\/historiografija.hr\/index.php?rest_route=\/wp\/v2\/posts\/51045\/revisions"}],"predecessor-version":[{"id":51047,"href":"https:\/\/historiografija.hr\/index.php?rest_route=\/wp\/v2\/posts\/51045\/revisions\/51047"}],"wp:featuredmedia":[{"embeddable":true,"href":"https:\/\/historiografija.hr\/index.php?rest_route=\/wp\/v2\/media\/51046"}],"wp:attachment":[{"href":"https:\/\/historiografija.hr\/index.php?rest_route=%2Fwp%2Fv2%2Fmedia&parent=51045"}],"wp:term":[{"taxonomy":"category","embeddable":true,"href":"https:\/\/historiografija.hr\/index.php?rest_route=%2Fwp%2Fv2%2Fcategories&post=51045"},{"taxonomy":"post_tag","embeddable":true,"href":"https:\/\/historiografija.hr\/index.php?rest_route=%2Fwp%2Fv2%2Ftags&post=51045"}],"curies":[{"name":"wp","href":"https:\/\/api.w.org\/{rel}","templated":true}]}}