{"id":51042,"date":"2026-01-20T22:33:58","date_gmt":"2026-01-20T22:33:58","guid":{"rendered":"https:\/\/historiografija.hr\/?p=51042"},"modified":"2026-01-20T22:33:58","modified_gmt":"2026-01-20T22:33:58","slug":"zavrsena-obnova-atelijera-mestrovic-u-zagrebu","status":"publish","type":"post","link":"https:\/\/historiografija.hr\/?p=51042","title":{"rendered":"Zavr\u0161ena obnova Atelijera Me\u0161trovi\u0107 u Zagrebu"},"content":{"rendered":"\n<p>Atelijer Me\u0161trovi\u0107 ponovno je otvoren nakon godina obnove, koju je pokrenula potreba da se prostor osna\u017ei i obnovi nakon potresa, a tijekom koje je svaki kutak pa\u017eljivo prilago\u0111en kako bi prostor ponovno za\u017eivio i omogu\u0107io posjetiteljima intiman susret s umjetnikovim \u017eivotom i opusom. Sada, s novim stalnim postavom, posjetitelji mogu uroniti u ambijent atelijera u kojem je Ivan Me\u0161trovi\u0107 \u017eivio i stvarao, do\u017eivjeti njegovu umjetnost izbliza i otkriti pri\u010de koje se kriju iza svake skulpture.<\/p>\n\n\n\n<p>Projekt obnove vodila je ravnateljica Muzeja Ivana Me\u0161trovi\u0107a Sandra Gr\u010di\u0107 Budimir, dok je stalni postav osmislila muzejska savjetnica dr. sc. Barbara Vujanovi\u0107. Arhitektonsko i likovno oblikovanje potpisuju Damir Gamulin, Antun Sev\u0161ek i Jasmin \u0106emanovi\u0107 iz studija Organizirano oblikovanje.<\/p>\n\n\n\n<p>\u201eIza nas je te\u0161ko i slo\u017eeno razdoblje obilje\u017eeno potresima, pandemijom i cjelovitom obnovom tijekom koje su inventar, skulpture i djelatnici morali biti preseljeni, a gotovo cijela ku\u0107a ponovno preslo\u017eena. Usprkos svim izazovima, danas s ponosom svjedo\u010dimo obnovljenom Atelijeru Me\u0161trovi\u0107 i novom stalnom postavu kojim Ivana Me\u0161trovi\u0107a iznova aktualiziramo s dubokim po\u0161tovanjem prema njegovoj ostav\u0161tini. Zahvaljujem svima koji su svojim radom, znanjem i predano\u0161\u0107u omogu\u0107ili ovu realizaciju. Posebnu zahvalnost upu\u0107ujem svim djelatnicima Muzeja Ivana Me\u0161trovi\u0107a koji su iznijeli ovu pri\u010du. Neka ovaj dan ozna\u010di po\u010detak nove, vedrije dionice Atelijera, u duhu Me\u0161trovi\u0107eve umjetnosti koja, kako je napisao Rittig, nosi nadu u budu\u0107nost.\u201c \u2014 istaknula je ravnateljica Sandra Gr\u010di\u0107 Budimir.<\/p>\n\n\n\n<p>Muzejska savjetnica dr. sc. Barbara Vujanovi\u0107 dodala je: \u201eNovi stalni postav Atelijera Me\u0161trovi\u0107 donosi svje\u017e, suvremen pogled na \u017eivot i stvarala\u0161tvo Ivana Me\u0161trovi\u0107a. Ku\u0107a s atrijem, vrtom i atelijerom promatra se kao jedinstveni muzejski prostor u kojem ambijent sam postaje dio pri\u010de o umjetniku. Skulpture su organizirane u tematske cjeline koje otkrivaju proces nastanka djela, posebnosti materijala i iskustva koja su oblikovala Me\u0161trovi\u0107ev opus. Postav ostaje \u017eiv i dinami\u010dan zahvaljuju\u0107i povremenim izmjenama eksponata, dok se posjetiteljima \u017eeli pru\u017eiti toplo, neposredno i senzorno iskustvo, dostupno i onima koji dolaze bez prethodnog stru\u010dnog znanja. Nova stalna izlo\u017eba uspostavlja ravnote\u017eu izme\u0111u tradicije i suvremenosti, potvr\u0111uju\u0107i Me\u0161trovi\u0107ev dom kao prostor otvorenog dijaloga izme\u0111u umjetnosti, arhitekture i publike.\u201c<\/p>\n\n\n\n<p>Prostor Atelijera sada doista mami na \u0161etnju: kroz atrij, vrt i odvojeni atelijer, svaki kutak pri\u010da svoju pri\u010du. Posjetitelji mogu u\u017eivati u intimnoj atmosferi doma u kojem je Me\u0161trovi\u0107 \u017eivio sa suprugom Olgom i \u010detvero djece, promatrati radove u razli\u010ditim materijalima i osjetiti energiju njegova kreativnog procesa. Skulpture su raspore\u0111ene u pregledne cjeline, \u0161to olak\u0161ava otkrivanje veza me\u0111u djelima i omogu\u0107uje da svaka posjeta bude nova avantura.<\/p>\n\n\n\n<p>Ku\u0107a u Mleta\u010dkoj 8, koju je Me\u0161trovi\u0107 oblikovao 1920-ih, jo\u0161 uvijek nosi duh njegovog stvarala\u0161tva i intelektualnog \u017eivota. Tu su antologijska djela kao Milo\u0161 Obili\u0107, Povijest Hrvata, \u017eenski aktovi iz me\u0111uratnog razdoblja, ali i raritetni portret kralja Faisala \u2013 djelo koje svjedo\u010di me\u0111unarodnom ugledu koji je Me\u0161trovi\u0107 u\u017eivao.<\/p>\n\n\n\n<p>Tekstovi Barbare Vujanovi\u0107 i Mate Mari\u0107a vode posjetitelje kroz \u017eivot i rad umjetnika, jednostavno i zanimljivo, dok fleksibilni postamenti i mogu\u0107nost rotiranja skulptura omogu\u0107uju da se svaki put otkrije neka nova perspektiva Atelijera. Posjetitelji mogu kombinirati edukaciju i do\u017eivljaj, \u0161etnju i fotografiranje, stvaraju\u0107i vlastitu pri\u010du o ovom kultnom prostoru.<\/p>\n\n\n\n<p>Sve\u010danom otvorenju prisustvovali su predsjednik Vlade Republike Hrvatske mr. sc. Andrej Plenkovi\u0107 sa suradnicima, ministrica kulture i medija dr. sc. Nina Obuljen Kor\u017einek, ministrice doc. dr. sc. Irena Hrsti\u0107 i mr. sc. Marija Vu\u010dkovi\u0107, uzvanici, predstavnici ustanova u kulturi i drugi gosti.<\/p>\n\n\n\n<p>Prigodom otvorenja prikazan je film koji govori o procesu obnove, novom postavu, Me\u0161trovi\u0107evu zna\u010daju nekada i danas te \u017eivotu muzeja na Gornjem gradu u izazovnim prilikama, a mo\u017ee ga se pogledati <a href=\"https:\/\/www.youtube.com\/watch?v=sj9zpG3jS_Y&amp;t=12s\" target=\"_blank\" rel=\"noreferrer noopener\">ovdje<\/a>.<\/p>\n\n\n\n<hr class=\"wp-block-separator has-alpha-channel-opacity\"\/>\n\n\n\n<p>Izvor:<\/p>\n\n\n\n<figure class=\"wp-block-embed is-type-wp-embed is-provider-muzej-ivana-mestrovica wp-block-embed-muzej-ivana-mestrovica\"><div class=\"wp-block-embed__wrapper\">\n<blockquote class=\"wp-embedded-content\" data-secret=\"EF9yGRnVIy\"><a href=\"https:\/\/mestrovic.hr\/zavrsila-je-obnova-atelijera-mestrovic-umjetnikov-dom-ponovno-otvoren-za-posjetitelje\/\">Zavr\u0161ila je obnova Atelijera Me\u0161trovi\u0107 \u2013 umjetnikov dom ponovno otvoren za posjetitelje<\/a><\/blockquote><iframe loading=\"lazy\" class=\"wp-embedded-content\" sandbox=\"allow-scripts\" security=\"restricted\" style=\"position: absolute; visibility: hidden;\" title=\"&#8220;Zavr\u0161ila je obnova Atelijera Me\u0161trovi\u0107 \u2013 umjetnikov dom ponovno otvoren za posjetitelje&#8221; &#8212; Muzej Ivana Mestrovica\" src=\"https:\/\/mestrovic.hr\/zavrsila-je-obnova-atelijera-mestrovic-umjetnikov-dom-ponovno-otvoren-za-posjetitelje\/embed\/#?secret=fyYbc9QbLT#?secret=EF9yGRnVIy\" data-secret=\"EF9yGRnVIy\" width=\"600\" height=\"338\" frameborder=\"0\" marginwidth=\"0\" marginheight=\"0\" scrolling=\"no\"><\/iframe>\n<\/div><\/figure>\n\n\n\n<hr class=\"wp-block-separator has-alpha-channel-opacity\"\/>\n","protected":false},"excerpt":{"rendered":"","protected":false},"author":2,"featured_media":51043,"comment_status":"open","ping_status":"open","sticky":false,"template":"","format":"standard","meta":{"_acf_changed":false,"jetpack_post_was_ever_published":false,"_jetpack_newsletter_access":"","_jetpack_dont_email_post_to_subs":false,"_jetpack_newsletter_tier_id":0,"_jetpack_memberships_contains_paywalled_content":false,"_jetpack_memberships_contains_paid_content":false,"footnotes":"","jetpack_publicize_message":"","jetpack_publicize_feature_enabled":true,"jetpack_social_post_already_shared":true,"jetpack_social_options":{"image_generator_settings":{"template":"highway","default_image_id":0,"font":"","enabled":false},"version":2}},"categories":[3],"tags":[],"class_list":["post-51042","post","type-post","status-publish","format-standard","has-post-thumbnail","hentry","category-novosti"],"acf":{"facebook_opis":""},"jetpack_publicize_connections":[],"jetpack_featured_media_url":"https:\/\/i0.wp.com\/historiografija.hr\/wp-content\/uploads\/2026\/01\/Muzeji_Ivana_Mestrovica.jpg?fit=500%2C600&ssl=1","jetpack_sharing_enabled":true,"jetpack-related-posts":[],"_links":{"self":[{"href":"https:\/\/historiografija.hr\/index.php?rest_route=\/wp\/v2\/posts\/51042","targetHints":{"allow":["GET"]}}],"collection":[{"href":"https:\/\/historiografija.hr\/index.php?rest_route=\/wp\/v2\/posts"}],"about":[{"href":"https:\/\/historiografija.hr\/index.php?rest_route=\/wp\/v2\/types\/post"}],"author":[{"embeddable":true,"href":"https:\/\/historiografija.hr\/index.php?rest_route=\/wp\/v2\/users\/2"}],"replies":[{"embeddable":true,"href":"https:\/\/historiografija.hr\/index.php?rest_route=%2Fwp%2Fv2%2Fcomments&post=51042"}],"version-history":[{"count":1,"href":"https:\/\/historiografija.hr\/index.php?rest_route=\/wp\/v2\/posts\/51042\/revisions"}],"predecessor-version":[{"id":51044,"href":"https:\/\/historiografija.hr\/index.php?rest_route=\/wp\/v2\/posts\/51042\/revisions\/51044"}],"wp:featuredmedia":[{"embeddable":true,"href":"https:\/\/historiografija.hr\/index.php?rest_route=\/wp\/v2\/media\/51043"}],"wp:attachment":[{"href":"https:\/\/historiografija.hr\/index.php?rest_route=%2Fwp%2Fv2%2Fmedia&parent=51042"}],"wp:term":[{"taxonomy":"category","embeddable":true,"href":"https:\/\/historiografija.hr\/index.php?rest_route=%2Fwp%2Fv2%2Fcategories&post=51042"},{"taxonomy":"post_tag","embeddable":true,"href":"https:\/\/historiografija.hr\/index.php?rest_route=%2Fwp%2Fv2%2Ftags&post=51042"}],"curies":[{"name":"wp","href":"https:\/\/api.w.org\/{rel}","templated":true}]}}