{"id":51030,"date":"2026-01-19T20:43:42","date_gmt":"2026-01-19T20:43:42","guid":{"rendered":"https:\/\/historiografija.hr\/?p=51030"},"modified":"2026-01-19T20:54:03","modified_gmt":"2026-01-19T20:54:03","slug":"izlozba-i-popratni-program-ulica-patrisa-lumumbe-u-muzeju-prigorja-u-sesvetama","status":"publish","type":"post","link":"https:\/\/historiografija.hr\/?p=51030","title":{"rendered":"Izlo\u017eba i popratni program \u201eUlica Patrisa\u00a0Lumumbe\u201c u Muzeju Prigorja u Sesvetama"},"content":{"rendered":"\n<p>Pozivamo na otvorenje izlo\u017ebe ULICA PATRISA LUMUMBE u utorak 20. sije\u010dnja 2026. u 18:30 sati.<\/p>\n\n\n\n<p>Izlo\u017eba&nbsp;<strong>Ulica Patrisa Lumumbe&nbsp;<\/strong>tematizira dana\u0161nju&nbsp;<a href=\"https:\/\/www.auto-karta-hrvatske.com\/sesvete\/ninska-ulica\/\">Ninsku ulicu,<\/a>&nbsp;jednu od najva\u017enijih ulica u zagreba\u010dkoj gradskoj \u010detvrti Sesvete. Ninska ulica predstavlja jednu od klju\u010dnih prometnih i dru\u0161tvenih osi Sesveta. Od nekada\u0161njeg poljskog puta, dolaskom \u017eeljeznice 1870. godine postupno se oblikovala kao sredi\u0161nja sesvetska ulica i \u017eivopisno mjesto svakodnevice. Ulica je kroz povijest nekoliko puta mijenjala ime. U razdoblju od 1961. do 1991. godine&nbsp;zvala se u \u010dast&nbsp;Patricea&nbsp;Lumumbe, povezuju\u0107i lokalni prostor s globalnim idejama borbe za slobodu i samoodre\u0111enje. Danas je Ninska ulica mjesto slojevitog urbanog pam\u0107enja i va\u017ean dio identiteta Sesveta. U njoj se nalazi i najstariji sesvetski drvored, va\u017ean element identiteta i kontinuiteta gradskog prostora.<\/p>\n\n\n\n<p>Izlo\u017eba se odr\u017eava povodom stote obljetnice ro\u0111enja&nbsp;<a href=\"https:\/\/www.enciklopedija.hr\/clanak\/lumumba-patrice\">Patricea Lumumbe<\/a>&nbsp;(1925. \u2013 2025.) i ovogodi\u0161nje 65. obljetnice njegove smrti.&nbsp;Patrice Lumumba bio je borac za dekolonizaciju, prvi premijer neovisne&nbsp;<a href=\"https:\/\/enciklopedija.hr\/clanak\/kongo-demokratska-republika\">Demokratske Republike Kongo,<\/a>&nbsp;a danas je globalni simbol borbe za slobodu i prava potla\u010denih<\/p>\n\n\n\n<p>Izlo\u017eba&nbsp;<strong>Ulica Patrisa Lumumbe<\/strong>&nbsp;istra\u017euje slojevitu povijest dana\u0161nje Ninske ulice \u2013 jedne od klju\u010dnih urbanih osi najve\u0107e zagreba\u010dke gradske \u010detvrti. Polaze\u0107i od njezina razvoja od obi\u010dnog poljskog puta do sredi\u0161nje&nbsp;sesvetske&nbsp;ulice, izlo\u017eba povezuje lokalnu povijest s globalnim politi\u010dkim i simboli\u010dkim kontekstom razdoblja u kojem je ulica nosila ime kongoanskog borca za dekolonizaciju i neovisnost. U sredi\u0161tu izlo\u017ebenog narativa nalaze se reprezentativni objekti, kroz koje se prikazuje njezin urbanisti\u010dki i dru\u0161tveni razvoj. Izme\u0111u ostaloga, izlo\u017eba donosi i prikaz zagreba\u010dkog prosvjeda odr\u017eanog povodom ubojstva Patricea Lumumbe 1961. godine, ukazuju\u0107i na sna\u017ean odjek globalnih politi\u010dkih doga\u0111aja u lokalnom kontekstu. Kroz arhivsku gra\u0111u, dokumente, plakate, umjetni\u010dke radove i suvremene intervencije, izlo\u017eba&nbsp;o jednoj zagreba\u010dkoj ulici&nbsp;propituje odnos izme\u0111u imenovanja javnog prostora, kolektivnog pam\u0107enja i identiteta zajednice.<\/p>\n\n\n\n<p>Autor izlo\u017ebe: Damir Fofi\u0107<br>Ideja\/suradnik na izlo\u017ebi: Sa\u0161a \u0160impraga &nbsp;<br>Dizajn: Niko Mihaljevi\u0107&nbsp;<\/p>\n\n\n\n<p>Zahvala: Vlado Martek<\/p>\n\n\n\n<hr class=\"wp-block-separator has-alpha-channel-opacity\"\/>\n\n\n\n<p>Izlo\u017eba je dio projekta&nbsp;<strong>Ulica Patricea Lumumbe<\/strong>&nbsp;u sklopu kojega je proveden&nbsp;<a href=\"https:\/\/muzejprigorja.hr\/natjecaj-za-plakat-povodom-stote-obljetnice-rodenja-patricea-lumumbe\/\">javni natje\u010daj za plakat povodom stote obljetnice ro\u0111enja Patricea Lumumbe<\/a>, te izvedena privremena&nbsp;<a href=\"https:\/\/muzejprigorja.hr\/vlado-martek-lumumba\/\">umjetni\u010dka intervencija autora Vlade Marteka<\/a>&nbsp;na prostoru Ninske ulice, tako\u0111er posve\u0107ena Patriceu Lumumbi. Na natje\u010daju nagra\u0111eni plakati, uz neke od izdvojenih, bit \u0107e predstavljeni i na izlo\u017ebi, a uz izvedeni rad Vlade Marteka predstavit \u0107e se i njegov rad \u201eLjubav i mr\u017enja\u201c nastao posebno za izlo\u017ebu.&nbsp;Nagra\u0111eni i na izlo\u017ebi predstavljeni plakati te izvedeni rad Vlade Marteka u\u0107i \u0107e u fundus Muzeja Prigorja.&nbsp;<\/p>\n\n\n\n<p>U sklopu projekta i u suradnji s platformom&nbsp;<a href=\"https:\/\/1postozagrad.tumblr.com\/\">1POSTOZAGRAD,<\/a>&nbsp;pokrenuta je i incijativa da se najstariji sesvetski drvored, u Ninskoj ulici, obnovi sadnjom stabla koje nedostaje. &nbsp;&nbsp;&nbsp;<\/p>\n\n\n\n<hr class=\"wp-block-separator has-alpha-channel-opacity\"\/>\n\n\n\n<p>POPRATNI PROGRAMI<\/p>\n\n\n\n<hr class=\"wp-block-separator has-alpha-channel-opacity\"\/>\n\n\n\n<p><strong>Damir Fofi\u0107:&nbsp;Ninska \u2013 od puteljka do ulice<\/strong><\/p>\n\n\n\n<p>predavanje<br>Muzej Prigorja<\/p>\n\n\n\n<p>petak, 30. sije\u010dnja 2026.&nbsp;u&nbsp;19:30&nbsp;sati<\/p>\n\n\n\n<p>Predavanje o povijesnom razvoju dana\u0161nje Ninske ulice.&nbsp;<\/p>\n\n\n\n<p><em>Damir Fofi\u0107 je&nbsp;povjesni\u010dar&nbsp;i&nbsp;arheolog,&nbsp;kustos Muzeja Prigorja&nbsp;te&nbsp;autor nekoliko izlo\u017ebi. &nbsp;&nbsp;&nbsp;<\/em><\/p>\n\n\n\n<hr class=\"wp-block-separator has-alpha-channel-opacity\"\/>\n\n\n\n<p><strong>Tvrtko Jakovina:&nbsp;\u201cSmrt kolonijalizmu\u201d<\/strong><br>predavanje<\/p>\n\n\n\n<p>Muzej Prigorja<\/p>\n\n\n\n<p>\u010detvrtak, 5. velja\u010de 2026. u 18:30&nbsp;sati<\/p>\n\n\n\n<p>Progla\u0161enje neovisnosti belgijskog Konga i dolazak Patricea Lumumbe na \u010delo vlade nove dr\u017eave 1960. godine,&nbsp;bio je doga\u0111aj slavljen u cijelom svijetu. Dekolonizacija je do\u017eivljavana kao pravedna, logi\u010dna, s obje strane ideolo\u0161ke zavjese poku\u0161avalo se interpretirati kongoanska zbivanja u vlastitu korist. Nezadovoljni su bili&nbsp;neki u etni\u010dki slo\u017eenom Kongu, oni koji su smatrali da bi trebali biti na \u010delu zemlje, pa europske kompanije i doju\u010dera\u0161nji kolonijalisti, koji su izgubili vlast. Uz osnovnu kronologiju zbivanja u Demokratskoj Republici Kongo po\u010detkom \u0161ezdesetih, predavanje \u0107e govoriti i o prosvjedima diljem svijeta nakon \u0161to je u sije\u010dnju 1961. Lumumba ubijen. \u201eVjesnik\u201c je tada javljao da je na demonstracijama u Zagrebu na Trgu Republike bilo 200 000 ljudi. \u201eSmrt kolonijalizmu\u201c i \u201eDajte Africi slobodu\u201c bile su neke od tada uzvikivanih parola. Predavanje \u0107e poku\u0161ati objasniti za\u0161to je Lumumba nekad bio vidljiv i u Hrvatskoj, za\u0161to je jo\u0161 uvijek simbol otpora,&nbsp;za\u0161to je \u010dovjek koji mu sli\u010di postao simbolom afri\u010dkog nogometnog prvenstva 2026. &nbsp; &nbsp; &nbsp; &nbsp;&nbsp;&nbsp;&nbsp;&nbsp;<\/p>\n\n\n\n<p><em>Tvrtko Jakovina je povjesni\u010dar i profesor na Odsjeku za povijest Filozofskog fakulteta u Sveu\u010dili\u0161ta Zagrebu.&nbsp;Autor je nekoliko&nbsp;knjiga o hrvatskoj, jugoslavenskoj&nbsp;i svjetskoj povijesti 20. stolje\u0107a.<\/em><\/p>\n\n\n\n<hr class=\"wp-block-separator has-alpha-channel-opacity\"\/>\n\n\n\n<p><strong>Sesvete ni\/su periferija&nbsp;<\/strong><\/p>\n\n\n\n<p>tribina&nbsp;<\/p>\n\n\n\n<p>Muzej Prigorja, \u010detvrtak, 12. velja\u010de 2026.&nbsp;u 18:30&nbsp;sati.&nbsp;<\/p>\n\n\n\n<p>Gosti:&nbsp;Vi\u0161nja Kljaji\u0107 &nbsp;i&nbsp;Marijo Spaji\u0107&nbsp;<\/p>\n\n\n\n<p>Moderator: Sa\u0161a \u0160impraga&nbsp;<\/p>\n\n\n\n<p>Tribina&nbsp;je&nbsp;posve\u0107ena stanju i perspektivama urbanisti\u010dkog, komunalnog,&nbsp;dru\u0161tvenog&nbsp;i kulturnog&nbsp;razvoja zagreba\u010dke gradske \u010detvrti Sesvete.&nbsp;<\/p>\n\n\n\n<p><em>Vi\u0161nja Kljaji\u0107 je arhitektica i \u010dlanica inicijative&nbsp;Sljeme za sve&nbsp;koja se bavi dru\u0161tvenom aktivacijom kompleksa biv\u0161e tvornice&nbsp;\u201eSljeme\u201c. &nbsp;<\/em><em><br>Marijo Spaji\u0107 je krajobrazni arhitekt i predsjednik&nbsp;Udru\u017eenja&nbsp;krajobraznih arhitekata Hrvatske. Kroz aktivnosti Udruge&nbsp;Zelene i plave Sesvete bio je voditelj sadnje vi\u0161e od 700 stabala na podru\u010dju Sesveta.<\/em><\/p>\n\n\n\n<hr class=\"wp-block-separator has-alpha-channel-opacity\"\/>\n\n\n\n<p><strong>Sa\u0161a \u0160impraga: Zagreba\u010dke ulice tu\u0111ih mrtvaca<\/strong><br>predavanje<\/p>\n\n\n\n<p>Muzej Prigorja,&nbsp;<\/p>\n\n\n\n<p>\u010detvrtak, 19. velja\u010de 2026. u 18:30&nbsp;sati.<br>Predavanje \u0107e dati povijesni pregled imenovanja javnih povr\u0161ina u Zagrebu po strancima, stranim gradovima, dr\u017eavama i me\u0111unarodnim organizacijama.&nbsp;<\/p>\n\n\n\n<p><em>Sa\u0161a \u0160impraga je publicist i aktivist. Autor je tri knjige o Zagrebu: Zagreb, javni prostor, Grad je sinteza i Mikrourbanizmi.&nbsp;&nbsp;&nbsp;&nbsp;<\/em><\/p>\n\n\n\n<hr class=\"wp-block-separator has-alpha-channel-opacity\"\/>\n\n\n\n<p>*Izlo\u017eba i popratni program dio su projekta&nbsp;<strong>Ulica Patricea&nbsp;Lumumbe.<\/strong>&nbsp;Projekt provode Udruga za nezavisnu medijsku kulturu (UNMK) i Muzej Prigorja. Autor projekta je Sa\u0161a \u0160impraga. Projekt je &nbsp;podr\u017ean od Grada Zagreba\/ Gradskog ureda za kulturu i civilno dru\u0161tvo temeljem javnog poziva Kultura i umjetnost u zajednici.<\/p>\n\n\n\n<hr class=\"wp-block-separator has-alpha-channel-opacity\"\/>\n\n\n\n<p>Izvor:<\/p>\n\n\n\n<figure class=\"wp-block-embed is-type-wp-embed is-provider-muzej-prigorja wp-block-embed-muzej-prigorja\"><div class=\"wp-block-embed__wrapper\">\n<blockquote class=\"wp-embedded-content\" data-secret=\"PSidDTGzXC\"><a href=\"https:\/\/muzejprigorja.hr\/ulica-patrisa-lumumbe\/\">Ulica Patrisa Lumumbe<\/a><\/blockquote><iframe loading=\"lazy\" class=\"wp-embedded-content\" sandbox=\"allow-scripts\" security=\"restricted\" style=\"position: absolute; visibility: hidden;\" title=\"&#8220;Ulica Patrisa Lumumbe&#8221; &#8212; Muzej Prigorja\" src=\"https:\/\/muzejprigorja.hr\/ulica-patrisa-lumumbe\/embed\/#?secret=wd227GUFQG#?secret=PSidDTGzXC\" data-secret=\"PSidDTGzXC\" width=\"600\" height=\"338\" frameborder=\"0\" marginwidth=\"0\" marginheight=\"0\" scrolling=\"no\"><\/iframe>\n<\/div><\/figure>\n\n\n\n<hr class=\"wp-block-separator has-alpha-channel-opacity\"\/>\n","protected":false},"excerpt":{"rendered":"","protected":false},"author":2,"featured_media":51031,"comment_status":"open","ping_status":"open","sticky":false,"template":"","format":"standard","meta":{"_acf_changed":false,"jetpack_post_was_ever_published":false,"_jetpack_newsletter_access":"","_jetpack_dont_email_post_to_subs":false,"_jetpack_newsletter_tier_id":0,"_jetpack_memberships_contains_paywalled_content":false,"_jetpack_memberships_contains_paid_content":false,"footnotes":"","jetpack_publicize_message":"","jetpack_publicize_feature_enabled":true,"jetpack_social_post_already_shared":true,"jetpack_social_options":{"image_generator_settings":{"template":"highway","default_image_id":0,"font":"","enabled":false},"version":2}},"categories":[10,3],"tags":[],"class_list":["post-51030","post","type-post","status-publish","format-standard","has-post-thumbnail","hentry","category-izlozbe","category-novosti"],"acf":{"facebook_opis":""},"jetpack_publicize_connections":[],"jetpack_featured_media_url":"https:\/\/i0.wp.com\/historiografija.hr\/wp-content\/uploads\/2026\/01\/UPLk.png?fit=1070%2C960&ssl=1","jetpack_sharing_enabled":true,"jetpack-related-posts":[],"_links":{"self":[{"href":"https:\/\/historiografija.hr\/index.php?rest_route=\/wp\/v2\/posts\/51030","targetHints":{"allow":["GET"]}}],"collection":[{"href":"https:\/\/historiografija.hr\/index.php?rest_route=\/wp\/v2\/posts"}],"about":[{"href":"https:\/\/historiografija.hr\/index.php?rest_route=\/wp\/v2\/types\/post"}],"author":[{"embeddable":true,"href":"https:\/\/historiografija.hr\/index.php?rest_route=\/wp\/v2\/users\/2"}],"replies":[{"embeddable":true,"href":"https:\/\/historiografija.hr\/index.php?rest_route=%2Fwp%2Fv2%2Fcomments&post=51030"}],"version-history":[{"count":3,"href":"https:\/\/historiografija.hr\/index.php?rest_route=\/wp\/v2\/posts\/51030\/revisions"}],"predecessor-version":[{"id":51036,"href":"https:\/\/historiografija.hr\/index.php?rest_route=\/wp\/v2\/posts\/51030\/revisions\/51036"}],"wp:featuredmedia":[{"embeddable":true,"href":"https:\/\/historiografija.hr\/index.php?rest_route=\/wp\/v2\/media\/51031"}],"wp:attachment":[{"href":"https:\/\/historiografija.hr\/index.php?rest_route=%2Fwp%2Fv2%2Fmedia&parent=51030"}],"wp:term":[{"taxonomy":"category","embeddable":true,"href":"https:\/\/historiografija.hr\/index.php?rest_route=%2Fwp%2Fv2%2Fcategories&post=51030"},{"taxonomy":"post_tag","embeddable":true,"href":"https:\/\/historiografija.hr\/index.php?rest_route=%2Fwp%2Fv2%2Ftags&post=51030"}],"curies":[{"name":"wp","href":"https:\/\/api.w.org\/{rel}","templated":true}]}}