{"id":51019,"date":"2026-01-19T19:27:29","date_gmt":"2026-01-19T19:27:29","guid":{"rendered":"https:\/\/historiografija.hr\/?p=51019"},"modified":"2026-01-19T19:27:29","modified_gmt":"2026-01-19T19:27:29","slug":"predstavljanje-knjige-envera-palalica-travnik-u-retrovizoru-u-zagrebu","status":"publish","type":"post","link":"https:\/\/historiografija.hr\/?p=51019","title":{"rendered":"Predstavljanje knjige Envera Palali\u0107a \u201eTravnik u retrovizoru\u201c u Zagrebu"},"content":{"rendered":"\n<p>U utorak, 20.01.2026. u 19.30 sati u Knji\u017enici i \u010ditaonici Bogdana Ogrizovi\u0107a u Zagrebu odr\u017eat \u0107e se predstavljanje knjige Envera Palali\u0107a, \u201eTravnik u retrovizoru\u201c. Knjigu \u0107e, uz autora, predstaviti dr. sc. Filip \u0160kiljan, povjesni\u010dar Ivan Zec i dr. sc. Vera Klop\u010di\u010d.<\/p>\n\n\n\n<hr class=\"wp-block-separator has-alpha-channel-opacity\"\/>\n\n\n\n<p>Autor ove knjige Enver Palali\u0107 je 1945. godine ro\u0111en u Travniku gdje zavr\u0161ava fotografski zanat. Cijeli \u017eivot je sa sobom nosio slike iz \u017eivota svoga rodnog grada, \u017eele\u0107i da ih o\u010duva, podijeli sa prijateljima i svojim dru\u0161tvom iz mladosti, a i da ih prenese narednim generacijama.<\/p>\n\n\n\n<p>Na \u017eivotnom putu sa kamerom ili sa dvije kamere Enver prolazi kroz razli\u010dite gradove i zemlje i evidentira fragmente iz \u017eivota sada\u0161njice, kao i bilje\u017ee\u0107i pri\u010de i legende iz pro\u0161lih vremena. U njemu je cijelo vrijeme tinjala \u017eelja da ovjekovje\u010di pri\u010de i legende njegovog grada i njegovu bogatu ba\u0161tinu, kao i likove koji su udahnjivali \u017eivot gradu.<\/p>\n\n\n\n<p>Bogatu fotografsku zbirku je dopunio autenti\u010dnim pisanim zabilje\u0161kama.<\/p>\n\n\n\n<p>Autorova \u017eelja je da se preko ove knjige \u010ditatelji upoznaju sa pro\u0161lo\u0161\u0107u grada i legendarnim likovima koji su bili ikone grada.<\/p>\n\n\n\n<hr class=\"wp-block-separator has-alpha-channel-opacity\"\/>\n\n\n\n<p>Izvor:<\/p>\n\n\n\n<p><a href=\"https:\/\/www.kgz.hr\/hr\/dogadjanja\/travnik-u-retrovizoru\/72435\">https:\/\/www.kgz.hr\/hr\/dogadjanja\/travnik-u-retrovizoru\/72435<\/a><\/p>\n\n\n\n<hr class=\"wp-block-separator has-alpha-channel-opacity\"\/>\n","protected":false},"excerpt":{"rendered":"","protected":false},"author":2,"featured_media":51020,"comment_status":"open","ping_status":"open","sticky":false,"template":"","format":"standard","meta":{"_acf_changed":false,"jetpack_post_was_ever_published":false,"_jetpack_newsletter_access":"","_jetpack_dont_email_post_to_subs":false,"_jetpack_newsletter_tier_id":0,"_jetpack_memberships_contains_paywalled_content":false,"_jetpack_memberships_contains_paid_content":false,"footnotes":"","jetpack_publicize_message":"","jetpack_publicize_feature_enabled":true,"jetpack_social_post_already_shared":true,"jetpack_social_options":{"image_generator_settings":{"template":"highway","default_image_id":0,"font":"","enabled":false},"version":2}},"categories":[3],"tags":[],"class_list":["post-51019","post","type-post","status-publish","format-standard","has-post-thumbnail","hentry","category-novosti"],"acf":{"facebook_opis":""},"jetpack_publicize_connections":[],"jetpack_featured_media_url":"https:\/\/i0.wp.com\/historiografija.hr\/wp-content\/uploads\/2026\/01\/Travnik-u-retrovizoru.jpg?fit=860%2C1250&ssl=1","jetpack_sharing_enabled":true,"jetpack-related-posts":[],"_links":{"self":[{"href":"https:\/\/historiografija.hr\/index.php?rest_route=\/wp\/v2\/posts\/51019","targetHints":{"allow":["GET"]}}],"collection":[{"href":"https:\/\/historiografija.hr\/index.php?rest_route=\/wp\/v2\/posts"}],"about":[{"href":"https:\/\/historiografija.hr\/index.php?rest_route=\/wp\/v2\/types\/post"}],"author":[{"embeddable":true,"href":"https:\/\/historiografija.hr\/index.php?rest_route=\/wp\/v2\/users\/2"}],"replies":[{"embeddable":true,"href":"https:\/\/historiografija.hr\/index.php?rest_route=%2Fwp%2Fv2%2Fcomments&post=51019"}],"version-history":[{"count":1,"href":"https:\/\/historiografija.hr\/index.php?rest_route=\/wp\/v2\/posts\/51019\/revisions"}],"predecessor-version":[{"id":51021,"href":"https:\/\/historiografija.hr\/index.php?rest_route=\/wp\/v2\/posts\/51019\/revisions\/51021"}],"wp:featuredmedia":[{"embeddable":true,"href":"https:\/\/historiografija.hr\/index.php?rest_route=\/wp\/v2\/media\/51020"}],"wp:attachment":[{"href":"https:\/\/historiografija.hr\/index.php?rest_route=%2Fwp%2Fv2%2Fmedia&parent=51019"}],"wp:term":[{"taxonomy":"category","embeddable":true,"href":"https:\/\/historiografija.hr\/index.php?rest_route=%2Fwp%2Fv2%2Fcategories&post=51019"},{"taxonomy":"post_tag","embeddable":true,"href":"https:\/\/historiografija.hr\/index.php?rest_route=%2Fwp%2Fv2%2Ftags&post=51019"}],"curies":[{"name":"wp","href":"https:\/\/api.w.org\/{rel}","templated":true}]}}