{"id":51013,"date":"2026-01-19T18:24:57","date_gmt":"2026-01-19T18:24:57","guid":{"rendered":"https:\/\/historiografija.hr\/?p=51013"},"modified":"2026-01-19T18:29:16","modified_gmt":"2026-01-19T18:29:16","slug":"sanja-vrcic-mataija-i-ivica-mataije-slike-like-filoloske-i-kulturoloske-studije","status":"publish","type":"post","link":"https:\/\/historiografija.hr\/?p=51013","title":{"rendered":"Sanja Vrci\u0107-Mataija i Ivica Mataija, &#8220;Slike Like: filolo\u0161ke i kulturolo\u0161ke studije&#8221;"},"content":{"rendered":"\n<p>Objavljeno je novo izdanje Sveu\u010dili\u0161ta u Zadru naslova &#8220;Slike Like: filolo\u0161ke i kulturolo\u0161ke studije&#8221;&nbsp;autora Sanje Vrci\u0107-Mataije i Ivice Mataije.&nbsp;Istra\u017eivanje li\u010dke kulture i knji\u017eevne povijesti, ome\u0111eno godinama od kraja devetnaestog stolje\u0107a do sedamdesetih godina dvadesetog stolje\u0107a, iznimno va\u017enima u formiranju nacionalnog, ali i regionalnog identiteta, usmjereno je razmatranju na\u010dina na koji se kultura&nbsp; u svom&nbsp;<em>idealnom<\/em>,&nbsp;<em>dokumentarnom<\/em>&nbsp;i&nbsp;<em>socijalnom zna\u010denju&nbsp;<\/em>realizirala u prostoru Like. Stavljanje li\u010dkog prostora u fokus humanisti\u010dko-filolo\u0161kog istra\u017eivanja proisteklo je iz teorije prostornog obrata te studija kulturne geografije implementirane u teoriju knji\u017eevnog regionalizma.<\/p>\n\n\n\n<p>U prvom dijelu studije \u2013&nbsp;<em>Kulturolo\u0161ko-povijesne teme<\/em>, temeljni izvori navedenim istra\u017eivanjima bila je li\u010dka periodika predmetnog razdoblja te arhivsko gradivo. Drugi dio studije \u2013&nbsp;<em>Slike knji\u017eevnog \u017eivota Like: prilozi zavi\u010dajnoj knji\u017eevnoj poetici&nbsp;<\/em>\u2013 posve\u0107en je odabranim regionalnim i zavi\u010dajnim piscima, marginaliziranima u okvirima nacionalnog kanona. \u010citanje spacijalno odre\u0111enih knji\u017eevnih naracija u prvi je plan stavilo nekoliko regionalno odre\u0111enih identitetskih osobitosti: jezik, knji\u017eevnog junaka\/lirski knji\u017eevne poetike i na\u010dina kako se regija odra\u017eava u strukturi samoga teksta, uz navedena geokulturna i povijesna motri\u0161ta, u knji\u017eevne interpretacije implementiran je naratolo\u0161ki teorijski okvir, naslonjen na prostornu teoriju novog regionalizma.<\/p>\n\n\n\n<hr class=\"wp-block-separator has-alpha-channel-opacity\"\/>\n\n\n\n<p>Izvor:<\/p>\n\n\n\n<p><a href=\"https:\/\/www.unizd.hr\/obavijesti\/view\/novo-izdanje-sveucilista-u-zadru-slike-like-filoloske-i-kulturoloske-studije\">https:\/\/www.unizd.hr\/obavijesti\/view\/novo-izdanje-sveucilista-u-zadru-slike-like-filoloske-i-kulturoloske-studije<\/a><\/p>\n\n\n\n<hr class=\"wp-block-separator has-alpha-channel-opacity\"\/>\n","protected":false},"excerpt":{"rendered":"","protected":false},"author":2,"featured_media":51014,"comment_status":"open","ping_status":"open","sticky":false,"template":"","format":"standard","meta":{"_acf_changed":false,"jetpack_post_was_ever_published":false,"_jetpack_newsletter_access":"","_jetpack_dont_email_post_to_subs":false,"_jetpack_newsletter_tier_id":0,"_jetpack_memberships_contains_paywalled_content":false,"_jetpack_memberships_contains_paid_content":false,"footnotes":"","jetpack_publicize_message":"","jetpack_publicize_feature_enabled":true,"jetpack_social_post_already_shared":true,"jetpack_social_options":{"image_generator_settings":{"template":"highway","default_image_id":0,"font":"","enabled":false},"version":2}},"categories":[8,3],"tags":[],"class_list":["post-51013","post","type-post","status-publish","format-standard","has-post-thumbnail","hentry","category-knjige","category-novosti"],"acf":{"facebook_opis":""},"jetpack_publicize_connections":[],"jetpack_featured_media_url":"https:\/\/i0.wp.com\/historiografija.hr\/wp-content\/uploads\/2026\/01\/slike_like.jpg?fit=438%2C600&ssl=1","jetpack_sharing_enabled":true,"jetpack-related-posts":[],"_links":{"self":[{"href":"https:\/\/historiografija.hr\/index.php?rest_route=\/wp\/v2\/posts\/51013","targetHints":{"allow":["GET"]}}],"collection":[{"href":"https:\/\/historiografija.hr\/index.php?rest_route=\/wp\/v2\/posts"}],"about":[{"href":"https:\/\/historiografija.hr\/index.php?rest_route=\/wp\/v2\/types\/post"}],"author":[{"embeddable":true,"href":"https:\/\/historiografija.hr\/index.php?rest_route=\/wp\/v2\/users\/2"}],"replies":[{"embeddable":true,"href":"https:\/\/historiografija.hr\/index.php?rest_route=%2Fwp%2Fv2%2Fcomments&post=51013"}],"version-history":[{"count":2,"href":"https:\/\/historiografija.hr\/index.php?rest_route=\/wp\/v2\/posts\/51013\/revisions"}],"predecessor-version":[{"id":51016,"href":"https:\/\/historiografija.hr\/index.php?rest_route=\/wp\/v2\/posts\/51013\/revisions\/51016"}],"wp:featuredmedia":[{"embeddable":true,"href":"https:\/\/historiografija.hr\/index.php?rest_route=\/wp\/v2\/media\/51014"}],"wp:attachment":[{"href":"https:\/\/historiografija.hr\/index.php?rest_route=%2Fwp%2Fv2%2Fmedia&parent=51013"}],"wp:term":[{"taxonomy":"category","embeddable":true,"href":"https:\/\/historiografija.hr\/index.php?rest_route=%2Fwp%2Fv2%2Fcategories&post=51013"},{"taxonomy":"post_tag","embeddable":true,"href":"https:\/\/historiografija.hr\/index.php?rest_route=%2Fwp%2Fv2%2Ftags&post=51013"}],"curies":[{"name":"wp","href":"https:\/\/api.w.org\/{rel}","templated":true}]}}