{"id":51011,"date":"2026-01-19T18:15:12","date_gmt":"2026-01-19T18:15:12","guid":{"rendered":"https:\/\/historiografija.hr\/?p=51011"},"modified":"2026-01-19T18:15:12","modified_gmt":"2026-01-19T18:15:12","slug":"predavanje-danka-soureka-otkrice-povijesti-hrvatski-i-ugarski-kraljevi-ilirski-i-slavenski-predci-17-i-18-stoljece","status":"publish","type":"post","link":"https:\/\/historiografija.hr\/?p=51011","title":{"rendered":"Predavanje Danka \u0160oureka \u201cOtkri\u0107e povijesti: hrvatski i ugarski kraljevi, ilirski i slavenski predci (17. i 18. stolje\u0107e)\u201d"},"content":{"rendered":"\n<p>Predavanja i vodstva uz izlo\u017ebu \u201cU po\u010detku bija\u0161e Kraljevstvo \u2013 1100 godina Hrvatskoga kraljevstva\u201d<\/p>\n\n\n\n<p><strong>\u010cetvrtak, 22. 1. 2026. u 18:00 sati u&nbsp;Galeriji Klovi\u0107evi dvori<\/strong><\/p>\n\n\n\n<p>Predavanje \u0107e odr\u017eati dr. sc. Danko \u0160ourek<\/p>\n\n\n\n<hr class=\"wp-block-separator has-alpha-channel-opacity\"\/>\n\n\n\n<p>Podijeljen u vi\u0161e dr\u017eavnih zajednica i kulturnih krugova te bez konsolidiranoga politi\u010dkog i simboli\u010dkog sredi\u0161ta, hrvatski povijesni prostor u ranome novom vijeku nije mogao razviti koherentnu politi\u010dku ikonografiju. Vladarske su galerije ve\u0107 stolje\u0107ima bile ispunjene prikazima vladara stranih dinastija, dok su se obrisi klju\u010dnih doga\u0111aja iz starije nacionalne pro\u0161losti tek fragmentarno razabirali kroz slojeve raznorodnih tradicija i heterogenih izvora. Ipak, historiografske interpretacije \u2013 a nerijetko i svjesne konstrukcije \u2013 pisaca koji su tijekom 17. i 18. stolje\u0107a nastojali reafirmirati staru slavu Hrvatskoga Kraljevstva prona\u0161le su svoj likovni odraz u ograni\u010denom, ali konceptualno relevantnom korpusu novih i originalnih ikonografskih rje\u0161enja. Tijekom dvaju baroknih stolje\u0107a hrvatska likovna ba\u0161tina, osobito ona kontinentalne,\u00a0<em>banske<\/em>\u00a0Hrvatske, bilje\u017ei tako vi\u0161e umjetni\u010dkih narud\u017ebi koje su u vizualnome mediju nastojale artikulirati motive iz daleke, \u010desto i legendarne pro\u0161losti Kraljevstva, odnosno iz razdoblja koje je prethodilo njegovu stupanju u dr\u017eavnopravnu zajednicu s Ugarskom.<\/p>\n\n\n\n<p><strong>Danko \u0160ourek<\/strong>&nbsp;(Zagreb, 1979.) izvanredni je profesor na Odsjeku za povijest umjetnosti Filozofskoga fakulteta Sveu\u010dili\u0161ta u Zagrebu. Autor je niza znanstvenih radova iz podru\u010dja umjetni\u010dke ba\u0161tine renesanse i baroka. Istra\u017eiva\u010dkim interesima usmjeren je na umjetnost kasnoga srednjega i ranoga novoga vijeka, a osobito teme s podru\u010dja povijesti skulpture, ikonografije i naru\u010diteljstva.<\/p>\n\n\n\n<hr class=\"wp-block-separator has-alpha-channel-opacity\"\/>\n\n\n\n<p>Izvor:<\/p>\n\n\n\n<figure class=\"wp-block-embed is-type-wp-embed is-provider-galerija-klovi-evi-dvori wp-block-embed-galerija-klovi-evi-dvori\"><div class=\"wp-block-embed__wrapper\">\n<blockquote class=\"wp-embedded-content\" data-secret=\"hhJkd48rWU\"><a href=\"https:\/\/gkd.hr\/2026\/01\/19\/predavanje-dr-sc-danka-soureka-otkrice-povijesti-hrvatski-i-ugarski-kraljevi-ilirski-i-slavenski-predci-17-i-18-stoljece\/\">Predavanje dr. sc.\u00a0Danka \u0160oureka &#8220;Otkri\u0107e povijesti:\u00a0hrvatski i ugarski kraljevi, ilirski i slavenski predci\u00a0(17. i 18. stolje\u0107e)&#8221;<\/a><\/blockquote><iframe loading=\"lazy\" class=\"wp-embedded-content\" sandbox=\"allow-scripts\" security=\"restricted\" style=\"position: absolute; visibility: hidden;\" title=\"&#8220;Predavanje dr. sc.\u00a0Danka \u0160oureka &#8220;Otkri\u0107e povijesti:\u00a0hrvatski i ugarski kraljevi, ilirski i slavenski predci\u00a0(17. i 18. stolje\u0107e)&#8221;&#8221; &#8212; Galerija Klovi\u0107evi dvori\" src=\"https:\/\/gkd.hr\/2026\/01\/19\/predavanje-dr-sc-danka-soureka-otkrice-povijesti-hrvatski-i-ugarski-kraljevi-ilirski-i-slavenski-predci-17-i-18-stoljece\/embed\/#?secret=zVBPL2P7BW#?secret=hhJkd48rWU\" data-secret=\"hhJkd48rWU\" width=\"600\" height=\"338\" frameborder=\"0\" marginwidth=\"0\" marginheight=\"0\" scrolling=\"no\"><\/iframe>\n<\/div><\/figure>\n\n\n\n<hr class=\"wp-block-separator has-alpha-channel-opacity\"\/>\n","protected":false},"excerpt":{"rendered":"","protected":false},"author":2,"featured_media":49726,"comment_status":"open","ping_status":"open","sticky":false,"template":"","format":"standard","meta":{"_acf_changed":false,"jetpack_post_was_ever_published":false,"_jetpack_newsletter_access":"","_jetpack_dont_email_post_to_subs":false,"_jetpack_newsletter_tier_id":0,"_jetpack_memberships_contains_paywalled_content":false,"_jetpack_memberships_contains_paid_content":false,"footnotes":"","jetpack_publicize_message":"","jetpack_publicize_feature_enabled":true,"jetpack_social_post_already_shared":true,"jetpack_social_options":{"image_generator_settings":{"template":"highway","default_image_id":0,"font":"","enabled":false},"version":2}},"categories":[3],"tags":[],"class_list":["post-51011","post","type-post","status-publish","format-standard","has-post-thumbnail","hentry","category-novosti"],"acf":{"facebook_opis":""},"jetpack_publicize_connections":[],"jetpack_featured_media_url":"https:\/\/i0.wp.com\/historiografija.hr\/wp-content\/uploads\/2025\/11\/Izlozba_predavanja.jpeg?fit=820%2C360&ssl=1","jetpack_sharing_enabled":true,"jetpack-related-posts":[],"_links":{"self":[{"href":"https:\/\/historiografija.hr\/index.php?rest_route=\/wp\/v2\/posts\/51011","targetHints":{"allow":["GET"]}}],"collection":[{"href":"https:\/\/historiografija.hr\/index.php?rest_route=\/wp\/v2\/posts"}],"about":[{"href":"https:\/\/historiografija.hr\/index.php?rest_route=\/wp\/v2\/types\/post"}],"author":[{"embeddable":true,"href":"https:\/\/historiografija.hr\/index.php?rest_route=\/wp\/v2\/users\/2"}],"replies":[{"embeddable":true,"href":"https:\/\/historiografija.hr\/index.php?rest_route=%2Fwp%2Fv2%2Fcomments&post=51011"}],"version-history":[{"count":1,"href":"https:\/\/historiografija.hr\/index.php?rest_route=\/wp\/v2\/posts\/51011\/revisions"}],"predecessor-version":[{"id":51012,"href":"https:\/\/historiografija.hr\/index.php?rest_route=\/wp\/v2\/posts\/51011\/revisions\/51012"}],"wp:featuredmedia":[{"embeddable":true,"href":"https:\/\/historiografija.hr\/index.php?rest_route=\/wp\/v2\/media\/49726"}],"wp:attachment":[{"href":"https:\/\/historiografija.hr\/index.php?rest_route=%2Fwp%2Fv2%2Fmedia&parent=51011"}],"wp:term":[{"taxonomy":"category","embeddable":true,"href":"https:\/\/historiografija.hr\/index.php?rest_route=%2Fwp%2Fv2%2Fcategories&post=51011"},{"taxonomy":"post_tag","embeddable":true,"href":"https:\/\/historiografija.hr\/index.php?rest_route=%2Fwp%2Fv2%2Ftags&post=51011"}],"curies":[{"name":"wp","href":"https:\/\/api.w.org\/{rel}","templated":true}]}}