{"id":50961,"date":"2026-01-15T13:55:56","date_gmt":"2026-01-15T13:55:56","guid":{"rendered":"https:\/\/historiografija.hr\/?p=50961"},"modified":"2026-01-15T13:55:56","modified_gmt":"2026-01-15T13:55:56","slug":"hido-biscevic-veliki-slom-zapad-rusija-i-svijet-bez-poretka-moje-stanice-na-putevima-hladnog-rata","status":"publish","type":"post","link":"https:\/\/historiografija.hr\/?p=50961","title":{"rendered":"Hido Bi\u0161\u0107evi\u0107, \u201eVeliki slom: Zapad, Rusija i svijet bez poretka. Moje stanice na putevima Hladnog rata\u201c"},"content":{"rendered":"\n<p>Novinar i diplomat Hido Bi\u0161\u010devi\u0107 u knjizi <em>Veliki slom \u2013 Zapad, Rusija i svijet bez poretka<\/em> nudi provokativnu i zabrinjavaju\u0107u analizu svjetske situacije. Ruska agresija na Ukrajinu i nepredvidiva politika nove ameri\u010dke administracije tresu temelje me\u0111unarodnog poretka uspostavljenog nakon Drugog svjetskog rata, liberalna demokracija je u krizi i, kako ka\u017ee Bi\u0161\u010devi\u0107, \u201cdiktatori vi\u0161e ne strepe\u201d. U <em>Velikom slomu<\/em> Bi\u0161\u010devi\u0107 analizira povijest odnosa Rusije, s jedne, i Amerike i Europe, s druge strane. Podsje\u0107a i na odnos Atene i Sparte kao jo\u0161 uvijek aktualne paradigme me\u0111unarodnih odnosa. Sada\u0161nja svjetska kriza vjerojatno \u0107e se okon\u010dati novom podjelom interesnih sfera na koju male zemlje i narodi \u2013 u \u0161kripcu izme\u0111u \u201cnagodbi (velikih) i (demokratske) pravde\u201d \u2013 ne\u0107e i ne mogu imati utjecaja. Gravitacijska sila mo\u0107i trajno obilje\u017eava me\u0111unarodne odnose i sve \u010demu se mo\u017eemo nadati jest da \u0107e te suprotstavljene silnice prona\u0107i ravnote\u017eu, ako ni zbog \u010dega drugog, ono zbog opstanka civilizacije.<\/p>\n\n\n\n<p>Zna\u010dajan dio <em>Velikog sloma<\/em> Bi\u0161\u010devi\u0107 je posvetio uspomenama na Rusiju i Tursku, gdje je devedesetih godina bio hrvatski veleposlanik, kao i na Tad\u017eikistan, gdje je bio \u0161ef misije Europske unije. Osim \u0161to te stranice obiluju anegdotama ugodnima za \u010ditanje, sadr\u017eavaju i lucidne analize ruskog, turskog i tad\u017eikistanskog dru\u0161tva. <em>Veliki slom \u2013 Zapad, Rusija i svijet bez poretka<\/em> Hide Bi\u0161\u010devi\u0107a nezaobilazan je ud\u017ebenik za diplomate, povjesni\u010dare i politologe, ali i zanimljivo \u0161tivo svakome tko gaji interes za me\u0111unarodne odnose i u dana\u0161njem svjetskom kaosu poku\u0161ava prepoznati nadu u boljitak i mir.<\/p>\n\n\n\n<hr class=\"wp-block-separator has-alpha-channel-opacity\"\/>\n\n\n\n<p>Datum izdanja: studeni 2025.<\/p>\n\n\n\n<p>Broj stranica: 216<\/p>\n\n\n\n<hr class=\"wp-block-separator has-alpha-channel-opacity\"\/>\n\n\n\n<p>Izvor:<\/p>\n\n\n\n<p><a href=\"https:\/\/fraktura.hr\/proizvod\/veliki-slom-zapad-rusija-i-svijet-bez-poretka\">https:\/\/fraktura.hr\/proizvod\/veliki-slom-zapad-rusija-i-svijet-bez-poretka<\/a><\/p>\n\n\n\n<hr class=\"wp-block-separator has-alpha-channel-opacity\"\/>\n","protected":false},"excerpt":{"rendered":"","protected":false},"author":2,"featured_media":50962,"comment_status":"open","ping_status":"open","sticky":false,"template":"","format":"standard","meta":{"_acf_changed":false,"jetpack_post_was_ever_published":false,"_jetpack_newsletter_access":"","_jetpack_dont_email_post_to_subs":false,"_jetpack_newsletter_tier_id":0,"_jetpack_memberships_contains_paywalled_content":false,"_jetpack_memberships_contains_paid_content":false,"footnotes":"","jetpack_publicize_message":"","jetpack_publicize_feature_enabled":true,"jetpack_social_post_already_shared":true,"jetpack_social_options":{"image_generator_settings":{"template":"highway","default_image_id":0,"font":"","enabled":false},"version":2}},"categories":[8,3],"tags":[],"class_list":["post-50961","post","type-post","status-publish","format-standard","has-post-thumbnail","hentry","category-knjige","category-novosti"],"acf":{"facebook_opis":""},"jetpack_publicize_connections":[],"jetpack_featured_media_url":"https:\/\/i0.wp.com\/historiografija.hr\/wp-content\/uploads\/2026\/01\/Biscevic.jpg?fit=718%2C1200&ssl=1","jetpack_sharing_enabled":true,"jetpack-related-posts":[],"_links":{"self":[{"href":"https:\/\/historiografija.hr\/index.php?rest_route=\/wp\/v2\/posts\/50961","targetHints":{"allow":["GET"]}}],"collection":[{"href":"https:\/\/historiografija.hr\/index.php?rest_route=\/wp\/v2\/posts"}],"about":[{"href":"https:\/\/historiografija.hr\/index.php?rest_route=\/wp\/v2\/types\/post"}],"author":[{"embeddable":true,"href":"https:\/\/historiografija.hr\/index.php?rest_route=\/wp\/v2\/users\/2"}],"replies":[{"embeddable":true,"href":"https:\/\/historiografija.hr\/index.php?rest_route=%2Fwp%2Fv2%2Fcomments&post=50961"}],"version-history":[{"count":1,"href":"https:\/\/historiografija.hr\/index.php?rest_route=\/wp\/v2\/posts\/50961\/revisions"}],"predecessor-version":[{"id":50963,"href":"https:\/\/historiografija.hr\/index.php?rest_route=\/wp\/v2\/posts\/50961\/revisions\/50963"}],"wp:featuredmedia":[{"embeddable":true,"href":"https:\/\/historiografija.hr\/index.php?rest_route=\/wp\/v2\/media\/50962"}],"wp:attachment":[{"href":"https:\/\/historiografija.hr\/index.php?rest_route=%2Fwp%2Fv2%2Fmedia&parent=50961"}],"wp:term":[{"taxonomy":"category","embeddable":true,"href":"https:\/\/historiografija.hr\/index.php?rest_route=%2Fwp%2Fv2%2Fcategories&post=50961"},{"taxonomy":"post_tag","embeddable":true,"href":"https:\/\/historiografija.hr\/index.php?rest_route=%2Fwp%2Fv2%2Ftags&post=50961"}],"curies":[{"name":"wp","href":"https:\/\/api.w.org\/{rel}","templated":true}]}}