{"id":50939,"date":"2026-01-14T19:46:36","date_gmt":"2026-01-14T19:46:36","guid":{"rendered":"https:\/\/historiografija.hr\/?p=50939"},"modified":"2026-01-14T19:46:36","modified_gmt":"2026-01-14T19:46:36","slug":"predstavljanje-knjige-nikole-rasica-sijaci-i-sokci-u-pozeskoj-kotlini-u-pozegi","status":"publish","type":"post","link":"https:\/\/historiografija.hr\/?p=50939","title":{"rendered":"Predstavljanje knjige Nikole Ra\u0161i\u0107a \u201e\u0160ijaci i \u0160okci u Po\u017ee\u0161koj kotlini\u201c u Po\u017eegi"},"content":{"rendered":"\n<p>Hrvatski institut za povijest \u2013 Podru\u017enica za povijest Slavonije, Srijema i Baranje, u suradnji s Povijesnim dru\u0161tvom Po\u017eega, organizira predstavljanje knjige mr. sc. Nikole Ra\u0161i\u0107a <strong>\u201e\u0160ijaci i \u0160okci u Po\u017ee\u0161koj kotlini\u201c<\/strong>.<br><br>Predstavljanje knjige odr\u017eat \u0107e se u \u010detvrtak, 15. sije\u010dnja 2026. godine, s po\u010detkom u 18 sati, u Dvorani znanja Gradske knji\u017enice Po\u017eega.<br><br>O knjizi, koja se bavi povijesnim identitetima i dru\u0161tvenim okolnostima \u0160ijaka i \u0160okaca na podru\u010dju Po\u017ee\u0161ke kotline, govorit \u0107e ugledni povjesni\u010dari i stru\u010dnjaci iz podru\u010dja povijesnih znanosti: dr. sc. Stanko Andri\u0107, prof. dr. sc. Mario Bara, izv. prof. dr. sc. Marijan \u0160abi\u0107, kao i sam autor mr. sc. Nikola Ra\u0161i\u0107.<br><br>Predstavljanje ove vrijedne znanstvene publikacije namijenjeno je svima koji se zanimaju za povijest Slavonije, kulturni identitet i lokalnu povijest, a organizatori pozivaju sve zainteresirane gra\u0111ane da se pridru\u017ee ovom kulturno-znanstvenom doga\u0111aju.<\/p>\n\n\n\n<figure class=\"wp-block-image size-large is-resized\"><img data-recalc-dims=\"1\" loading=\"lazy\" decoding=\"async\" width=\"860\" height=\"561\" data-attachment-id=\"50940\" data-permalink=\"https:\/\/historiografija.hr\/?attachment_id=50940\" data-orig-file=\"https:\/\/i0.wp.com\/historiografija.hr\/wp-content\/uploads\/2026\/01\/Nikola-Rasic-pozivnica-.jpg?fit=1575%2C1028&amp;ssl=1\" data-orig-size=\"1575,1028\" data-comments-opened=\"1\" data-image-meta=\"{&quot;aperture&quot;:&quot;0&quot;,&quot;credit&quot;:&quot;&quot;,&quot;camera&quot;:&quot;&quot;,&quot;caption&quot;:&quot;&quot;,&quot;created_timestamp&quot;:&quot;0&quot;,&quot;copyright&quot;:&quot;&quot;,&quot;focal_length&quot;:&quot;0&quot;,&quot;iso&quot;:&quot;0&quot;,&quot;shutter_speed&quot;:&quot;0&quot;,&quot;title&quot;:&quot;&quot;,&quot;orientation&quot;:&quot;1&quot;}\" data-image-title=\"Nikola Ra\u0161i\u0107 &amp;#8211; pozivnica\" data-image-description=\"\" data-image-caption=\"\" data-large-file=\"https:\/\/i0.wp.com\/historiografija.hr\/wp-content\/uploads\/2026\/01\/Nikola-Rasic-pozivnica-.jpg?fit=860%2C561&amp;ssl=1\" src=\"https:\/\/i0.wp.com\/historiografija.hr\/wp-content\/uploads\/2026\/01\/Nikola-Rasic-pozivnica-.jpg?resize=860%2C561&#038;ssl=1\" alt=\"\" class=\"wp-image-50940\" style=\"width:771px;height:auto\" srcset=\"https:\/\/i0.wp.com\/historiografija.hr\/wp-content\/uploads\/2026\/01\/Nikola-Rasic-pozivnica-.jpg?resize=1024%2C668&amp;ssl=1 1024w, https:\/\/i0.wp.com\/historiografija.hr\/wp-content\/uploads\/2026\/01\/Nikola-Rasic-pozivnica-.jpg?resize=300%2C196&amp;ssl=1 300w, https:\/\/i0.wp.com\/historiografija.hr\/wp-content\/uploads\/2026\/01\/Nikola-Rasic-pozivnica-.jpg?resize=768%2C501&amp;ssl=1 768w, https:\/\/i0.wp.com\/historiografija.hr\/wp-content\/uploads\/2026\/01\/Nikola-Rasic-pozivnica-.jpg?resize=1536%2C1003&amp;ssl=1 1536w, https:\/\/i0.wp.com\/historiografija.hr\/wp-content\/uploads\/2026\/01\/Nikola-Rasic-pozivnica-.jpg?w=1575&amp;ssl=1 1575w\" sizes=\"auto, (max-width: 860px) 100vw, 860px\" \/><\/figure>\n\n\n\n<hr class=\"wp-block-separator has-alpha-channel-opacity\"\/>\n\n\n\n<p>Izvor:<\/p>\n\n\n\n<p><a href=\"https:\/\/pozega.eu\/dodite-na-predstavljanje-knjige-sijaci-i-sokci-u-pozeskoj-kotlini--299\">https:\/\/pozega.eu\/dodite-na-predstavljanje-knjige-sijaci-i-sokci-u-pozeskoj-kotlini&#8211;299<\/a><\/p>\n\n\n\n<hr class=\"wp-block-separator has-alpha-channel-opacity\"\/>\n\n\n\n<p>Nikola Ra\u0161i\u0107<\/p>\n\n\n\n<p><strong>\u0160ijaci i \u0160okci u Po\u017ee\u0161koj kotlini. Etnolingvisti\u010dko i knji\u017eevnopovijesno istra\u017eivanje<\/strong><\/p>\n\n\n\n<p>Godina izdanja: 2025.<\/p>\n\n\n\n<p>Broj stranica: 326<\/p>\n\n\n\n<p>Sadr\u017eaj i dodatne obavijesti:<\/p>\n\n\n\n<figure class=\"wp-block-embed is-type-wp-embed is-provider-hrvatski-institut-za-povijest wp-block-embed-hrvatski-institut-za-povijest\"><div class=\"wp-block-embed__wrapper\">\n<blockquote class=\"wp-embedded-content\" data-secret=\"g21XENr5Ab\"><a href=\"https:\/\/hipsb.hr\/proizvod\/sijaci-i-sokci-u-pozeskoj-kotlini-etnolingvisticko-i-knjizevnopovijesno-istrazivanje\/\">\u0160ijaci i \u0160okci u Po\u017ee\u0161koj kotlini. Etnolingvisti\u010dko i knji\u017eevnopovijesno istra\u017eivanje<\/a><\/blockquote><iframe loading=\"lazy\" class=\"wp-embedded-content\" sandbox=\"allow-scripts\" security=\"restricted\" style=\"position: absolute; visibility: hidden;\" title=\"&#8220;\u0160ijaci i \u0160okci u Po\u017ee\u0161koj kotlini. Etnolingvisti\u010dko i knji\u017eevnopovijesno istra\u017eivanje&#8221; &#8212; Hrvatski institut za povijest\" src=\"https:\/\/hipsb.hr\/proizvod\/sijaci-i-sokci-u-pozeskoj-kotlini-etnolingvisticko-i-knjizevnopovijesno-istrazivanje\/embed\/#?secret=g21XENr5Ab\" data-secret=\"g21XENr5Ab\" width=\"600\" height=\"338\" frameborder=\"0\" marginwidth=\"0\" marginheight=\"0\" scrolling=\"no\"><\/iframe>\n<\/div><\/figure>\n\n\n\n<hr class=\"wp-block-separator has-alpha-channel-opacity\"\/>\n","protected":false},"excerpt":{"rendered":"","protected":false},"author":2,"featured_media":50941,"comment_status":"open","ping_status":"open","sticky":false,"template":"","format":"standard","meta":{"_acf_changed":false,"jetpack_post_was_ever_published":false,"_jetpack_newsletter_access":"","_jetpack_dont_email_post_to_subs":false,"_jetpack_newsletter_tier_id":0,"_jetpack_memberships_contains_paywalled_content":false,"_jetpack_memberships_contains_paid_content":false,"footnotes":"","jetpack_publicize_message":"","jetpack_publicize_feature_enabled":true,"jetpack_social_post_already_shared":true,"jetpack_social_options":{"image_generator_settings":{"template":"highway","default_image_id":0,"font":"","enabled":false},"version":2}},"categories":[3],"tags":[],"class_list":["post-50939","post","type-post","status-publish","format-standard","has-post-thumbnail","hentry","category-novosti"],"acf":{"facebook_opis":""},"jetpack_publicize_connections":[],"jetpack_featured_media_url":"https:\/\/i0.wp.com\/historiografija.hr\/wp-content\/uploads\/2026\/01\/Rasic.png?fit=653%2C466&ssl=1","jetpack_sharing_enabled":true,"jetpack-related-posts":[],"_links":{"self":[{"href":"https:\/\/historiografija.hr\/index.php?rest_route=\/wp\/v2\/posts\/50939","targetHints":{"allow":["GET"]}}],"collection":[{"href":"https:\/\/historiografija.hr\/index.php?rest_route=\/wp\/v2\/posts"}],"about":[{"href":"https:\/\/historiografija.hr\/index.php?rest_route=\/wp\/v2\/types\/post"}],"author":[{"embeddable":true,"href":"https:\/\/historiografija.hr\/index.php?rest_route=\/wp\/v2\/users\/2"}],"replies":[{"embeddable":true,"href":"https:\/\/historiografija.hr\/index.php?rest_route=%2Fwp%2Fv2%2Fcomments&post=50939"}],"version-history":[{"count":1,"href":"https:\/\/historiografija.hr\/index.php?rest_route=\/wp\/v2\/posts\/50939\/revisions"}],"predecessor-version":[{"id":50942,"href":"https:\/\/historiografija.hr\/index.php?rest_route=\/wp\/v2\/posts\/50939\/revisions\/50942"}],"wp:featuredmedia":[{"embeddable":true,"href":"https:\/\/historiografija.hr\/index.php?rest_route=\/wp\/v2\/media\/50941"}],"wp:attachment":[{"href":"https:\/\/historiografija.hr\/index.php?rest_route=%2Fwp%2Fv2%2Fmedia&parent=50939"}],"wp:term":[{"taxonomy":"category","embeddable":true,"href":"https:\/\/historiografija.hr\/index.php?rest_route=%2Fwp%2Fv2%2Fcategories&post=50939"},{"taxonomy":"post_tag","embeddable":true,"href":"https:\/\/historiografija.hr\/index.php?rest_route=%2Fwp%2Fv2%2Ftags&post=50939"}],"curies":[{"name":"wp","href":"https:\/\/api.w.org\/{rel}","templated":true}]}}