{"id":50934,"date":"2026-01-14T19:30:24","date_gmt":"2026-01-14T19:30:24","guid":{"rendered":"https:\/\/historiografija.hr\/?p=50934"},"modified":"2026-01-14T19:32:36","modified_gmt":"2026-01-14T19:32:36","slug":"hrvatsko-rodoslovno-drustvo-pavao-ritter-vitezovic-dvadeset-godina-traganja-za-obiteljskim-korijenima-2005-2025","status":"publish","type":"post","link":"https:\/\/historiografija.hr\/?p=50934","title":{"rendered":"Hrvatsko rodoslovno dru\u0161tvo \u201ePavao Ritter Vitezovi\u0107\u201c: Dvadeset godina traganja za obiteljskim korijenima (2005. \u2013 2025.)"},"content":{"rendered":"\n<p>U nastavku upu\u0107ujemo na online publikaciju u sklopu izlo\u017ebe <em>Hrvatsko rodoslovno dru\u0161tvo \u201ePavao Ritter Vitezovi\u0107\u201c: Dvadeset godina traganja za obiteljskim korijenima (2005. \u2013 2025.)<\/em>, koja je dostupna na sljede\u0107oj <a href=\"https:\/\/www.rodoslovlje.hr\/wp-content\/uploads\/2025\/09\/IZLOZBA-finalna-verzija.pdf\">poveznici<\/a>.<\/p>\n\n\n\n<hr class=\"wp-block-separator has-alpha-channel-opacity\"\/>\n\n\n\n<p>Zainteresirane \u010ditatelje upu\u0107ujemo i na internetsku stranicu Hrvatskog rodoslovnog dru\u0161tva \u201ePavao Ritter Vitezovi\u0107\u201c <a href=\"https:\/\/www.rodoslovlje.hr\/\">https:\/\/www.rodoslovlje.hr\/<\/a>, na kojoj mogu na\u0107i sve informacije o radu Dru\u0161tva i aktualnim doga\u0111anjima.<\/p>\n\n\n\n<hr class=\"wp-block-separator has-alpha-channel-opacity\"\/>\n","protected":false},"excerpt":{"rendered":"","protected":false},"author":2,"featured_media":50935,"comment_status":"open","ping_status":"open","sticky":false,"template":"","format":"standard","meta":{"_acf_changed":false,"jetpack_post_was_ever_published":false,"_jetpack_newsletter_access":"","_jetpack_dont_email_post_to_subs":false,"_jetpack_newsletter_tier_id":0,"_jetpack_memberships_contains_paywalled_content":false,"_jetpack_memberships_contains_paid_content":false,"footnotes":"","jetpack_publicize_message":"","jetpack_publicize_feature_enabled":true,"jetpack_social_post_already_shared":true,"jetpack_social_options":{"image_generator_settings":{"template":"highway","default_image_id":0,"font":"","enabled":false},"version":2}},"categories":[3],"tags":[],"class_list":["post-50934","post","type-post","status-publish","format-standard","has-post-thumbnail","hentry","category-novosti"],"acf":{"facebook_opis":""},"jetpack_publicize_connections":[],"jetpack_featured_media_url":"https:\/\/i0.wp.com\/historiografija.hr\/wp-content\/uploads\/2026\/01\/Vitezovic.jpg?fit=880%2C500&ssl=1","jetpack_sharing_enabled":true,"jetpack-related-posts":[],"_links":{"self":[{"href":"https:\/\/historiografija.hr\/index.php?rest_route=\/wp\/v2\/posts\/50934","targetHints":{"allow":["GET"]}}],"collection":[{"href":"https:\/\/historiografija.hr\/index.php?rest_route=\/wp\/v2\/posts"}],"about":[{"href":"https:\/\/historiografija.hr\/index.php?rest_route=\/wp\/v2\/types\/post"}],"author":[{"embeddable":true,"href":"https:\/\/historiografija.hr\/index.php?rest_route=\/wp\/v2\/users\/2"}],"replies":[{"embeddable":true,"href":"https:\/\/historiografija.hr\/index.php?rest_route=%2Fwp%2Fv2%2Fcomments&post=50934"}],"version-history":[{"count":3,"href":"https:\/\/historiografija.hr\/index.php?rest_route=\/wp\/v2\/posts\/50934\/revisions"}],"predecessor-version":[{"id":50938,"href":"https:\/\/historiografija.hr\/index.php?rest_route=\/wp\/v2\/posts\/50934\/revisions\/50938"}],"wp:featuredmedia":[{"embeddable":true,"href":"https:\/\/historiografija.hr\/index.php?rest_route=\/wp\/v2\/media\/50935"}],"wp:attachment":[{"href":"https:\/\/historiografija.hr\/index.php?rest_route=%2Fwp%2Fv2%2Fmedia&parent=50934"}],"wp:term":[{"taxonomy":"category","embeddable":true,"href":"https:\/\/historiografija.hr\/index.php?rest_route=%2Fwp%2Fv2%2Fcategories&post=50934"},{"taxonomy":"post_tag","embeddable":true,"href":"https:\/\/historiografija.hr\/index.php?rest_route=%2Fwp%2Fv2%2Ftags&post=50934"}],"curies":[{"name":"wp","href":"https:\/\/api.w.org\/{rel}","templated":true}]}}