{"id":50909,"date":"2026-01-13T22:09:41","date_gmt":"2026-01-13T22:09:41","guid":{"rendered":"https:\/\/historiografija.hr\/?p=50909"},"modified":"2026-01-13T22:09:41","modified_gmt":"2026-01-13T22:09:41","slug":"sinisa-lajnert-i-toma-bacic-licko-dalmatinska-zeljeznica","status":"publish","type":"post","link":"https:\/\/historiografija.hr\/?p=50909","title":{"rendered":"Sini\u0161a Lajnert i Toma Ba\u010di\u0107, \u201eLi\u010dko-dalmatinska \u017eeljeznica\u201c"},"content":{"rendered":"\n<p>Novo izdanje Hrvatskoga dr\u017eavnog arhiva autor\u0101 Sini\u0161e Lajnerta i Tome Ba\u010di\u0107a donosi historijat Li\u010dko-dalmatinske \u017eeljeznice od njezina planiranja, izgradnje i eksploatacije u Austro-Ugarskoj Monarhiji pa sve do danas. Povod pisanju ove knjige obilje\u017eavanje je 100. obljetnice otvaranja Li\u010dke pruge u 2025. godini, \u010dime je iskazan pove\u0107an interes za njezinu povijest. Naime, 25. srpnja 1925. otvorena je posljednja dionica Li\u010dke pruge Gra\u010dac &#8211; Knin, te se napokon Dalmacija \u017eeljeznicom povezala s kontinentalnom Hrvatskom. Iako se u kolokvijalnom izri\u010daju Li\u010dka pruga koristi za prugu Ogulin\/O\u0161tarije &#8211; Knin, u \u0161irem povijesnom kontekstu ona se spominje i kao Li\u010dko-dalmatinska pruga (Ogulin\/O\u0161tarije &#8211; Knin -Split), odnosno kao Li\u010dko-dalmatinske pruge (Ogulin\/O\u0161tarije -Knin &#8211; Split\/\u0160ibenik\/Zadar). To je i razumljivo jer je njezin primarni cilj i bio spajanje s Dalmatinskim \u017eeljeznicama, odnosno dalmatinskim lukama Split, \u0160ibenik, a kasnije i Zadar kao krajnjim to\u010dkama. Li\u010dka pruga kao i dalmatinske pruge od samog po\u010detka predstavljale su jedinstvenu i neraskidivu prometnu i gospodarsku cjelinu.<\/p>\n\n\n\n<p>Zbog toga knjiga i nosi naziv Li\u010dko-dalmatinska \u017eeljeznica. Osim historijata Li\u010dko-dalmatinske \u017eeljeznice u knjizi je obra\u0111en i ustroj samog \u017eeljezni\u010dkog sustava unutar kojeg su te pruge egzistirale. Na taj je na\u010din u \u0161irem smislu oslikan i dru\u0161tveno-politi\u010dki kontekst u razdoblju od prvih projekata pruge pa sve do danas. U radu na ovoj knjizi kori\u0161teni su arhivski i tiskani izvori te predmetna stru\u010dna i znanstvena literatura. Za nadopunu ovdje iznijetih podataka autori upu\u0107uju zainteresirane na dr\u017eavne arhive u Budimpe\u0161ti, Be\u010du i Beogradu. Izdanje se mo\u017ee nabaviti u Hrvatskom dr\u017eavnom arhivu po cijeni od 30 \u20ac.<\/p>\n\n\n\n<hr class=\"wp-block-separator has-alpha-channel-opacity\"\/>\n\n\n\n<p>Izdava\u010d: Hrvatski dr\u017eavni arhiv<\/p>\n\n\n\n<p>Godina izdavanja: 2025.<\/p>\n\n\n\n<p>Broj stranica: 399<\/p>\n\n\n\n<hr class=\"wp-block-separator has-alpha-channel-opacity\"\/>\n\n\n\n<p>Izvor: <a href=\"http:\/\/www.arhiv.hr\/hr-hr\/Kulturno-prosvjetne-aktivnosti\/ArticleId\/1906\/oamid\/1633\">http:\/\/www.arhiv.hr\/hr-hr\/Kulturno-prosvjetne-aktivnosti\/ArticleId\/1906\/oamid\/1633<\/a><\/p>\n\n\n\n<p>Vidjeti tako\u0111er: <a href=\"https:\/\/historiografija.ba\/knjige\/jugoistocna-evropa\/historijat-licko-dalmatinske-zeljeznice\">https:\/\/historiografija.ba\/knjige\/jugoistocna-evropa\/historijat-licko-dalmatinske-zeljeznice<\/a><\/p>\n\n\n\n<hr class=\"wp-block-separator has-alpha-channel-opacity\"\/>\n","protected":false},"excerpt":{"rendered":"","protected":false},"author":2,"featured_media":50910,"comment_status":"open","ping_status":"open","sticky":false,"template":"","format":"standard","meta":{"_acf_changed":false,"jetpack_post_was_ever_published":false,"_jetpack_newsletter_access":"","_jetpack_dont_email_post_to_subs":false,"_jetpack_newsletter_tier_id":0,"_jetpack_memberships_contains_paywalled_content":false,"_jetpack_memberships_contains_paid_content":false,"footnotes":"","jetpack_publicize_message":"","jetpack_publicize_feature_enabled":true,"jetpack_social_post_already_shared":true,"jetpack_social_options":{"image_generator_settings":{"template":"highway","default_image_id":0,"font":"","enabled":false},"version":2}},"categories":[8,3],"tags":[],"class_list":["post-50909","post","type-post","status-publish","format-standard","has-post-thumbnail","hentry","category-knjige","category-novosti"],"acf":{"facebook_opis":""},"jetpack_publicize_connections":[],"jetpack_featured_media_url":"https:\/\/i0.wp.com\/historiografija.hr\/wp-content\/uploads\/2026\/01\/LIKO-D1.jpg?fit=500%2C500&ssl=1","jetpack_sharing_enabled":true,"jetpack-related-posts":[],"_links":{"self":[{"href":"https:\/\/historiografija.hr\/index.php?rest_route=\/wp\/v2\/posts\/50909","targetHints":{"allow":["GET"]}}],"collection":[{"href":"https:\/\/historiografija.hr\/index.php?rest_route=\/wp\/v2\/posts"}],"about":[{"href":"https:\/\/historiografija.hr\/index.php?rest_route=\/wp\/v2\/types\/post"}],"author":[{"embeddable":true,"href":"https:\/\/historiografija.hr\/index.php?rest_route=\/wp\/v2\/users\/2"}],"replies":[{"embeddable":true,"href":"https:\/\/historiografija.hr\/index.php?rest_route=%2Fwp%2Fv2%2Fcomments&post=50909"}],"version-history":[{"count":1,"href":"https:\/\/historiografija.hr\/index.php?rest_route=\/wp\/v2\/posts\/50909\/revisions"}],"predecessor-version":[{"id":50911,"href":"https:\/\/historiografija.hr\/index.php?rest_route=\/wp\/v2\/posts\/50909\/revisions\/50911"}],"wp:featuredmedia":[{"embeddable":true,"href":"https:\/\/historiografija.hr\/index.php?rest_route=\/wp\/v2\/media\/50910"}],"wp:attachment":[{"href":"https:\/\/historiografija.hr\/index.php?rest_route=%2Fwp%2Fv2%2Fmedia&parent=50909"}],"wp:term":[{"taxonomy":"category","embeddable":true,"href":"https:\/\/historiografija.hr\/index.php?rest_route=%2Fwp%2Fv2%2Fcategories&post=50909"},{"taxonomy":"post_tag","embeddable":true,"href":"https:\/\/historiografija.hr\/index.php?rest_route=%2Fwp%2Fv2%2Ftags&post=50909"}],"curies":[{"name":"wp","href":"https:\/\/api.w.org\/{rel}","templated":true}]}}