{"id":50902,"date":"2026-01-13T22:01:51","date_gmt":"2026-01-13T22:01:51","guid":{"rendered":"https:\/\/historiografija.hr\/?p=50902"},"modified":"2026-01-13T22:02:37","modified_gmt":"2026-01-13T22:02:37","slug":"ivo-goldstein-i-sanja-petrusic-goldstein-pariz-povijest-i-kultura","status":"publish","type":"post","link":"https:\/\/historiografija.hr\/?p=50902","title":{"rendered":"Ivo Goldstein i Sanja Petru\u0161i\u0107 Goldstein, \u201ePariz &#8211; povijest i kultura\u201c"},"content":{"rendered":"\n<p><em>Svojevrsna biografija ovog veli\u010danstvenog grada.<br>Upoznajte politi\u010dku, ekonomsku kulturnu i znanstveno-obrazovnu ulogu Pariza, doga\u0111aje koji su obilje\u017eili povijest grada, ali i Europe i svijeta.<\/em><\/p>\n\n\n\n<hr class=\"wp-block-separator has-alpha-channel-opacity\"\/>\n\n\n\n<p>Kad ka\u017eemo Pariz, pomislimo na muzeje Louvre i Centar Pompidou, na Eiffelov toranj, crkvu Notre-Dame, Sorbonneu, na boemske umjetnike na Montmartreu, male prekrasno ure\u0111ene kavane u kojima uz \u010da\u0161u vina sjede sa stilom odjevene Pari\u017eanke i Pari\u017eani, padaju nam na pamet vrhunski restorani, visoka moda i zanosni parfemi, \u0161iroki bulevari i prekrasne gra\u0111evine. U Parizu su \u017eivjeli Victor Hugo, \u00c9mila Zola, Claude Monet i Pablo Picasso, Louis Pasteur, bogati kraljevi, Napoleon, Marija Antoaneta, Jos\u00e9phine Baker, George Sand, Coco Chanel. Pariz je i grad velikih revolucija i stra\u0161nih ratova, znanstvenih otkri\u0107a i grad u kojem je donesena Deklaracija o pravima \u010dovjeka i gra\u0111anina.<\/p>\n\n\n\n<p>Povjesni\u010dar Ivo Goldstein i profesorica knji\u017eevnosti i povjesni\u010darka umjetnosti Sanja Petru\u0161i\u0107 Goldstein napisali su svojevrsnu biografiju ovog veli\u010danstvenog grada u kojoj su uz mnogo detalja opisali uzroke i posljedice svih va\u017enih doga\u0111aja, od prvih naseobina u 3. st. pr. Kr. pa sve do Olimpijskih igara u ljeto 2024. \u010citaju\u0107i ovu izvanredno napisanu knjigu, \u010ditatelji \u0107e se upoznati s politi\u010dkom, ekonomskom, kulturnom i znanstveno-obrazovnom ulogom Pariza, s doga\u0111ajima koji su obilje\u017eili povijest grada, ali i Europe i svijeta. Silno su zanimljivi detalji o razvoju i funkcioniranju grada, jasno su opisani projekti koji su izmijenili njegovu arhitektonsku i urbanisti\u010dku vizuru. Autori su dojmljivo do\u010darali \u017eivot u Parizu kroz stolje\u0107a, kuge koje su ga poharale i doseljavanja stanovni\u0161tva, a dio knjige posvetili su i znamenitim Hrvatima koji su u ondje \u017eivjeli.<\/p>\n\n\n\n<hr class=\"wp-block-separator has-alpha-channel-opacity\"\/>\n\n\n\n<p><strong>O autorima<\/strong><\/p>\n\n\n\n<p><strong>Ivo Goldstein<\/strong>&nbsp;(Zagreb, 1958.) nakon zavr\u0161ene Klasi\u010dne gimnazije diplomirao je povijest na Filozofskom fakultetu u Zagrebu. Od 1980. zaposlen je kao asistent na Odsjeku za povijest Filozofskog fakulteta te je do 2001. napredovao do zvanja redovnog profesora. U po\u010detku karijere bavio se hrvatskom povije\u0161\u0107u srednjega vijeka i bizantskom povije\u0161\u0107u, a od sredine devedesetih godina 20. stolje\u0107a raznim aspektima hrvatske povijesti 20. stolje\u0107a i povije\u0161\u0107u \u017didova u Hrvatskoj. Autor je ili suautor tridesetak knjiga i preko 100 znanstvenih i stru\u010dnih tekstova. Suautor je vi\u0161e leksikografskih i rje\u010dni\u010dkih projekata. Urednik je ve\u0107eg broja izdanja Zavoda za hrvatsku povijest Filozofskog fakulteta u Zagrebu, \u017didovske op\u0107ine Zagreb, \u017didovske vjerske zajednice Bet Israel, Novog Libera i Profila. Prevodi s engleskog i francuskog jezika.<\/p>\n\n\n\n<p>Od 2013. do 2017. bio je veleposlanik Republike Hrvatske u Francuskoj i stalni predstavnik pri UNESCO-u. Dobitnik je Nagrade grada Zagreba, \u010dlan Akademije nauka i umjetnosti Bosne i Hercegovine te nositelj odli\u010dja viteza Legije \u010dasti Francuske Republike.<\/p>\n\n\n\n<p><strong>Sanja Petru\u0161i\u0107 Goldstein<\/strong>&nbsp;(Zagreb, 1963.) nakon zavr\u0161ene gimnazije studirala je komparativnu knji\u017eevnost i povijesti umjetnosti na Filozofskom fakultetu Sveu\u010dili\u0161ta u Zagrebu, gdje je diplomirala 1988. godine. Godine 1990. zapo\u010dinje rad u izdava\u010dkom poduze\u0107u Novi Liber kao tajnica redakcije, a kasnije kao urednica i direktorica tvrtke. Sudjelovala je, organizirala ili ure\u0111ivala niz leksikografskih i rje\u010dni\u010dkih projekata izdava\u010dkog poduze\u0107a Novi Liber \u2013&nbsp;<em>Rje\u010dnik Hrvatskoga jezika<\/em>&nbsp;(V. Ani\u0107),&nbsp;<em>Rje\u010dnik stranih rije\u010di<\/em>&nbsp;(Ani\u0107-Goldstein),&nbsp;<em>Reci mi to kratko i jasno<\/em>&nbsp;(N. Opa\u010di\u0107),&nbsp;<em>Moj prvi hrvatski rje\u010dnik<\/em>&nbsp;(L. H\u00f6lbling-Matkovi\u0107),&nbsp;<em>Hrvatski jezi\u010dni portal<\/em>,&nbsp;<em>Agramer \u2013 Rje\u010dnik njema\u010dkih posu\u0111enica u zagreba\u010dkom govoru<\/em>&nbsp;(Z. Glovacki-Bernardi, L. H\u00f6lbling-Matkovi\u0107),&nbsp;<em>Povijest grada Zagreba<\/em>&nbsp;(u dva sveska). Od 2004. do 2013. direktorica je Novog Libera. Od 2013. do 2017. godine \u017eivi u Parizu sa suprugom Ivom. Po povratku u Zagreb radi kao urednica u vi\u0161e izdava\u010dkih ku\u0107a, a od 2018. godine ravnateljica je \u017didovske osnovne \u0161kole Hugo Kon u Zagrebu.<\/p>\n\n\n\n<hr class=\"wp-block-separator has-alpha-channel-opacity\"\/>\n\n\n\n<p><strong>Izdava\u010d<\/strong>: Profil knjiga<\/p>\n\n\n\n<p><strong>Godina objavljivanja<\/strong>: 2024.<\/p>\n\n\n\n<p><strong>Broj stranica<\/strong>: 436<\/p>\n\n\n\n<hr class=\"wp-block-separator has-alpha-channel-opacity\"\/>\n\n\n\n<p>Izvor:<\/p>\n\n\n\n<figure class=\"wp-block-embed is-type-wp-embed is-provider-profil-knjiga wp-block-embed-profil-knjiga\"><div class=\"wp-block-embed__wrapper\">\n<blockquote class=\"wp-embedded-content\" data-secret=\"Yn0mVVbBrQ\"><a href=\"https:\/\/www.profil.hr\/proizvod\/pariz-povijest-i-kultura\/\">Pariz &#8211; povijest i kultura<\/a><\/blockquote><iframe loading=\"lazy\" class=\"wp-embedded-content\" sandbox=\"allow-scripts\" security=\"restricted\" style=\"position: absolute; visibility: hidden;\" title=\"&#8220;Pariz &#8211; povijest i kultura&#8221; &#8212; Profil knjiga\" src=\"https:\/\/www.profil.hr\/proizvod\/pariz-povijest-i-kultura\/embed\/#?secret=Dlw2BNZif1#?secret=Yn0mVVbBrQ\" data-secret=\"Yn0mVVbBrQ\" width=\"600\" height=\"338\" frameborder=\"0\" marginwidth=\"0\" marginheight=\"0\" scrolling=\"no\"><\/iframe>\n<\/div><\/figure>\n\n\n\n<hr class=\"wp-block-separator has-alpha-channel-opacity\"\/>\n","protected":false},"excerpt":{"rendered":"","protected":false},"author":2,"featured_media":50903,"comment_status":"open","ping_status":"open","sticky":false,"template":"","format":"standard","meta":{"_acf_changed":false,"jetpack_post_was_ever_published":false,"_jetpack_newsletter_access":"","_jetpack_dont_email_post_to_subs":false,"_jetpack_newsletter_tier_id":0,"_jetpack_memberships_contains_paywalled_content":false,"_jetpack_memberships_contains_paid_content":false,"footnotes":"","jetpack_publicize_message":"","jetpack_publicize_feature_enabled":true,"jetpack_social_post_already_shared":true,"jetpack_social_options":{"image_generator_settings":{"template":"highway","default_image_id":0,"font":"","enabled":false},"version":2}},"categories":[8,3],"tags":[],"class_list":["post-50902","post","type-post","status-publish","format-standard","has-post-thumbnail","hentry","category-knjige","category-novosti"],"acf":{"facebook_opis":""},"jetpack_publicize_connections":[],"jetpack_featured_media_url":"https:\/\/i0.wp.com\/historiografija.hr\/wp-content\/uploads\/2026\/01\/PARIZ-1.jpg?fit=800%2C1117&ssl=1","jetpack_sharing_enabled":true,"jetpack-related-posts":[{"id":52633,"url":"https:\/\/historiografija.hr\/?p=52633","url_meta":{"origin":50902,"position":0},"title":"POVIJEST TRE\u0160NJEVA\u010cKE GLAZBE: prikupljanje virtualnog fundusa Muzeja susjedstva Tre\u0161njevka","author":"Branimir Jankovi\u0107","date":"23. travnja 2026.","format":false,"excerpt":"utorak 28. 4. 2026. 14 - 18 h Nova BAZA, Nova cesta 66, Zagreb Prvi su dani ljeta 1957. godine. Bo\u017eica Kalafati\u0107 poha\u0111a drugi razred Osnovne \u0161kole Bratstvo i jedinstvo, danas kralja Tomislava, a ide i na muzi\u010dke satove u Mo\u0161\u0107eni\u010dkoj ulici. Na fotografiji s harmonikom u rukama stoji u\u2026","rel":"","context":"U &quot;Novosti&quot;","block_context":{"text":"Novosti","link":"https:\/\/historiografija.hr\/?cat=3"},"img":{"alt_text":"","src":"https:\/\/i0.wp.com\/historiografija.hr\/wp-content\/uploads\/2026\/04\/MST_prikupljanje.jpg?fit=380%2C475&ssl=1&resize=350%2C200","width":350,"height":200},"classes":[]},{"id":52496,"url":"https:\/\/historiografija.hr\/?p=52496","url_meta":{"origin":50902,"position":1},"title":"30 godina Podru\u017enice \u2013 Javno predavanje Matea \u010calu\u0161i\u0107a \u201eSlavonski Brod u Domovinskom ratu\u201c","author":"Branimir Jankovi\u0107","date":"17. travnja 2026.","format":false,"excerpt":"U 2026. navr\u0161ava se trideset godina od osnutka Podru\u017enice za povijest Slavonije, Srijema i Baranje Hrvatskoga instituta za povijest. Obilje\u017eavanje ove zna\u010dajne obljetnice zapo\u010dinje ciklusom javnih povijesnih predavanja znanstvenika Instituta. Tre\u0107e po redu je predavanje Matea \u010calu\u0161i\u0107a \u2013 \u201eSLAVONSKI BROD U DOMOVINSKOM RATU\u201c. Predavanje \u0107e se odr\u017eati 21. travnja 2026.\u2026","rel":"","context":"U &quot;Novosti&quot;","block_context":{"text":"Novosti","link":"https:\/\/historiografija.hr\/?cat=3"},"img":{"alt_text":"","src":"https:\/\/i0.wp.com\/historiografija.hr\/wp-content\/uploads\/2026\/04\/Predavanje-Calusic.png?fit=860%2C1200&ssl=1&resize=350%2C200","width":350,"height":200,"srcset":"https:\/\/i0.wp.com\/historiografija.hr\/wp-content\/uploads\/2026\/04\/Predavanje-Calusic.png?fit=860%2C1200&ssl=1&resize=350%2C200 1x, https:\/\/i0.wp.com\/historiografija.hr\/wp-content\/uploads\/2026\/04\/Predavanje-Calusic.png?fit=860%2C1200&ssl=1&resize=525%2C300 1.5x, https:\/\/i0.wp.com\/historiografija.hr\/wp-content\/uploads\/2026\/04\/Predavanje-Calusic.png?fit=860%2C1200&ssl=1&resize=700%2C400 2x"},"classes":[]},{"id":52573,"url":"https:\/\/historiografija.hr\/?p=52573","url_meta":{"origin":50902,"position":2},"title":"Znanstvena konferencija &#8220;Filozofija odgoja: povijest, praksa, perspektive&#8221;","author":"Branimir Jankovi\u0107","date":"21. travnja 2026.","format":false,"excerpt":"Znanstvena konferencija \"Filozofija odgoja: povijest, praksa, perspektive\" odr\u017eat \u0107e se 23. i 24. travnja 2026. u Konferencijskoj dvorani Knji\u017enice Filozofskog fakulteta u Zagrebu (2. kat).\u00a0Konferencija je organizirana u okviru projekta\u00a0SUMKOS (voditeljica prof. dr. sc. Ivana Zagorac, financiran\u00a0sredstvima NextGenerationEU), uz potporu Odsjeka za filozofiju.\u00a0 Uz izlaga\u010dki dio, konferencija obuhva\u0107a i izlo\u017ebu\u2026","rel":"","context":"U &quot;Novosti&quot;","block_context":{"text":"Novosti","link":"https:\/\/historiografija.hr\/?cat=3"},"img":{"alt_text":"","src":"","width":0,"height":0},"classes":[]},{"id":52502,"url":"https:\/\/historiografija.hr\/?p=52502","url_meta":{"origin":50902,"position":3},"title":"Novi znanstveni projekt Hrvatskog instituta za povijest: \u201c\u017drtve ratova i dr\u017eavnog\/politi\u010dkog nasilja u hrvatskoj povijesti 20. stolje\u0107a\u201d","author":"Branimir Jankovi\u0107","date":"17. travnja 2026.","format":false,"excerpt":"Na redovitoj sjednici Vlade RH, 16. travnja 2026., donijet je Zaklju\u010dak kojim se pokre\u0107e znanstveni projekt \u201c\u017drtve ratova i dr\u017eavnog\/politi\u010dkog nasilja u hrvatskoj povijesti 20. stolje\u0107a\u201d. Projekt \u0107e provoditi i koordinirati Hrvatski institut za povijest u razdoblju trajanja projekta od pet godina. Zakljucak Vlade RH Iz teksta projektnog prijedloga: Problematika\u2026","rel":"","context":"U &quot;Novosti&quot;","block_context":{"text":"Novosti","link":"https:\/\/historiografija.hr\/?cat=3"},"img":{"alt_text":"","src":"https:\/\/i0.wp.com\/historiografija.hr\/wp-content\/uploads\/2026\/04\/Vlada-RH.jpg?fit=1200%2C557&ssl=1&resize=350%2C200","width":350,"height":200,"srcset":"https:\/\/i0.wp.com\/historiografija.hr\/wp-content\/uploads\/2026\/04\/Vlada-RH.jpg?fit=1200%2C557&ssl=1&resize=350%2C200 1x, https:\/\/i0.wp.com\/historiografija.hr\/wp-content\/uploads\/2026\/04\/Vlada-RH.jpg?fit=1200%2C557&ssl=1&resize=525%2C300 1.5x, https:\/\/i0.wp.com\/historiografija.hr\/wp-content\/uploads\/2026\/04\/Vlada-RH.jpg?fit=1200%2C557&ssl=1&resize=700%2C400 2x, https:\/\/i0.wp.com\/historiografija.hr\/wp-content\/uploads\/2026\/04\/Vlada-RH.jpg?fit=1200%2C557&ssl=1&resize=1050%2C600 3x"},"classes":[]},{"id":52559,"url":"https:\/\/historiografija.hr\/?p=52559","url_meta":{"origin":50902,"position":4},"title":"Dobitnici dr\u017eavne nagrade za znanost za 2024. godinu","author":"Branimir Jankovi\u0107","date":"20. travnja 2026.","format":false,"excerpt":"Na sjednici Odbora za podjelu dr\u017eavnih nagrada za znanost odr\u017eanoj 16. travnja 2026. godine donesena je Odluka o dodjeli dr\u017eavnih nagrada za znanost za 2024. godinu. Godi\u0161njom nagradom za popularizaciju i promid\u017ebu znanosti nagra\u0111eni su u podru\u010dju humanisti\u010dkih znanosti znanstveni suradnici dr. sc. Josip Mihaljevi\u0107 i dr. sc. Gordan Ravan\u010di\u0107,\u2026","rel":"","context":"U &quot;Novosti&quot;","block_context":{"text":"Novosti","link":"https:\/\/historiografija.hr\/?cat=3"},"img":{"alt_text":"","src":"https:\/\/i0.wp.com\/historiografija.hr\/wp-content\/uploads\/2021\/12\/povijesne-kontroverze.jpg?fit=1200%2C675&ssl=1&resize=350%2C200","width":350,"height":200,"srcset":"https:\/\/i0.wp.com\/historiografija.hr\/wp-content\/uploads\/2021\/12\/povijesne-kontroverze.jpg?fit=1200%2C675&ssl=1&resize=350%2C200 1x, https:\/\/i0.wp.com\/historiografija.hr\/wp-content\/uploads\/2021\/12\/povijesne-kontroverze.jpg?fit=1200%2C675&ssl=1&resize=525%2C300 1.5x, https:\/\/i0.wp.com\/historiografija.hr\/wp-content\/uploads\/2021\/12\/povijesne-kontroverze.jpg?fit=1200%2C675&ssl=1&resize=700%2C400 2x, https:\/\/i0.wp.com\/historiografija.hr\/wp-content\/uploads\/2021\/12\/povijesne-kontroverze.jpg?fit=1200%2C675&ssl=1&resize=1050%2C600 3x"},"classes":[]},{"id":52499,"url":"https:\/\/historiografija.hr\/?p=52499","url_meta":{"origin":50902,"position":5},"title":"POTPISAN UGOVOR O ZNANSTVENO-ISTRA\u017dIVA\u010cKOJ SURADNJI: PROJEKT \u201eTEMELJI HRVATSKE SAMOSTALNOSTI\u201d","author":"Branimir Jankovi\u0107","date":"17. travnja 2026.","format":false,"excerpt":"Hrvatski institut za povijest, Sveu\u010dili\u0161te obrane i sigurnosti \u201eDr. Franjo Tu\u0111man\u201d, Institut dru\u0161tvenih znanosti Ivo Pilar i Hrvatski dr\u017eavni arhiv\u00a0potpisali su 23. o\u017eujka 2026.\u00a0Ugovor o znanstveno-istra\u017eiva\u010dkoj suradnji s ciljem provedbe projekta \u201eTemelji hrvatske samostalnosti\u201d. Tim projektom obuhva\u0107a se istra\u017eivanje arhivskoga gradiva, priprema znanstvenih publikacija, digitalizacija i javna prezentacija rezultata istra\u017eivanja\u2026","rel":"","context":"U &quot;Novosti&quot;","block_context":{"text":"Novosti","link":"https:\/\/historiografija.hr\/?cat=3"},"img":{"alt_text":"","src":"https:\/\/i0.wp.com\/historiografija.hr\/wp-content\/uploads\/2026\/04\/THS_sporazum.jpg?fit=1200%2C583&ssl=1&resize=350%2C200","width":350,"height":200,"srcset":"https:\/\/i0.wp.com\/historiografija.hr\/wp-content\/uploads\/2026\/04\/THS_sporazum.jpg?fit=1200%2C583&ssl=1&resize=350%2C200 1x, https:\/\/i0.wp.com\/historiografija.hr\/wp-content\/uploads\/2026\/04\/THS_sporazum.jpg?fit=1200%2C583&ssl=1&resize=525%2C300 1.5x, https:\/\/i0.wp.com\/historiografija.hr\/wp-content\/uploads\/2026\/04\/THS_sporazum.jpg?fit=1200%2C583&ssl=1&resize=700%2C400 2x, https:\/\/i0.wp.com\/historiografija.hr\/wp-content\/uploads\/2026\/04\/THS_sporazum.jpg?fit=1200%2C583&ssl=1&resize=1050%2C600 3x"},"classes":[]}],"_links":{"self":[{"href":"https:\/\/historiografija.hr\/index.php?rest_route=\/wp\/v2\/posts\/50902","targetHints":{"allow":["GET"]}}],"collection":[{"href":"https:\/\/historiografija.hr\/index.php?rest_route=\/wp\/v2\/posts"}],"about":[{"href":"https:\/\/historiografija.hr\/index.php?rest_route=\/wp\/v2\/types\/post"}],"author":[{"embeddable":true,"href":"https:\/\/historiografija.hr\/index.php?rest_route=\/wp\/v2\/users\/2"}],"replies":[{"embeddable":true,"href":"https:\/\/historiografija.hr\/index.php?rest_route=%2Fwp%2Fv2%2Fcomments&post=50902"}],"version-history":[{"count":2,"href":"https:\/\/historiografija.hr\/index.php?rest_route=\/wp\/v2\/posts\/50902\/revisions"}],"predecessor-version":[{"id":50905,"href":"https:\/\/historiografija.hr\/index.php?rest_route=\/wp\/v2\/posts\/50902\/revisions\/50905"}],"wp:featuredmedia":[{"embeddable":true,"href":"https:\/\/historiografija.hr\/index.php?rest_route=\/wp\/v2\/media\/50903"}],"wp:attachment":[{"href":"https:\/\/historiografija.hr\/index.php?rest_route=%2Fwp%2Fv2%2Fmedia&parent=50902"}],"wp:term":[{"taxonomy":"category","embeddable":true,"href":"https:\/\/historiografija.hr\/index.php?rest_route=%2Fwp%2Fv2%2Fcategories&post=50902"},{"taxonomy":"post_tag","embeddable":true,"href":"https:\/\/historiografija.hr\/index.php?rest_route=%2Fwp%2Fv2%2Ftags&post=50902"}],"curies":[{"name":"wp","href":"https:\/\/api.w.org\/{rel}","templated":true}]}}