{"id":50894,"date":"2026-01-13T21:45:07","date_gmt":"2026-01-13T21:45:07","guid":{"rendered":"https:\/\/historiografija.hr\/?p=50894"},"modified":"2026-01-13T21:47:54","modified_gmt":"2026-01-13T21:47:54","slug":"predstavljanje-knjige-ante-sorica-centralno-bogoslovno-sjemeniste-u-zadru-1826-1921","status":"publish","type":"post","link":"https:\/\/historiografija.hr\/?p=50894","title":{"rendered":"Predstavljanje knjige Ante Sori\u0107a \u201eCentralno bogoslovno sjemeni\u0161te u Zadru (1826. \u2013 1921.)\u201c u Zadru"},"content":{"rendered":"\n<p>Dr\u017eavni arhiv u Zadru, Sveu\u010dili\u0161te u Zadru&nbsp;i Ogranak Matice hrvatske u Zadru organiziraju predstavljanje knjige Centralno bogoslovno sjemeni\u0161te u Zadru (1826. \u2013 1921.) autora don dr. sc. Ante Sori\u0107a, generalnog vikara Zadarske nadbiskupije i ravnatelja Stalne izlo\u017ebe crkvene umjetnosti u Zadru. Predstavljanje knjige bit \u0107e u dvorani Nadbiskupskog sjemeni\u0161ta&nbsp;<em>Zmajevi\u0107&nbsp;<\/em>u petak 16. sije\u010dnja 2026. s po\u010detkom u 18 sati. O knjizi \u0107e govoriti prof. dr. sc. don Marko Trogrli\u0107 i nasl. doc. dr. sc. Ante Gveri\u0107, a uvodnu rije\u010d odr\u017eat \u0107e zadarski nadbiskup msgr. Milan Zgrabli\u0107 i rektor Sveu\u010dili\u0161ta u Zadru prof. dr. sc. Josip Fari\u010di\u0107.<\/p>\n\n\n\n<p>Rije\u010d je o sustavnoj i sveobuhvatnoj obradi Centralnoga bogoslovnog sjemeni\u0161ta koje je osnovano za vrijeme druge austrijske uprave u Dalmaciji, po dogovoru pokrajinskih crkvenih i civilnih vlasti i uz dopu\u0161tenje carske administracije u Be\u010du. Zadarska bogoslovija se sastojala od odgojnog zavoda sjemeni\u0161ta i teologije koja je kao visoko\u0161kolska ustanova djelovala pod imenom Centralna visoka bogoslovna \u0161kola. U&nbsp;razdoblju od gotovo 100 godina studij je poha\u0111alo 1760 studenata, dijecezanskih i redovni\u010dkih kandidata iz cijele Dalmacije. Kroz \u010detverogodi\u0161nji studij teologije, koji je planom i programom bio izjedna\u010den sa svim drugim tada\u0161njim austrijskim fakultetima, a na kojem su predavali odabrani i stru\u010dni profesori, me\u0111u njima kasnije mnogi (nad)biskupi, cilj Zavoda bio je u cijelosti pripremiti bogoslove za budu\u0107e pastoralno djelovanje. Me\u0111u njima bili su nositelji&nbsp;brojnih crkveno-dru\u0161tvenih doga\u0111anja u Dalmaciji tijekom 19. i po\u010detka 20. stolje\u0107a. Naime, iz Centralnog bogoslovnog sjemeni\u0161ta u Zadru iza\u0161ao je veliki broj va\u017enih protagonista Ilirskog, potom Narodnog preporoda u Dalmaciji, koji su dati zna\u010dajan doprinos oblikovanju modernoga hrvatskog nacionalnog i kulturnog identiteta. Me\u0111u zna\u010dajnijim imenima studenata u Zadru isti\u010du se: Ivan Ber\u010di\u0107, Mihovil Pavlinovi\u0107, Ivo Prodan, Frane Buli\u0107, Luka Jeli\u0107, Lovre Kati\u0107, Grgo Novak i mnogi drugi. Osim politi\u010dkog djelovanja, me\u0111u studentima su bile mnoge osobe koje su kasnije u sve\u0107eni\u010dkom ili lai\u010dkom pozivu pridonijeli razli\u010ditim motri\u0161tima znanstvenoga, kulturnog, umjetni\u010dkog i drugih dru\u0161tvenih i gospodarskih podru\u010dja razvitka hrvatskoga Juga u okvirima austrijske pokrajine Dalmacije. Uslijed te\u0161kih dru\u0161tveno-politi\u010dkih okolnosti 20. stolje\u0107a, neki od njih svoju vjernost sve\u0107eni\u010dkom pozivu posvjedo\u010dili su i mu\u010deni\u0161tvom.&nbsp;<\/p>\n\n\n\n<p>Prvi dio knjige sve\u0107enika i znanstvenika Ante Sori\u0107a obuhva\u0107a iscrpnu analizu razloga&nbsp;osnivanja institucije, popise odgojitelja, zanimljivosti iz odgojnog procesa i opis odgojne formacije pitomaca na Centralnoj visokoj bogoslovnoj \u0161koli s naglaskom na teolo\u0161ke katedre i profesore. U tom djelu zasebno se iznosi dru\u0161tveno-politi\u010dki kontekst rasta i odgoja pitomaca sve do prestanka rada institucije u izmijenjenim politi\u010dkim okolnostima poslije Prvoga svjetskog rata i pripajanja Zadra Kraljevini Italiji. Centralno bogoslovno sjemeni\u0161te preseljeno je zbog toga 1921. godine u Split, no njegova cjelokupna va\u017enost za vrijeme \u201ezadarskog razdoblja\u201c \u0107e ostati va\u017enim predmetom istra\u017eivanja, u smislu doprinosa crkvenoj i nacionalnoj povijesti 19. i 20. stolje\u0107a. Drugi dio knjige sadr\u017ei popise studenata po generacijama od 1826. do 1921. godine s osnovnim napomenama, a prire\u0111en je na temelju Imenika studenata koji se nalaze u Nadbiskupskom arhivu u Zadru i Splitu.&nbsp;<\/p>\n\n\n\n<hr class=\"wp-block-separator has-alpha-channel-opacity\"\/>\n\n\n\n<p>Izvor i dodatne obavijesti:<\/p>\n\n\n\n<p><a href=\"https:\/\/www.unizd.hr\/kalendar\/detalj\/predstavljanje-knjige-centralno-bogoslovno-sjemeniste-u-zadru\">https:\/\/www.unizd.hr\/kalendar\/detalj\/predstavljanje-knjige-centralno-bogoslovno-sjemeniste-u-zadru<\/a><\/p>\n\n\n\n<p><a href=\"https:\/\/www.dazd.hr\/hr\/predstavljanje\/predstavljanje-knjige-dr-sc-ante-sorica-centralno-bogoslovno-sjemeniste-u-zadru-1826-1921u\/28\">https:\/\/www.dazd.hr\/hr\/predstavljanje\/predstavljanje-knjige-dr-sc-ante-sorica-centralno-bogoslovno-sjemeniste-u-zadru-1826-1921u\/28<\/a><\/p>\n\n\n\n<hr class=\"wp-block-separator has-alpha-channel-opacity\"\/>\n","protected":false},"excerpt":{"rendered":"","protected":false},"author":2,"featured_media":50895,"comment_status":"open","ping_status":"open","sticky":false,"template":"","format":"standard","meta":{"_acf_changed":false,"jetpack_post_was_ever_published":false,"_jetpack_newsletter_access":"","_jetpack_dont_email_post_to_subs":false,"_jetpack_newsletter_tier_id":0,"_jetpack_memberships_contains_paywalled_content":false,"_jetpack_memberships_contains_paid_content":false,"footnotes":"","jetpack_publicize_message":"","jetpack_publicize_feature_enabled":true,"jetpack_social_post_already_shared":true,"jetpack_social_options":{"image_generator_settings":{"template":"highway","default_image_id":0,"font":"","enabled":false},"version":2}},"categories":[3],"tags":[],"class_list":["post-50894","post","type-post","status-publish","format-standard","has-post-thumbnail","hentry","category-novosti"],"acf":{"facebook_opis":""},"jetpack_publicize_connections":[],"jetpack_featured_media_url":"https:\/\/i0.wp.com\/historiografija.hr\/wp-content\/uploads\/2026\/01\/pozivnica-DAZD.jpg?fit=599%2C285&ssl=1","jetpack_sharing_enabled":true,"jetpack-related-posts":[],"_links":{"self":[{"href":"https:\/\/historiografija.hr\/index.php?rest_route=\/wp\/v2\/posts\/50894","targetHints":{"allow":["GET"]}}],"collection":[{"href":"https:\/\/historiografija.hr\/index.php?rest_route=\/wp\/v2\/posts"}],"about":[{"href":"https:\/\/historiografija.hr\/index.php?rest_route=\/wp\/v2\/types\/post"}],"author":[{"embeddable":true,"href":"https:\/\/historiografija.hr\/index.php?rest_route=\/wp\/v2\/users\/2"}],"replies":[{"embeddable":true,"href":"https:\/\/historiografija.hr\/index.php?rest_route=%2Fwp%2Fv2%2Fcomments&post=50894"}],"version-history":[{"count":2,"href":"https:\/\/historiografija.hr\/index.php?rest_route=\/wp\/v2\/posts\/50894\/revisions"}],"predecessor-version":[{"id":50897,"href":"https:\/\/historiografija.hr\/index.php?rest_route=\/wp\/v2\/posts\/50894\/revisions\/50897"}],"wp:featuredmedia":[{"embeddable":true,"href":"https:\/\/historiografija.hr\/index.php?rest_route=\/wp\/v2\/media\/50895"}],"wp:attachment":[{"href":"https:\/\/historiografija.hr\/index.php?rest_route=%2Fwp%2Fv2%2Fmedia&parent=50894"}],"wp:term":[{"taxonomy":"category","embeddable":true,"href":"https:\/\/historiografija.hr\/index.php?rest_route=%2Fwp%2Fv2%2Fcategories&post=50894"},{"taxonomy":"post_tag","embeddable":true,"href":"https:\/\/historiografija.hr\/index.php?rest_route=%2Fwp%2Fv2%2Ftags&post=50894"}],"curies":[{"name":"wp","href":"https:\/\/api.w.org\/{rel}","templated":true}]}}