{"id":50880,"date":"2026-01-12T18:34:42","date_gmt":"2026-01-12T18:34:42","guid":{"rendered":"https:\/\/historiografija.hr\/?p=50880"},"modified":"2026-01-12T18:34:42","modified_gmt":"2026-01-12T18:34:42","slug":"matica-hrvatska-dokumentiranje-obljetnickih-programa","status":"publish","type":"post","link":"https:\/\/historiografija.hr\/?p=50880","title":{"rendered":"Matica hrvatska: Dokumentiranje obljetni\u010dkih programa"},"content":{"rendered":"\n<p>Matica hrvatska poziva sve koji su obilje\u017eavali 1100 godina Hrvatskoga Kraljevstva (ustanove, udruge, \u0161kole, gradovi, op\u0107ine i dr.) da na e-adresu: <strong>obljetnice@matica.hr&nbsp;<\/strong>po\u0161alju osnovne informacije o tome gdje je, kada i kako obilje\u017eena ova obljetnica, zajedno s fotografijama, kako bismo na jednom mjestu dokumentirali obljetni\u010dke programe.<\/p>\n\n\n\n<hr class=\"wp-block-separator has-alpha-channel-opacity\"\/>\n\n\n\n<figure class=\"wp-block-image size-full\"><img data-recalc-dims=\"1\" loading=\"lazy\" decoding=\"async\" width=\"680\" height=\"665\" data-attachment-id=\"50881\" data-permalink=\"https:\/\/historiografija.hr\/?attachment_id=50881\" data-orig-file=\"https:\/\/i0.wp.com\/historiografija.hr\/wp-content\/uploads\/2026\/01\/1100_godina_Tomislava.jpg?fit=680%2C665&amp;ssl=1\" data-orig-size=\"680,665\" data-comments-opened=\"1\" data-image-meta=\"{&quot;aperture&quot;:&quot;0&quot;,&quot;credit&quot;:&quot;&quot;,&quot;camera&quot;:&quot;&quot;,&quot;caption&quot;:&quot;&quot;,&quot;created_timestamp&quot;:&quot;0&quot;,&quot;copyright&quot;:&quot;&quot;,&quot;focal_length&quot;:&quot;0&quot;,&quot;iso&quot;:&quot;0&quot;,&quot;shutter_speed&quot;:&quot;0&quot;,&quot;title&quot;:&quot;&quot;,&quot;orientation&quot;:&quot;0&quot;}\" data-image-title=\"1100_godina_Tomislava\" data-image-description=\"\" data-image-caption=\"\" data-large-file=\"https:\/\/i0.wp.com\/historiografija.hr\/wp-content\/uploads\/2026\/01\/1100_godina_Tomislava.jpg?fit=680%2C665&amp;ssl=1\" src=\"https:\/\/i0.wp.com\/historiografija.hr\/wp-content\/uploads\/2026\/01\/1100_godina_Tomislava.jpg?resize=680%2C665&#038;ssl=1\" alt=\"\" class=\"wp-image-50881\" srcset=\"https:\/\/i0.wp.com\/historiografija.hr\/wp-content\/uploads\/2026\/01\/1100_godina_Tomislava.jpg?w=680&amp;ssl=1 680w, https:\/\/i0.wp.com\/historiografija.hr\/wp-content\/uploads\/2026\/01\/1100_godina_Tomislava.jpg?resize=300%2C293&amp;ssl=1 300w\" sizes=\"auto, (max-width: 680px) 100vw, 680px\" \/><\/figure>\n\n\n\n<hr class=\"wp-block-separator has-alpha-channel-opacity\"\/>\n\n\n\n<p>Izvor:<\/p>\n\n\n\n<p><a href=\"https:\/\/www.matica.hr\/novosti\/dokumentiranje-obljetnickih-programa-467\">https:\/\/www.matica.hr\/novosti\/dokumentiranje-obljetnickih-programa-467<\/a><\/p>\n\n\n\n<hr class=\"wp-block-separator has-alpha-channel-opacity\"\/>\n","protected":false},"excerpt":{"rendered":"","protected":false},"author":2,"featured_media":50882,"comment_status":"open","ping_status":"open","sticky":false,"template":"","format":"standard","meta":{"_acf_changed":false,"jetpack_post_was_ever_published":false,"_jetpack_newsletter_access":"","_jetpack_dont_email_post_to_subs":false,"_jetpack_newsletter_tier_id":0,"_jetpack_memberships_contains_paywalled_content":false,"_jetpack_memberships_contains_paid_content":false,"footnotes":"","jetpack_publicize_message":"","jetpack_publicize_feature_enabled":true,"jetpack_social_post_already_shared":true,"jetpack_social_options":{"image_generator_settings":{"template":"highway","default_image_id":0,"font":"","enabled":false},"version":2}},"categories":[3],"tags":[],"class_list":["post-50880","post","type-post","status-publish","format-standard","has-post-thumbnail","hentry","category-novosti"],"acf":{"facebook_opis":""},"jetpack_publicize_connections":[],"jetpack_featured_media_url":"https:\/\/i0.wp.com\/historiografija.hr\/wp-content\/uploads\/2026\/01\/1100_godina.jpg?fit=680%2C338&ssl=1","jetpack_sharing_enabled":true,"jetpack-related-posts":[],"_links":{"self":[{"href":"https:\/\/historiografija.hr\/index.php?rest_route=\/wp\/v2\/posts\/50880","targetHints":{"allow":["GET"]}}],"collection":[{"href":"https:\/\/historiografija.hr\/index.php?rest_route=\/wp\/v2\/posts"}],"about":[{"href":"https:\/\/historiografija.hr\/index.php?rest_route=\/wp\/v2\/types\/post"}],"author":[{"embeddable":true,"href":"https:\/\/historiografija.hr\/index.php?rest_route=\/wp\/v2\/users\/2"}],"replies":[{"embeddable":true,"href":"https:\/\/historiografija.hr\/index.php?rest_route=%2Fwp%2Fv2%2Fcomments&post=50880"}],"version-history":[{"count":1,"href":"https:\/\/historiografija.hr\/index.php?rest_route=\/wp\/v2\/posts\/50880\/revisions"}],"predecessor-version":[{"id":50883,"href":"https:\/\/historiografija.hr\/index.php?rest_route=\/wp\/v2\/posts\/50880\/revisions\/50883"}],"wp:featuredmedia":[{"embeddable":true,"href":"https:\/\/historiografija.hr\/index.php?rest_route=\/wp\/v2\/media\/50882"}],"wp:attachment":[{"href":"https:\/\/historiografija.hr\/index.php?rest_route=%2Fwp%2Fv2%2Fmedia&parent=50880"}],"wp:term":[{"taxonomy":"category","embeddable":true,"href":"https:\/\/historiografija.hr\/index.php?rest_route=%2Fwp%2Fv2%2Fcategories&post=50880"},{"taxonomy":"post_tag","embeddable":true,"href":"https:\/\/historiografija.hr\/index.php?rest_route=%2Fwp%2Fv2%2Ftags&post=50880"}],"curies":[{"name":"wp","href":"https:\/\/api.w.org\/{rel}","templated":true}]}}