{"id":50871,"date":"2026-01-12T18:05:55","date_gmt":"2026-01-12T18:05:55","guid":{"rendered":"https:\/\/historiografija.hr\/?p=50871"},"modified":"2026-01-12T18:11:59","modified_gmt":"2026-01-12T18:11:59","slug":"jasenovacki-logoras-erwin-miller-hoce-li-jednoga-dana-tvrditi-da-su-logorasi-umirali-tek-od-bolesti-i-starosti","status":"publish","type":"post","link":"https:\/\/historiografija.hr\/?p=50871","title":{"rendered":"Iz literature s povodom: Jasenova\u010dki logora\u0161 Erwin Miller &#8211; Ho\u0107e li jednoga dana tvrditi da su logora\u0161i umirali tek od bolesti i starosti?"},"content":{"rendered":"\n<p>\u201eOd pribli\u017eno 700 \u017didova iz Vinkovaca pre\u017eivjeli su jedino oni iz ko\u017eare, i to: Marton, moj otac, ja i dva brata Rosenzweiga, Jakov i Ignatz. Kako \u0107e to usta\u0161e jednoga dana objasniti? Ho\u0107e li tvrditi da su logora\u0161i umirali tek od bolesti i starosti, ili zbog toga \u0161to su, recimo, napali nekog usta\u0161u, pa je onda ovaj u samoobrani bio pucao? Sve je mogu\u0107e.<\/p>\n\n\n\n<p>&nbsp;&nbsp;&nbsp;&nbsp;&nbsp;&nbsp;&nbsp;&nbsp;&nbsp;&nbsp;&nbsp;&nbsp;&nbsp;&nbsp; Dani su prolazili i ni\u0161ta se nije doga\u0111alo. (\u2026) Svejedno, kao da je neka nevidljiva opasnost rasla iz dana u dan, iz trenutka u trenutak. Netko bi do\u0161ao s pri\u010dom da usta\u0161e pripremaju likvidaciju logora. Povjerovali bismo joj, jer je sve ukazivalo na to da se u centralnom Jasenova\u010dkom logoru zaista ne\u0161to doga\u0111a. I ko\u010dija\u0161 se vra\u0107ao iz logora s kojekakvim pri\u010dama, iako su po mom sudu bile vi\u0161e proizvod njegove ma\u0161te, nego istinite. Pa ipak, svi su imali osje\u0107aj da ko\u010dija\u0161 govori istinu i da ne\u0161to ima u tim pri\u010dama, pa da bi valjalo o njima razmisliti. Ko\u010dija\u0161 je tako, na primjer, pri\u010dao da velik broj logora\u0161a radi na nekakvim iskapanjima. \u0160to iskapaju, nove grobove? Ne, nego iskapaju le\u0161eve, pa ih spaljuju, cijeli logor smrdi po tome. Zna\u010di, ako iskapaju grobove i spaljuju le\u0161eve, nije li to zato da bi zatrli sve \u0161to bi se moglo otkriti? Tako smo zaklju\u010divali, a pritom uop\u0107e nismo bili sigurni u istinitost tih pri\u010da.\u201c<\/p>\n\n\n\n<hr class=\"wp-block-separator has-alpha-channel-opacity\"\/>\n\n\n\n<p><a href=\"https:\/\/zbl.lzmk.hr\/?p=1387\">Erwin Miller<\/a>, <em>Izabran za umiranje<\/em>, <a href=\"http:\/\/durieux.hr\/wordpress\/knjige\/biografije-putopisi\/izabran-za-umiranje\/\">uredila<\/a> Zora Dirnbach, Zagreb (Durieux) \u2013 Cetinje (Otvoreni kulturni forum), 2004, str. 123-124.<\/p>\n\n\n\n<hr class=\"wp-block-separator has-alpha-channel-opacity\"\/>\n\n\n\n<p><\/p>\n","protected":false},"excerpt":{"rendered":"","protected":false},"author":2,"featured_media":50874,"comment_status":"open","ping_status":"open","sticky":false,"template":"","format":"standard","meta":{"_acf_changed":false,"jetpack_post_was_ever_published":false,"_jetpack_newsletter_access":"","_jetpack_dont_email_post_to_subs":false,"_jetpack_newsletter_tier_id":0,"_jetpack_memberships_contains_paywalled_content":false,"_jetpack_memberships_contains_paid_content":false,"footnotes":"","jetpack_publicize_message":"","jetpack_publicize_feature_enabled":true,"jetpack_social_post_already_shared":true,"jetpack_social_options":{"image_generator_settings":{"template":"highway","default_image_id":0,"font":"","enabled":false},"version":2}},"categories":[3,11],"tags":[],"class_list":["post-50871","post","type-post","status-publish","format-standard","has-post-thumbnail","hentry","category-novosti","category-rubrike"],"acf":{"facebook_opis":""},"jetpack_publicize_connections":[],"jetpack_featured_media_url":"https:\/\/i0.wp.com\/historiografija.hr\/wp-content\/uploads\/2026\/01\/Miller.jpg?fit=450%2C248&ssl=1","jetpack_sharing_enabled":true,"jetpack-related-posts":[],"_links":{"self":[{"href":"https:\/\/historiografija.hr\/index.php?rest_route=\/wp\/v2\/posts\/50871","targetHints":{"allow":["GET"]}}],"collection":[{"href":"https:\/\/historiografija.hr\/index.php?rest_route=\/wp\/v2\/posts"}],"about":[{"href":"https:\/\/historiografija.hr\/index.php?rest_route=\/wp\/v2\/types\/post"}],"author":[{"embeddable":true,"href":"https:\/\/historiografija.hr\/index.php?rest_route=\/wp\/v2\/users\/2"}],"replies":[{"embeddable":true,"href":"https:\/\/historiografija.hr\/index.php?rest_route=%2Fwp%2Fv2%2Fcomments&post=50871"}],"version-history":[{"count":3,"href":"https:\/\/historiografija.hr\/index.php?rest_route=\/wp\/v2\/posts\/50871\/revisions"}],"predecessor-version":[{"id":50876,"href":"https:\/\/historiografija.hr\/index.php?rest_route=\/wp\/v2\/posts\/50871\/revisions\/50876"}],"wp:featuredmedia":[{"embeddable":true,"href":"https:\/\/historiografija.hr\/index.php?rest_route=\/wp\/v2\/media\/50874"}],"wp:attachment":[{"href":"https:\/\/historiografija.hr\/index.php?rest_route=%2Fwp%2Fv2%2Fmedia&parent=50871"}],"wp:term":[{"taxonomy":"category","embeddable":true,"href":"https:\/\/historiografija.hr\/index.php?rest_route=%2Fwp%2Fv2%2Fcategories&post=50871"},{"taxonomy":"post_tag","embeddable":true,"href":"https:\/\/historiografija.hr\/index.php?rest_route=%2Fwp%2Fv2%2Ftags&post=50871"}],"curies":[{"name":"wp","href":"https:\/\/api.w.org\/{rel}","templated":true}]}}