{"id":5085,"date":"2017-06-30T08:46:25","date_gmt":"2017-06-30T08:46:25","guid":{"rendered":"http:\/\/historiografija.hr\/?p=5085"},"modified":"2017-06-30T18:34:07","modified_gmt":"2017-06-30T18:34:07","slug":"cfp-iii-kastellologische-tagung-zur-ehre-vom-prof-tomas-durdik-burg-krivoklatpurglitz-5-7-10-2017","status":"publish","type":"post","link":"https:\/\/historiografija.hr\/?p=5085","title":{"rendered":"CFP &#8211; III. kastellologische Tagung zur Ehre vom Prof. Tom\u00e1\u0161 Durd\u00edk (Burg K\u0159ivokl\u00e1t \/ P\u00fcrglitz, 5. \u2013 7.10.2017)"},"content":{"rendered":"<p>Die Anmeldung ist m\u00f6glich bis 10.9.2017 \/ Prijave do 10.9.2017 (jezici: \u010de\u0161ki, njema\u010dki, engleski, poljski, slova\u010dki).<\/p>\n<p>&nbsp;<\/p>\n<p>&#8212;<\/p>\n<p>&nbsp;<\/p>\n<p><strong>POZV\u00c1NKA<\/strong><\/p>\n<p>&nbsp;<\/p>\n<p>&nbsp;<\/p>\n<p><strong>III. RO\u010cN\u00cdK KASTELLOLOGICK\u00c9 KONFERENCE K POCT\u011a PROF. TOM\u00c1\u0160E DURD\u00cdKA K\u0158IVOKL\u00c1T 2017<\/strong><\/p>\n<p>&nbsp;<\/p>\n<p>&nbsp;<\/p>\n<p>Ve dnech 5. \u2013 7.10.2017 se v are\u00e1lu hradu K\u0159ivokl\u00e1t uskute\u010dn\u00ed ji\u017e III. ro\u010dn\u00edk kastellologick\u00e9 konference v\u011bnovan\u00e9 pam\u00e1tce prof. Tom\u00e1\u0161e Durd\u00edka. T\u00e9matem konference je \u0161ir\u0161\u00ed problematika evropsk\u00e9 kastellologie. \u00da\u010dastn\u00edci konference maj\u00ed mo\u017enost publikov\u00e1n\u00ed sv\u00fdch p\u0159\u00edsp\u011bvk\u016f v recenzovan\u00e9m \u010dasopisu Castellologica bohemica. Sou\u010d\u00e1st\u00ed konference bude, mimo jin\u00e9, prohl\u00eddka hradn\u00edho are\u00e1lu zam\u011b\u0159en\u00e1 na archeologii a stavebn\u00ed historii. V hradn\u00ed kapli bude slou\u017eena pobo\u017enost za prof. Tom\u00e1\u0161e Durd\u00edka. Konference je po\u0159\u00e1d\u00e1na v \u00fazk\u00e9 spolupr\u00e1ci mezi Archeologick\u00fdm \u00fastavem AV \u010cR, Praha, v. v. i., Katedrou archeologie a Fakultou filozofickou Z\u00e1pado\u010desk\u00e9 univerzity v Plzni, N\u00e1rodn\u00edm pam\u00e1tkov\u00fdm \u00fastavem &#8211; Spr\u00e1vou st\u00e1tn\u00edho hradu K\u0159ivokl\u00e1t, N\u00e1bo\u017eenskou obc\u00ed C\u00edrkve \u010deskoslovensk\u00e9 husitsk\u00e9 v K\u0159ivokl\u00e1t\u011b, Pra\u017eskou diec\u00e9z\u00ed C\u00edrkve \u010deskoslovensk\u00e9 husitsk\u00e9 a Spole\u010dnost\u00ed p\u0159\u00e1tel staro\u017eitnost\u00ed.<\/p>\n<p>Konferen\u010dn\u00ed poplatek: 1000,-K\u010d\/os., studenti 500,-K\u010d\/os.<\/p>\n<p>&nbsp;<\/p>\n<p>&nbsp;<\/p>\n<p>Konferen\u010dn\u00ed poplatek bude mo\u017en\u00e9 uhradit na m\u00edst\u011b kon\u00e1n\u00ed konference.<\/p>\n<p>&nbsp;<\/p>\n<p>Mo\u017enosti ubytov\u00e1n\u00ed na hrad\u011b:<br \/>\n2x dvoul\u016f\u017ekov\u00fd pokoj \u2013 490,-K\u010d\/os.\/noc<br \/>\n3x \u010dty\u0159l\u016f\u017ekov\u00fd pokoj &#8211; 330,-K\u010d\/os.\/noc<\/p>\n<p>Ubytov\u00e1n\u00ed pro studenty a nen\u00e1ro\u010dn\u00ed \u00fa\u010dastn\u00edky konferen\u010dn\u00edho jedn\u00e1n\u00ed (celkem 23 m\u00edst) &#8211; 150,-K\u010d\/os.\/noc<br \/>\nDal\u0161\u00ed mo\u017enosti ubytov\u00e1n\u00ed v bl\u00edzk\u00e9m okol\u00ed a v m\u011bste\u010dku pod hradem.<\/p>\n<p>&nbsp;<\/p>\n<p>&nbsp;<\/p>\n<p>Jednac\u00ed jazyk: \u010cJ, NJ, AJ, PL, SK<\/p>\n<p>&nbsp;<\/p>\n<p>&nbsp;<\/p>\n<p>Kontaktn\u00ed osoba pro \u00fa\u010dastn\u00edky konference: Josef Hlo\u017eek; hlozek@kar.zcu.cz<\/p>\n<p>&nbsp;<\/p>\n<p>&nbsp;<\/p>\n<p>P\u0159ihl\u00e1\u0161en\u00ed na konferenci je mo\u017en\u00e9 emailem do 10. 9. 2017.<\/p>\n<p>&nbsp;<\/p>\n<p>&#8212;<\/p>\n<p>&nbsp;<\/p>\n<p><strong>EINLADUNG<\/strong><\/p>\n<p>&nbsp;<\/p>\n<p>&nbsp;<\/p>\n<p><strong>zur III. kastellologischen Tagung zur Ehre vom Prof. Tom\u00e1\u0161 Durd\u00edk K\u0159ivokl\u00e1t 2017<\/strong><\/p>\n<p>&nbsp;<\/p>\n<p>&nbsp;<\/p>\n<p>In den Tagen 5. \u2013 7. 10.2017 veranstaltet sich auf der Burg K\u0159ivokl\u00e1t schon der III. Jahrgang der kastellologischen Tagung, die zum Ged\u00e4chtnis vom Prof. Tom\u00e1\u0161 Durd\u00edk gewidmet ist. Tagungsthema ist die breitere Problematik der europ\u00e4ischen Burgenkunde. Die Teilnehmer k\u00f6nnen dann ihre Beitr\u00e4ge in einer renommierten und rezensierten Zeitschrift Castellologica bohemica ver\u00f6ffentlichen. Auf dem Tagungsprogramm steht u. a. eine Besichtigung des Burgareals, die sich auf der Baugeschichte und Arch\u00e4ologie konzentriert, und in der Burgkapelle wird eine Messe f\u00fcr Prof. Tom\u00e1\u0161 Durd\u00edk gefeiert. Die Tagung veranstaltet Arch\u00e4ologisches Institut der Akademie der Wissenschaften der Tschechischen Republik in Prag, Lehrstuhl f\u00fcr Arch\u00e4ologie der Westb\u00f6hmischen Universit\u00e4t in Pilsen, Nationaldenkmalinstitut \u2013 Verwaltung der Burg K\u0159ivokl\u00e1t, Tschechoslowakische Hussitische Kirche \u2013 Di\u00f6zese Prag und Kirchengemeinde K\u0159ivokl\u00e1t und Gesellschaft der Altert\u00fcmerfreunde.<\/p>\n<p>&nbsp;<\/p>\n<p>&nbsp;<\/p>\n<p>Tagungsgeb\u00fchr: 1000,-K\u010d\/Pers., Studenten 500,-K\u010d\/Pers.<br \/>\nUnterkunftsm\u00f6glichkeiten auf der Burg:<br \/>\n2x Doppelzimmer \u2013 490,-K\u010d Pers.\/Nacht<br \/>\n3x 4-Bettzimmer &#8211; 330,-K\u010d Pers.\/Nacht<br \/>\nUnterkunft f\u00fcr die Studenten und anspruchslosen Tagungsteilnehmer (23 Pl\u00e4tze) &#8211; 150,- K\u010d Pers.\/Nacht<br \/>\nDie weiteren Unterkunftsm\u00f6glichkeiten bieten auch das St\u00e4dtchen K\u0159ivokl\u00e1t und die nahe Umgebung.<\/p>\n<p>&nbsp;<\/p>\n<p>&nbsp;<\/p>\n<p>Tagungssprache: tschechisch, deutsch, englisch, polnisch, slovakisch<\/p>\n<p>&nbsp;<\/p>\n<p>&nbsp;<\/p>\n<p>Kontaktperson: Josef Hlo\u017eek; hlozek@kar.zcu.cz<\/p>\n<p>&nbsp;<\/p>\n<p>&nbsp;<\/p>\n<p>Die Anmeldung ist m\u00f6glich bis 10. 9. 2017 per Email.<\/p>\n<p>&nbsp;<\/p>\n<p>&nbsp;<\/p>\n<p><a href=\"http:\/\/www.hsozkult.de\/event\/id\/termine-34498\">http:\/\/www.hsozkult.de\/event\/id\/termine-34498<\/a><\/p>\n<p>&nbsp;<\/p>\n<p>&nbsp;<\/p>\n<p>&nbsp;<\/p>\n","protected":false},"excerpt":{"rendered":"","protected":false},"author":2,"featured_media":5093,"comment_status":"open","ping_status":"open","sticky":false,"template":"","format":"standard","meta":{"_acf_changed":false,"jetpack_post_was_ever_published":false,"_jetpack_newsletter_access":"","_jetpack_dont_email_post_to_subs":false,"_jetpack_newsletter_tier_id":0,"_jetpack_memberships_contains_paywalled_content":false,"_jetpack_memberships_contains_paid_content":false,"footnotes":"","jetpack_publicize_message":"","jetpack_publicize_feature_enabled":true,"jetpack_social_post_already_shared":true,"jetpack_social_options":{"image_generator_settings":{"template":"highway","default_image_id":0,"font":"","enabled":false},"version":2}},"categories":[3,9],"tags":[],"class_list":["post-5085","post","type-post","status-publish","format-standard","has-post-thumbnail","hentry","category-novosti","category-skupovi"],"acf":{"facebook_opis":""},"jetpack_publicize_connections":[],"jetpack_featured_media_url":"https:\/\/i0.wp.com\/historiografija.hr\/wp-content\/uploads\/2017\/06\/Krivoklat-1.jpg?fit=682%2C1023&ssl=1","jetpack_sharing_enabled":true,"jetpack-related-posts":[{"id":52536,"url":"https:\/\/historiografija.hr\/?p=52536","url_meta":{"origin":5085,"position":0},"title":"Kader Abdolah, \u201ePrije nego \u0161to bude kasno\u201c","author":"Branimir Jankovi\u0107","date":"20. travnja 2026.","format":false,"excerpt":"Kader Abdolah \u017eeli se vratiti ku\u0107i. Ali povratak je nemogu\u0107: u Iranu bi bio uhap\u0161en. Pod la\u017enim imenom i s krivotvorenim paso\u0161em ipak uspijeva u\u0107i u domovinu i sti\u017ee do roditeljske ku\u0107e, visoko u planinama. Majka ga ne prepoznaje, otac je mrtav, a sve \u0161to je tra\u017eio izmi\u010de mu pred\u2026","rel":"","context":"U &quot;Novosti&quot;","block_context":{"text":"Novosti","link":"https:\/\/historiografija.hr\/?cat=3"},"img":{"alt_text":"","src":"https:\/\/i0.wp.com\/historiografija.hr\/wp-content\/uploads\/2026\/04\/Prije-nego-sto-bude-kasno.webp?fit=566%2C872&ssl=1&resize=350%2C200","width":350,"height":200,"srcset":"https:\/\/i0.wp.com\/historiografija.hr\/wp-content\/uploads\/2026\/04\/Prije-nego-sto-bude-kasno.webp?fit=566%2C872&ssl=1&resize=350%2C200 1x, https:\/\/i0.wp.com\/historiografija.hr\/wp-content\/uploads\/2026\/04\/Prije-nego-sto-bude-kasno.webp?fit=566%2C872&ssl=1&resize=525%2C300 1.5x"},"classes":[]},{"id":52563,"url":"https:\/\/historiografija.hr\/?p=52563","url_meta":{"origin":5085,"position":1},"title":"Predavanje Nenada Fabijani\u0107a o stadionu Poljud u Splitu","author":"Branimir Jankovi\u0107","date":"21. travnja 2026.","format":false,"excerpt":"Znanstveno vije\u0107e za arhitekturu, urbanizam i ure\u0111enje prostora Hrvatske akademije znanosti i umjetnosti organizira predavanje \u201cPo Poljudu\u201d koje \u0107e u srijedu 22. travnja 2026. s po\u010detkom u 14 sati u Knji\u017enici HAZU, Strossmayerov trg 14 u Zagrebu, odr\u017eati\u00a0prof. emerit. dr. art. Nenad Fabijani\u0107,\u00a0\u010dlan suradnik HAZU. Predavanje \u201ePo Poljudu\u201c (Projekt obnove)\u2026","rel":"","context":"U &quot;Novosti&quot;","block_context":{"text":"Novosti","link":"https:\/\/historiografija.hr\/?cat=3"},"img":{"alt_text":"","src":"https:\/\/i0.wp.com\/historiografija.hr\/wp-content\/uploads\/2026\/04\/Poljud-scaled.jpeg?fit=1200%2C800&ssl=1&resize=350%2C200","width":350,"height":200,"srcset":"https:\/\/i0.wp.com\/historiografija.hr\/wp-content\/uploads\/2026\/04\/Poljud-scaled.jpeg?fit=1200%2C800&ssl=1&resize=350%2C200 1x, https:\/\/i0.wp.com\/historiografija.hr\/wp-content\/uploads\/2026\/04\/Poljud-scaled.jpeg?fit=1200%2C800&ssl=1&resize=525%2C300 1.5x, https:\/\/i0.wp.com\/historiografija.hr\/wp-content\/uploads\/2026\/04\/Poljud-scaled.jpeg?fit=1200%2C800&ssl=1&resize=700%2C400 2x, https:\/\/i0.wp.com\/historiografija.hr\/wp-content\/uploads\/2026\/04\/Poljud-scaled.jpeg?fit=1200%2C800&ssl=1&resize=1050%2C600 3x"},"classes":[]},{"id":52592,"url":"https:\/\/historiografija.hr\/?p=52592","url_meta":{"origin":5085,"position":2},"title":"Predstavljanje knjige &#8220;Turska ku\u0107a u Rijeci&#8221; u Zagrebu","author":"Branimir Jankovi\u0107","date":"22. travnja 2026.","format":false,"excerpt":"U prostorijama Turskog kulturnog centra Yunus Emre u Zagrebu, u utorak 21. travnja 2026. godine, odr\u017eano je sve\u010dano predstavljanje dopunjenog izdanja knjige Turska ku\u0107a u Rijeci, u organizaciji Hrvatsko-turskog dru\u0161tva Rijeka i partnerstvu sa Skupinom prijateljstva Hrvatska-Turska Hrvatskog sabora, Veleposlanstvom Republike Turske u Republici Hrvatskoj te Turskim kulturnim centrom Yunus\u2026","rel":"","context":"U &quot;Novosti&quot;","block_context":{"text":"Novosti","link":"https:\/\/historiografija.hr\/?cat=3"},"img":{"alt_text":"","src":"https:\/\/i0.wp.com\/historiografija.hr\/wp-content\/uploads\/2026\/04\/Turska-kuca-ZG.jpg?fit=1200%2C800&ssl=1&resize=350%2C200","width":350,"height":200,"srcset":"https:\/\/i0.wp.com\/historiografija.hr\/wp-content\/uploads\/2026\/04\/Turska-kuca-ZG.jpg?fit=1200%2C800&ssl=1&resize=350%2C200 1x, https:\/\/i0.wp.com\/historiografija.hr\/wp-content\/uploads\/2026\/04\/Turska-kuca-ZG.jpg?fit=1200%2C800&ssl=1&resize=525%2C300 1.5x, https:\/\/i0.wp.com\/historiografija.hr\/wp-content\/uploads\/2026\/04\/Turska-kuca-ZG.jpg?fit=1200%2C800&ssl=1&resize=700%2C400 2x, https:\/\/i0.wp.com\/historiografija.hr\/wp-content\/uploads\/2026\/04\/Turska-kuca-ZG.jpg?fit=1200%2C800&ssl=1&resize=1050%2C600 3x"},"classes":[]},{"id":52654,"url":"https:\/\/historiografija.hr\/?p=52654","url_meta":{"origin":5085,"position":3},"title":"Gostuju\u0107e predavanje &#8211; Danijel D\u017eino \u201eKasnoanti\u010dke i ranosrednjovjekovne gra\u0111evine u Brezi: Spomenici nepotpune biografije\u201c","author":"Branimir Jankovi\u0107","date":"24. travnja 2026.","format":false,"excerpt":"Doktorski studij predmoderne povijesti poziva na predavanje \"Kasnoanti\u010dke i ranosrednjovjekovne gra\u0111evine u Brezi: Spomenici nepotpune biografije\u201d koje \u0107e odr\u017eati profesor Danijel D\u017eino sa Sveu\u010dili\u0161ta Macquarie u Sydneyu u\u00a0utorak 28. travnja 2026. u 17h u Konferencijskoj dvorani Knji\u017enice Filozofskog fakulteta u Zagrebu. Predavanje \u0107e predo\u010diti nova saznanja dobivena kroz arhivsko-dokumentarna istra\u017eivanja\u2026","rel":"","context":"U &quot;Novosti&quot;","block_context":{"text":"Novosti","link":"https:\/\/historiografija.hr\/?cat=3"},"img":{"alt_text":"","src":"https:\/\/i0.wp.com\/historiografija.hr\/wp-content\/uploads\/2026\/04\/Dzino.jpg?fit=980%2C819&ssl=1&resize=350%2C200","width":350,"height":200,"srcset":"https:\/\/i0.wp.com\/historiografija.hr\/wp-content\/uploads\/2026\/04\/Dzino.jpg?fit=980%2C819&ssl=1&resize=350%2C200 1x, https:\/\/i0.wp.com\/historiografija.hr\/wp-content\/uploads\/2026\/04\/Dzino.jpg?fit=980%2C819&ssl=1&resize=525%2C300 1.5x, https:\/\/i0.wp.com\/historiografija.hr\/wp-content\/uploads\/2026\/04\/Dzino.jpg?fit=980%2C819&ssl=1&resize=700%2C400 2x"},"classes":[]},{"id":52499,"url":"https:\/\/historiografija.hr\/?p=52499","url_meta":{"origin":5085,"position":4},"title":"POTPISAN UGOVOR O ZNANSTVENO-ISTRA\u017dIVA\u010cKOJ SURADNJI: PROJEKT \u201eTEMELJI HRVATSKE SAMOSTALNOSTI\u201d","author":"Branimir Jankovi\u0107","date":"17. travnja 2026.","format":false,"excerpt":"Hrvatski institut za povijest, Sveu\u010dili\u0161te obrane i sigurnosti \u201eDr. Franjo Tu\u0111man\u201d, Institut dru\u0161tvenih znanosti Ivo Pilar i Hrvatski dr\u017eavni arhiv\u00a0potpisali su 23. o\u017eujka 2026.\u00a0Ugovor o znanstveno-istra\u017eiva\u010dkoj suradnji s ciljem provedbe projekta \u201eTemelji hrvatske samostalnosti\u201d. Tim projektom obuhva\u0107a se istra\u017eivanje arhivskoga gradiva, priprema znanstvenih publikacija, digitalizacija i javna prezentacija rezultata istra\u017eivanja\u2026","rel":"","context":"U &quot;Novosti&quot;","block_context":{"text":"Novosti","link":"https:\/\/historiografija.hr\/?cat=3"},"img":{"alt_text":"","src":"https:\/\/i0.wp.com\/historiografija.hr\/wp-content\/uploads\/2026\/04\/THS_sporazum.jpg?fit=1200%2C583&ssl=1&resize=350%2C200","width":350,"height":200,"srcset":"https:\/\/i0.wp.com\/historiografija.hr\/wp-content\/uploads\/2026\/04\/THS_sporazum.jpg?fit=1200%2C583&ssl=1&resize=350%2C200 1x, https:\/\/i0.wp.com\/historiografija.hr\/wp-content\/uploads\/2026\/04\/THS_sporazum.jpg?fit=1200%2C583&ssl=1&resize=525%2C300 1.5x, https:\/\/i0.wp.com\/historiografija.hr\/wp-content\/uploads\/2026\/04\/THS_sporazum.jpg?fit=1200%2C583&ssl=1&resize=700%2C400 2x, https:\/\/i0.wp.com\/historiografija.hr\/wp-content\/uploads\/2026\/04\/THS_sporazum.jpg?fit=1200%2C583&ssl=1&resize=1050%2C600 3x"},"classes":[]},{"id":52607,"url":"https:\/\/historiografija.hr\/?p=52607","url_meta":{"origin":5085,"position":5},"title":"No\u0107 knjige: Kako je prije 410 godina smr\u0107u Shakespearea i Cervantesa zavr\u0161ilo razdoblje renesanse u knji\u017eevnosti","author":"Branimir Jankovi\u0107","date":"22. travnja 2026.","format":false,"excerpt":"\u010cetvrtak, 23. travnja 2026. u 18:00 sati, Knji\u017eara Matice hrvatske, Ulica Matice hrvatske 2, Zagreb Uvodna rije\u010d: dr. sc.\u00a0Dubravka Brezak Stama\u0107, pro\u010delnica Odjela za knji\u017eevnost Matice hrvatske Prof. dr. sc. Ivan Lupi\u0107, redoviti profesor u Odsjeku za anglistiku i Odsjeku za kroatistiku Sveu\u010dili\u0161ta u RijeciShakespeare, kazali\u0161te, glazbaKada se susre\u0107emo sa\u2026","rel":"","context":"U &quot;Novosti&quot;","block_context":{"text":"Novosti","link":"https:\/\/historiografija.hr\/?cat=3"},"img":{"alt_text":"","src":"https:\/\/i0.wp.com\/historiografija.hr\/wp-content\/uploads\/2026\/04\/noc_knjige_2026.jpg?fit=680%2C276&ssl=1&resize=350%2C200","width":350,"height":200,"srcset":"https:\/\/i0.wp.com\/historiografija.hr\/wp-content\/uploads\/2026\/04\/noc_knjige_2026.jpg?fit=680%2C276&ssl=1&resize=350%2C200 1x, https:\/\/i0.wp.com\/historiografija.hr\/wp-content\/uploads\/2026\/04\/noc_knjige_2026.jpg?fit=680%2C276&ssl=1&resize=525%2C300 1.5x"},"classes":[]}],"_links":{"self":[{"href":"https:\/\/historiografija.hr\/index.php?rest_route=\/wp\/v2\/posts\/5085","targetHints":{"allow":["GET"]}}],"collection":[{"href":"https:\/\/historiografija.hr\/index.php?rest_route=\/wp\/v2\/posts"}],"about":[{"href":"https:\/\/historiografija.hr\/index.php?rest_route=\/wp\/v2\/types\/post"}],"author":[{"embeddable":true,"href":"https:\/\/historiografija.hr\/index.php?rest_route=\/wp\/v2\/users\/2"}],"replies":[{"embeddable":true,"href":"https:\/\/historiografija.hr\/index.php?rest_route=%2Fwp%2Fv2%2Fcomments&post=5085"}],"version-history":[{"count":4,"href":"https:\/\/historiografija.hr\/index.php?rest_route=\/wp\/v2\/posts\/5085\/revisions"}],"predecessor-version":[{"id":5094,"href":"https:\/\/historiografija.hr\/index.php?rest_route=\/wp\/v2\/posts\/5085\/revisions\/5094"}],"wp:featuredmedia":[{"embeddable":true,"href":"https:\/\/historiografija.hr\/index.php?rest_route=\/wp\/v2\/media\/5093"}],"wp:attachment":[{"href":"https:\/\/historiografija.hr\/index.php?rest_route=%2Fwp%2Fv2%2Fmedia&parent=5085"}],"wp:term":[{"taxonomy":"category","embeddable":true,"href":"https:\/\/historiografija.hr\/index.php?rest_route=%2Fwp%2Fv2%2Fcategories&post=5085"},{"taxonomy":"post_tag","embeddable":true,"href":"https:\/\/historiografija.hr\/index.php?rest_route=%2Fwp%2Fv2%2Ftags&post=5085"}],"curies":[{"name":"wp","href":"https:\/\/api.w.org\/{rel}","templated":true}]}}