{"id":50800,"date":"2026-01-08T20:41:14","date_gmt":"2026-01-08T20:41:14","guid":{"rendered":"https:\/\/historiografija.hr\/?p=50800"},"modified":"2026-01-08T20:45:58","modified_gmt":"2026-01-08T20:45:58","slug":"lana-trabak-o-izlozbi-batina-blago-kriza-nalaz-srebrnog-novca-iz-prvog-krizarskog-rata","status":"publish","type":"post","link":"https:\/\/historiografija.hr\/?p=50800","title":{"rendered":"Lana Trabak: O izlo\u017ebi \u201eBatina \u2013 blago kri\u017ea. Nalaz srebrnog novca iz Prvog kri\u017earskog rata\u201c"},"content":{"rendered":"\n<p>Prvog dana prosinca 2025. godine, u ve\u010dernjim satima, Arheolo\u0161ki muzej Osijek otvorio je svoja vrata svim zainteresiranim posjetiteljima izlo\u017ebe \u201eBatina \u2013 blago kri\u017ea\u201c, doga\u0111aja koji je ve\u0107 na samom po\u010detku privukao pozornost stru\u010dne i \u0161ire javnosti. Otvorenje je predstavilo jedno od najzna\u010dajnijih arheolo\u0161kih otkri\u0107a posljednjih godina, a to je ostava francuskog srednjovjekovnog srebrnog novca prona\u0111ena na lokalitetu Batina, u sklopu vi\u0161egodi\u0161njeg projekta \u201eArheolo\u0161ka ba\u0161tina Baranje\u201c.<\/p>\n\n\n\n<p>Izlo\u017ebu su te ve\u010deri sve\u010dano otvorili pojedinci klju\u010dni za realizaciju projekta: autor izlo\u017ebe i vi\u0161i kustos Domagoj Dujmi\u0107, ravnatelj Arheolo\u0161kog muzeja Osijek Tomislav Hr\u0161ak, predsjednik Gradskog vije\u0107a Grada Osijeka dr. Tihomir Florijan\u010di\u0107 te ministrica kulture i medija dr. sc. Nina Obuljen Kor\u017einek. Upravo je Batina sredi\u0161nje podru\u010dje znanstvenog interesa Domagoja Dujmi\u0107a, \u010diji se dosada\u0161nji radovi, poput \u201eTerenskog pregleda podru\u010dja izme\u0111u Batine i Suze\u201c te \u201eDva \u017earna groba iz Batine\u201c, temelje na sustavnom istra\u017eivanju tog prostora.<\/p>\n\n\n\n<p>U terenskom pregledu iz 2009. godine Dujmi\u0107 je obuhvatio \u0161ire podru\u010dje izme\u0111u Batine i Suze s ciljem dokumentiranja poznatih i novih arheolo\u0161kih nalazi\u0161ta. Tom je prilikom zabilje\u017eeno 37 lokaliteta koji se, prema povr\u0161inskim nalazima, mogu vremenski odrediti, \u010dime se omogu\u0107uje rekonstrukcija naseljenosti ovog plodnog dijela ju\u017ene Panonije kroz razli\u010dita razdoblja, kao i razumijevanje na\u010dina njegova kori\u0161tenja.<\/p>\n\n\n\n<p>U radu posve\u0107enom \u017earnim grobovima iz Batine autor prou\u010dava i vizualno prikazuje nalazi\u0161ta, detaljno opisuje njihov sadr\u017eaj te povezuje ranija saznanja s tada novim nalazima. Upravo takva istra\u017eiva\u010dka podloga \u010dini temeljito iskustvo nu\u017eno za analizu prona\u0111enog numizmati\u010dkog blaga.<\/p>\n\n\n\n<p>Autor izlo\u017ebe i ravnatelj muzeja posjetiteljima su predstavili postav koji donosi uvid u 56 primjeraka rijetkog srednjovjekovnog srebrnog novca s juga Francuske. Numizmati\u010dki iznimno vrijedan objekt promatranja smje\u0161ten je u pa\u017eljivo osmi\u0161ljen centar kri\u017ea, \u010diji je oblik bio vidljiv na stropu i podu muzeja. Cjelokupan dizajn izlo\u017ebenog prostora oblikovan je u tamnim tonovima crne i crvene boje, dok su \u010detiri zaobljena zida, formiraju\u0107i otvoreni krug, intuitivno vodila posjetitelje prema sredi\u0161tu, samim kovanicama.<\/p>\n\n\n\n<p>Numizmati\u010dkom analizom utvr\u0111eno je da kovanice potje\u010du iz druge polovice 11. stolje\u0107a te da je rije\u010d o iznimno rijetkom nalazu. Otkri\u0107e je, prema rije\u010dima stru\u010dnjaka, osobito neo\u010dekivano jer je lokalitet Batina dosad primarno istra\u017eivan zbog rimskih i \u017eeljeznodobnih slojeva. Stru\u010dna tuma\u010denja pritom upu\u0107uju na mogu\u0107nost da je prona\u0111eno blago povezano s prolaskom kri\u017earskih vojski dunavskom rutom izme\u0111u 1096. i 1101. godine, koja je vodila kroz hrvatske krajeve na putu prema Jeruzalemu.<\/p>\n\n\n\n<p>Upravo se u to razdoblje smje\u0161ta Prvi kri\u017earski rat, koji je trajao od 1096. do 1099. godine i ozna\u010dio po\u010detak dugotrajnog niza kri\u017earskih pohoda koji su obilje\u017eili velik dio srednjovjekovne europske povijesti. Kako i sam naziv sugerira, cilj Prvog kri\u017earskog rata bio je osloba\u0111anje Svete Zemlje od muslimanske vlasti te uspostava uvjeta za sigurnije i neometano hodo\u010da\u0161\u0107enje kr\u0161\u0107anskih vjernika. Poticaj za ovaj pohod dao je papa Urban II. 1095. godine na Saboru u Clermontu, uputiv\u0161i poziv kr\u0161\u0107anskom Zapadu, uz nagla\u0161avanje vjerske du\u017enosti i obe\u0107anje duhovnih nagrada sudionicima.<\/p>\n\n\n\n<p>Iako su kri\u017earski ratovi u po\u010detnoj fazi bili sna\u017eno obilje\u017eeni religijskom motivacijom, s vremenom se njihova narav postupno mijenjala. Ve\u0107 u kasnijim pohodima, osobito tijekom \u010cetvrtog kri\u017earskog rata, postaje jasno kako politi\u010dki, gospodarski i dru\u0161tveni interesi preuzimaju sve zna\u010dajniju ulogu, \u010desto zasjenjuju\u0107i izvorni vjerski cilj. Takav razvoj doga\u0111aja ukazuje na slo\u017eenost kri\u017earskih ratova, koji se ne mogu promatrati isklju\u010divo kao religijski sukobi, ve\u0107 kao vi\u0161eslojni povijesni fenomen.<\/p>\n\n\n\n<p>Ponajprije zbog kontinuiteta kri\u017earskih pohoda i njihova dubokog utjecaja na politi\u010dke, dru\u0161tvene i kulturne odnose srednjovjekovne Europe, ovaj nalaz predstavlja vrijedan doprinos razumijevanju \u0161ire povijesne slike. Omogu\u0107uje sagledavanje kri\u017earskih ratova ne samo kao izoliranih vojnih doga\u0111aja, ve\u0107 kao dugotrajnih procesa koji su trajno oblikovali povijesnu stvarnost i ostavili naslje\u0111e koje i danas zauzima va\u017eno mjesto u historiografiji.<\/p>\n\n\n\n<p><em>Lana Trabak<\/em><\/p>\n\n\n\n<hr class=\"wp-block-separator has-alpha-channel-opacity\"\/>\n\n\n\n<figure class=\"wp-block-image size-large is-resized\"><img data-recalc-dims=\"1\" loading=\"lazy\" decoding=\"async\" width=\"860\" height=\"590\" data-attachment-id=\"50807\" data-permalink=\"https:\/\/historiografija.hr\/?attachment_id=50807\" data-orig-file=\"https:\/\/i0.wp.com\/historiografija.hr\/wp-content\/uploads\/2026\/01\/Batina-ilustracija.jpg?fit=1440%2C987&amp;ssl=1\" data-orig-size=\"1440,987\" data-comments-opened=\"1\" data-image-meta=\"{&quot;aperture&quot;:&quot;0&quot;,&quot;credit&quot;:&quot;&quot;,&quot;camera&quot;:&quot;&quot;,&quot;caption&quot;:&quot;&quot;,&quot;created_timestamp&quot;:&quot;0&quot;,&quot;copyright&quot;:&quot;&quot;,&quot;focal_length&quot;:&quot;0&quot;,&quot;iso&quot;:&quot;0&quot;,&quot;shutter_speed&quot;:&quot;0&quot;,&quot;title&quot;:&quot;&quot;,&quot;orientation&quot;:&quot;0&quot;}\" data-image-title=\"Batina-ilustracija\" data-image-description=\"\" data-image-caption=\"\" data-large-file=\"https:\/\/i0.wp.com\/historiografija.hr\/wp-content\/uploads\/2026\/01\/Batina-ilustracija.jpg?fit=860%2C590&amp;ssl=1\" src=\"https:\/\/i0.wp.com\/historiografija.hr\/wp-content\/uploads\/2026\/01\/Batina-ilustracija.jpg?resize=860%2C590&#038;ssl=1\" alt=\"\" class=\"wp-image-50807\" style=\"width:621px;height:auto\" srcset=\"https:\/\/i0.wp.com\/historiografija.hr\/wp-content\/uploads\/2026\/01\/Batina-ilustracija.jpg?resize=1024%2C702&amp;ssl=1 1024w, https:\/\/i0.wp.com\/historiografija.hr\/wp-content\/uploads\/2026\/01\/Batina-ilustracija.jpg?resize=300%2C206&amp;ssl=1 300w, https:\/\/i0.wp.com\/historiografija.hr\/wp-content\/uploads\/2026\/01\/Batina-ilustracija.jpg?resize=768%2C526&amp;ssl=1 768w, https:\/\/i0.wp.com\/historiografija.hr\/wp-content\/uploads\/2026\/01\/Batina-ilustracija.jpg?w=1440&amp;ssl=1 1440w\" sizes=\"auto, (max-width: 860px) 100vw, 860px\" \/><\/figure>\n\n\n\n<hr class=\"wp-block-separator has-alpha-channel-opacity\"\/>\n\n\n\n<figure class=\"wp-block-image size-full is-resized\"><img data-recalc-dims=\"1\" loading=\"lazy\" decoding=\"async\" width=\"833\" height=\"574\" data-attachment-id=\"50805\" data-permalink=\"https:\/\/historiografija.hr\/?attachment_id=50805\" data-orig-file=\"https:\/\/i0.wp.com\/historiografija.hr\/wp-content\/uploads\/2026\/01\/Ostava-novca.jpg?fit=833%2C574&amp;ssl=1\" data-orig-size=\"833,574\" data-comments-opened=\"1\" data-image-meta=\"{&quot;aperture&quot;:&quot;0&quot;,&quot;credit&quot;:&quot;&quot;,&quot;camera&quot;:&quot;&quot;,&quot;caption&quot;:&quot;&quot;,&quot;created_timestamp&quot;:&quot;0&quot;,&quot;copyright&quot;:&quot;&quot;,&quot;focal_length&quot;:&quot;0&quot;,&quot;iso&quot;:&quot;0&quot;,&quot;shutter_speed&quot;:&quot;0&quot;,&quot;title&quot;:&quot;&quot;,&quot;orientation&quot;:&quot;0&quot;}\" data-image-title=\"Ostava-novca\" data-image-description=\"\" data-image-caption=\"\" data-large-file=\"https:\/\/i0.wp.com\/historiografija.hr\/wp-content\/uploads\/2026\/01\/Ostava-novca.jpg?fit=833%2C574&amp;ssl=1\" src=\"https:\/\/i0.wp.com\/historiografija.hr\/wp-content\/uploads\/2026\/01\/Ostava-novca.jpg?resize=833%2C574&#038;ssl=1\" alt=\"\" class=\"wp-image-50805\" style=\"width:620px;height:auto\" srcset=\"https:\/\/i0.wp.com\/historiografija.hr\/wp-content\/uploads\/2026\/01\/Ostava-novca.jpg?w=833&amp;ssl=1 833w, https:\/\/i0.wp.com\/historiografija.hr\/wp-content\/uploads\/2026\/01\/Ostava-novca.jpg?resize=300%2C207&amp;ssl=1 300w, https:\/\/i0.wp.com\/historiografija.hr\/wp-content\/uploads\/2026\/01\/Ostava-novca.jpg?resize=768%2C529&amp;ssl=1 768w\" sizes=\"auto, (max-width: 833px) 100vw, 833px\" \/><\/figure>\n\n\n\n<hr class=\"wp-block-separator has-alpha-channel-opacity\"\/>\n\n\n\n<p>Izvori i literatura:<\/p>\n\n\n\n<p>\u201eOtvorenje izlo\u017ebe \u201cBatina &#8211; Blago kri\u017ea&#8230;\u201d, autora Domagoja Dujmi\u0107a\u201c, Glas Slavonije, pristup: 6. XII. 2025. <a href=\"https:\/\/www.glas-slavonije.hr\/mozaik\/kultura\/2025\/11\/27\/otvorena-izlozba-batina-blago-kriza-autora-domagoja-dujmica-732506\/\">https:\/\/www.glas-slavonije.hr\/mozaik\/kultura\/2025\/11\/27\/otvorena-izlozba-batina-blago-kriza-autora-domagoja-dujmica-732506\/<\/a><\/p>\n\n\n\n<p>\u201eU osje\u010dkom Arheolo\u0161kom muzeju otvorena izlo\u017eba otkri\u0107a iz Baranje koje je \u0161okiralo arheologe\u201c, SiB.hr, pristup ostvaren: 6. XII. 2025. <a href=\"https:\/\/sib.net.hr\/kultura\/izlozbe\/1260088\/u-osjeckom-arheloskom-muzeju-otvorena-izlozba-otkrica-iz-baranje-koje-je-sokiralo-arheologe\/\">https:\/\/sib.net.hr\/kultura\/izlozbe\/1260088\/u-osjeckom-arheloskom-muzeju-otvorena-izlozba-otkrica-iz-baranje-koje-je-sokiralo-arheologe\/<\/a><\/p>\n\n\n\n<p>\u201eSPEKTAKULARAN NALAZ Otvorena izlo\u017eba \u2018Batina -blago kri\u017ea, nalaz srebrnog novca iz prvog kri\u017earskog rata\u2019\u201c, Nacional.hr, pristup ostvaren: 6. XII. 2025. <a href=\"https:\/\/www.nacional.hr\/spektakularan-nalaz-otvorena-izlozba-batina-blago-kriza-nalaz-srebrnog-novca-iz-prvog-krizarskog-rata\/\">https:\/\/www.nacional.hr\/spektakularan-nalaz-otvorena-izlozba-batina-blago-kriza-nalaz-srebrnog-novca-iz-prvog-krizarskog-rata\/<\/a><\/p>\n\n\n\n<p>\u201eOtvorena izlo\u017eba &#8220;Batina &#8211; blago kri\u017ea, nalaz srebrnog novca iz prvog kri\u017earskog rata&#8221;\u201c, HRT, pristup ostvaren: 6. XII. 2025. <a href=\"https:\/\/magazin.hrt.hr\/kultura\/otvorena-izlozba-batina-blago-kriza-nalaz-srebrnog-novca-iz-prvog-krizarskog-rata--12454132\">https:\/\/magazin.hrt.hr\/kultura\/otvorena-izlozba-batina-blago-kriza-nalaz-srebrnog-novca-iz-prvog-krizarskog-rata&#8211;12454132<\/a><\/p>\n\n\n\n<p>Dujmi\u0107, Domagoj. &#8220;Dva \u017earna groba iz Batine.&#8221; Osje\u010dki zbornik, vol. 30, br. xx, 2011, str. 61-72. Pristup ostvaren: 19. XII. 2025. &nbsp;<a href=\"https:\/\/hrcak.srce.hr\/206920\">https:\/\/hrcak.srce.hr\/206920<\/a><\/p>\n\n\n\n<p>Boj\u010di\u0107, Zvonko, et al. &#8220;Terenski pregled podru\u010dja izme\u0111u Batine i Suze.&#8221; Annales Instituti Archaeologici, vol. VI, br. 1, 2010, str. 80-87. Pristup ostvaren: 19. XII. 2025. <a href=\"https:\/\/hrcak.srce.hr\/65257\">https:\/\/hrcak.srce.hr\/65257<\/a> &nbsp;<\/p>\n\n\n\n<p>\u201eClermont-Ferrand\u201c, Hrvatska enciklopedija, pristup ostvaren: 19. XII. 2025., <a href=\"https:\/\/www.enciklopedija.hr\/clanak\/clermont-ferrand\">https:\/\/www.enciklopedija.hr\/clanak\/clermont-ferrand<\/a><\/p>\n\n\n\n<hr class=\"wp-block-separator has-alpha-channel-opacity\"\/>\n","protected":false},"excerpt":{"rendered":"","protected":false},"author":2,"featured_media":50801,"comment_status":"open","ping_status":"open","sticky":false,"template":"","format":"standard","meta":{"_acf_changed":false,"jetpack_post_was_ever_published":false,"_jetpack_newsletter_access":"","_jetpack_dont_email_post_to_subs":false,"_jetpack_newsletter_tier_id":0,"_jetpack_memberships_contains_paywalled_content":false,"_jetpack_memberships_contains_paid_content":false,"footnotes":"","jetpack_publicize_message":"","jetpack_publicize_feature_enabled":true,"jetpack_social_post_already_shared":true,"jetpack_social_options":{"image_generator_settings":{"template":"highway","default_image_id":0,"font":"","enabled":false},"version":2}},"categories":[10,3],"tags":[],"class_list":["post-50800","post","type-post","status-publish","format-standard","has-post-thumbnail","hentry","category-izlozbe","category-novosti"],"acf":{"facebook_opis":""},"jetpack_publicize_connections":[],"jetpack_featured_media_url":"https:\/\/i0.wp.com\/historiografija.hr\/wp-content\/uploads\/2026\/01\/Batina_blago.png?fit=634%2C797&ssl=1","jetpack_sharing_enabled":true,"jetpack-related-posts":[],"_links":{"self":[{"href":"https:\/\/historiografija.hr\/index.php?rest_route=\/wp\/v2\/posts\/50800","targetHints":{"allow":["GET"]}}],"collection":[{"href":"https:\/\/historiografija.hr\/index.php?rest_route=\/wp\/v2\/posts"}],"about":[{"href":"https:\/\/historiografija.hr\/index.php?rest_route=\/wp\/v2\/types\/post"}],"author":[{"embeddable":true,"href":"https:\/\/historiografija.hr\/index.php?rest_route=\/wp\/v2\/users\/2"}],"replies":[{"embeddable":true,"href":"https:\/\/historiografija.hr\/index.php?rest_route=%2Fwp%2Fv2%2Fcomments&post=50800"}],"version-history":[{"count":4,"href":"https:\/\/historiografija.hr\/index.php?rest_route=\/wp\/v2\/posts\/50800\/revisions"}],"predecessor-version":[{"id":50808,"href":"https:\/\/historiografija.hr\/index.php?rest_route=\/wp\/v2\/posts\/50800\/revisions\/50808"}],"wp:featuredmedia":[{"embeddable":true,"href":"https:\/\/historiografija.hr\/index.php?rest_route=\/wp\/v2\/media\/50801"}],"wp:attachment":[{"href":"https:\/\/historiografija.hr\/index.php?rest_route=%2Fwp%2Fv2%2Fmedia&parent=50800"}],"wp:term":[{"taxonomy":"category","embeddable":true,"href":"https:\/\/historiografija.hr\/index.php?rest_route=%2Fwp%2Fv2%2Fcategories&post=50800"},{"taxonomy":"post_tag","embeddable":true,"href":"https:\/\/historiografija.hr\/index.php?rest_route=%2Fwp%2Fv2%2Ftags&post=50800"}],"curies":[{"name":"wp","href":"https:\/\/api.w.org\/{rel}","templated":true}]}}