{"id":5079,"date":"2017-06-29T08:32:47","date_gmt":"2017-06-29T08:32:47","guid":{"rendered":"http:\/\/historiografija.hr\/?p=5079"},"modified":"2017-06-29T08:33:51","modified_gmt":"2017-06-29T08:33:51","slug":"sesti-festival-miroslav-krleza-1-7-srpnja-2017","status":"publish","type":"post","link":"https:\/\/historiografija.hr\/?p=5079","title":{"rendered":"\u0160esti Festival Miroslav Krle\u017ea, 1. \u2013 7. srpnja 2017."},"content":{"rendered":"<p>Od 1. do 7. srpnja 2017. odr\u017eat \u0107e se \u0160esti Festival Miroslav Krle\u017ea na Krle\u017einu Gvozdu u Zagrebu &#8211;\u00a0program sadr\u017ei predstave, predstavljanja knjiga o Krle\u017ei, izlo\u017ebu &#8220;Krle\u017ea\/Babi\u0107&#8221; i \u0161etnju &#8220;Krle\u017ea pred zatvorenim zagreba\u010dkim tvornicama&#8221; s \u010ditanjem Krle\u017einih revolucionarnih i socijalnih tekstova.<\/p>\n<p>&nbsp;<\/p>\n<p><strong>PROGRAM<\/strong><\/p>\n<p>&nbsp;<\/p>\n<p><strong>SUBOTA, 1. srpnja 2017.<\/strong><\/p>\n<p>&nbsp;<\/p>\n<p>21 sat<\/p>\n<p>&nbsp;<\/p>\n<p>Vrt Memorijalnog prostora Miroslava i Bele Krle\u017ea, Krle\u017ein Gvozd 23<\/p>\n<p>&nbsp;<\/p>\n<p>Sve\u010dano otvorenje<\/p>\n<p>&nbsp;<\/p>\n<p>Miroslav Krle\u017ea: U agoniji<\/p>\n<p>&nbsp;<\/p>\n<p>Re\u017eija i adaptacija: Ana \u0110or\u0111evi\u0107<br \/>\nScenografija: Mia David<br \/>\nKostimografija: Adrijana Paji\u0107<br \/>\nLektorica: Dijana Dikli\u0107<br \/>\nNezavisna produkcija \u201cBeo art 2015\u201d<\/p>\n<p>&nbsp;<\/p>\n<p>Glume:<br \/>\nLaura Lenbach: Marija Vickovi\u0107<br \/>\nIvan Kri\u017eovec: Radovan Vujovi\u0107<br \/>\nNarator \/ inspektor: Branko Cveji\u0107<\/p>\n<p>&nbsp;<\/p>\n<p>&nbsp;<\/p>\n<p><strong>NEDJELJA, 2. srpnja 2017.<\/strong><\/p>\n<p>&nbsp;<\/p>\n<p>21 sat<\/p>\n<p>&nbsp;<\/p>\n<p>Vrt Memorijalnog prostora Miroslava i Bele Krle\u017ea, Krle\u017ein Gvozd 23<\/p>\n<p>&nbsp;<\/p>\n<p>\u0160est lica Ane Borongay<\/p>\n<p>&nbsp;<\/p>\n<p>Redateljica: Natalija Manojlovi\u0107<br \/>\nProducentica: Tja\u0161a Nini\u0107<br \/>\nKostimografkinja: Gabrijela Ivanovi\u0107<\/p>\n<p>&nbsp;<\/p>\n<p>Glume:<br \/>\nMargita Sohay: Sara Stani\u0107<br \/>\nAna Borongay: Ana Vu\u010dak<br \/>\nAna Borongay Erd\u00e9lyi: Dubravka Lelas<br \/>\nAna Borongay Emeri\u010dki: Paola Slavica<br \/>\nAna Borongay Baranyai: Dajana \u010culjak<br \/>\nAna Borongay Erdmann: Ana-Marija \u017du\u017eul<\/p>\n<p>&nbsp;<\/p>\n<p>&nbsp;<\/p>\n<p><strong>PONEDJELJAK, 3. srpnja 2017.<\/strong><\/p>\n<p>&nbsp;<\/p>\n<p>20.30 sati<\/p>\n<p>&nbsp;<\/p>\n<p>Premijera<\/p>\n<p>&nbsp;<\/p>\n<p>Miroslav Krle\u017ea: Aretej<\/p>\n<p>&nbsp;<\/p>\n<p>Ambijentalna fantazija na pet lokacija<\/p>\n<p>&nbsp;<\/p>\n<p>1. Art park, Tomi\u0107eva ulica, ispred ulaza u tunel Gri\u010d<br \/>\n2. tunel Gri\u010d<br \/>\n3. ispred Kamenitih vrata<br \/>\n4. ispred apoteke, Kamenita vrata 9<br \/>\n5. Hotel XX century, Pala\u010da Jela\u010di\u0107, Demetrova 7<\/p>\n<p>&nbsp;<\/p>\n<p>Prema ideji Gorana Matovi\u0107a<br \/>\nAdaptacija i re\u017eija: Morana Foreti\u0107<br \/>\nAutor glazbe: Ljup\u010do Konstantinov<br \/>\nAsistent redateljice: Marin Ko\u017eul<br \/>\nKostimograf i scenograf: Juraj Mindoljevi\u0107<br \/>\nGlazbenik: Hrvoje Matasin<br \/>\nDizajn svjetla i tona: Zdenko Trandler<br \/>\nProjekcije: Tanja Minarik<br \/>\nSuradnica za govor: \u0110u\u0111a \u0160kavi\u0107<br \/>\n\u0160minka: Ela Milkovi\u0107<\/p>\n<p>&nbsp;<\/p>\n<p>Glume:<br \/>\nAretej: \u0110or\u0111e Kukuljica<br \/>\nLivija Ancila \/Klara \/ magistra: Iva Mihali\u0107<br \/>\nKajo Anicije Sever \/ drugi \u010duvar \/ barun van der Blooten \/ crkvenjak \/ sluga Alfonso: Vilim Matula<br \/>\nRaoul Sigurd Morgens \/ drugi \u010duvar: Juraj Aras<br \/>\nApatrid A \/ sluga: Asim Ugljen<br \/>\nApatrid B \/ vojnik: Goran Guksi\u0107<\/p>\n<p>&nbsp;<\/p>\n<p>&nbsp;<\/p>\n<p><strong>UTORAK, 4. srpnja 2017.<\/strong><\/p>\n<p>&nbsp;<\/p>\n<p>20.30 sati<\/p>\n<p>&nbsp;<\/p>\n<p>Miroslav Krle\u017ea: Aretej<\/p>\n<p>&nbsp;<\/p>\n<p>Ambijentalna fantazija na pet lokacija<\/p>\n<p>&nbsp;<\/p>\n<p>1. Art park, Tomi\u0107eva ulica, ispred ulaza u tunel Gri\u010d<br \/>\n2. tunel Gri\u010d<br \/>\n3. ispred Kamenitih vrata<br \/>\n4. ispred apoteke, Kamenita vrata 9<br \/>\n5. Hotel XX century, Pala\u010da Jela\u010di\u0107, Demetrova 7<\/p>\n<p>&nbsp;<\/p>\n<p>&nbsp;<\/p>\n<p><strong>SRIJEDA, 5. srpnja 2017.<\/strong><\/p>\n<p>&nbsp;<\/p>\n<p>21 sat<\/p>\n<p>&nbsp;<\/p>\n<p>Vrt Memorijalnog prostora Miroslava i Bele Krle\u017ea, Krle\u017ein Gvozd 23<\/p>\n<p>&nbsp;<\/p>\n<p>Bobo\u010dka ili drugih sto stranica Filipa Latinovicza<\/p>\n<p>&nbsp;<\/p>\n<p>Ana Tonkovi\u0107 Dolen\u010di\u0107 prema romanu Miroslava Krle\u017ee Povratak Filipa Latinovicza<\/p>\n<p>&nbsp;<\/p>\n<p>Re\u017eija: Ivan Leo Lemo<br \/>\nKostimografija: Mirjana Zagorec<br \/>\nGlazba, video, oblikovanje svjetla: Willem Mili\u010devi\u0107<\/p>\n<p>&nbsp;<\/p>\n<p>Izvode:<br \/>\nEcija Ojdani\u0107<br \/>\nWillem Mili\u010devi\u0107<br \/>\nKazali\u0161te Moruzgva<\/p>\n<p>&nbsp;<\/p>\n<p>&nbsp;<\/p>\n<p><strong>\u010cETVRTAK, 6. srpnja 2017.<\/strong><\/p>\n<p>&nbsp;<\/p>\n<p>21.30 sati<\/p>\n<p>&nbsp;<\/p>\n<p>Vrt Memorijalnog prostora Miroslava i Bele Krle\u017ea, Krle\u017ein Gvozd 23<\/p>\n<p>&nbsp;<\/p>\n<p>Do vi\u0111enja na ne-bu<\/p>\n<p>&nbsp;<\/p>\n<p>Prema motivima knjige Razgovori s Krle\u017eom Predraga Matvejevi\u0107a<\/p>\n<p>&nbsp;<\/p>\n<p>Re\u017eija i adaptacija: Ivan Planini\u0107<br \/>\nOblikovanje prostora: Katarina Peri\u0107<br \/>\nAsistent re\u017eije: Domagoj Jankovi\u0107<\/p>\n<p>&nbsp;<\/p>\n<p>Izvode:<br \/>\nHrvojka Begovi\u0107<br \/>\nLuka Bulovi\u0107<\/p>\n<p>&nbsp;<\/p>\n<p>&nbsp;<\/p>\n<p><strong>PETAK, 7. srpnja 2017.<\/strong><\/p>\n<p>&nbsp;<\/p>\n<p>21 sat<\/p>\n<p>&nbsp;<\/p>\n<p>Vrt Memorijalnog prostora Miroslava i Bele Krle\u017ea, Krle\u017ein Gvozd 23<\/p>\n<p>&nbsp;<\/p>\n<p>Miroslav Krle\u017ea: Balade Petrice Kerempuha<\/p>\n<p>&nbsp;<\/p>\n<p>Autorski rad: Veno Mu\u0161inovi\u0107<br \/>\nGlazbu osmislili: Vedran \u017divkovi\u0107 i Nikola \u0160venda<\/p>\n<p>&nbsp;<\/p>\n<p>Glume:<br \/>\nKnjigar: Miroslav Krle\u017ea<br \/>\nHistrion: Veno Mu\u0161inovi\u0107<br \/>\nBajs: Mario Jamni\u0107<br \/>\nHarmonika\u0161: Hrvoje Klemen\u010di\u0107<br \/>\nHerpaukar: Nikola \u0160venda<br \/>\nTambura\u0161: Vedran \u017divkovi\u0107<br \/>\nKoru\u0161: Barbara Majnari\u0107<\/p>\n<p>&nbsp;<\/p>\n<p>Nakon predstave dodijelit \u0107emo prvi put nagrade najboljoj glumici i glumcu Festivala \u2013 Krle\u017ein \u0161tap i Belinu ogrlicu koje je kreirala Diana Sokoli\u0107.<\/p>\n<p>&nbsp;<\/p>\n<p>&nbsp;<\/p>\n<p><strong>POPRATNI PROGRAM<\/strong><\/p>\n<p>&nbsp;<\/p>\n<p><strong>NEDJELJA, 2. srpnja 2017.<\/strong><\/p>\n<p>&nbsp;<\/p>\n<p>12 sati<\/p>\n<p>&nbsp;<\/p>\n<p>Vrt Memorijalnog prostora Miroslava i Bele Krle\u017ea, Krle\u017ein Gvozd 23<\/p>\n<p>&nbsp;<\/p>\n<p>Promocija knjiga<\/p>\n<p>&nbsp;<\/p>\n<p>Avangarda krle\u017eiana, nakladnik Jesenski i Turk<\/p>\n<p>&nbsp;<\/p>\n<p>Povratak Miroslava Krle\u017ee, nakladnik Leksikografski zavod Miroslav Krle\u017ea<\/p>\n<p>&nbsp;<\/p>\n<p>Sudjeluju:<br \/>\nPredrag Brebanovi\u0107, Tomislav Brlek, Lada \u010cale Feldman, Tonko Maroevi\u0107 i Nik\u0161a Marinovi\u0107<\/p>\n<p>&nbsp;<\/p>\n<p>&nbsp;<\/p>\n<p><strong>SRIJEDA, 5. srpnja 2017.<\/strong><\/p>\n<p>&nbsp;<\/p>\n<p>12 sati<\/p>\n<p>&nbsp;<\/p>\n<p>Nacionalna i sveu\u010dili\u0161na knji\u017enica, Hrvatske bratske zajednice 4<\/p>\n<p>&nbsp;<\/p>\n<p>Krle\u017eini rukopisi<\/p>\n<p>&nbsp;<\/p>\n<p>Aretej ili povijest kao baba vra\u010dara \u2013 \u201cvje\u010dno vra\u0107anje istog\u201d: iz fundusa NSK: Krle\u017eini rukopisi, pisma, dokumenti&#8230;<\/p>\n<p>&nbsp;<\/p>\n<p>Sudjeluju:<br \/>\nLada \u010cale Feldman<br \/>\nTomislav Brlek<br \/>\nTatijana Petri\u0107, glavna ravnateljica (pozdravni govor)<br \/>\nGoran Matovi\u0107, autor i ravnatelj Festivala Miroslav Krle\u017ea<br \/>\nIvan Kosi\u0107, voditelj Zbirke rukopisa i starih knjiga<\/p>\n<p>&nbsp;<\/p>\n<p>&nbsp;<\/p>\n<p><strong>\u010cETVRTAK, 6. srpnja 2017.<\/strong><\/p>\n<p>&nbsp;<\/p>\n<p>20 sati<\/p>\n<p>&nbsp;<\/p>\n<p>Studio Moderne galerije \u201cJosip Ra\u010di\u0107\u201d, Margaretska 3<\/p>\n<p>&nbsp;<\/p>\n<p>Izlo\u017eba Krle\u017ea\/Babi\u0107<\/p>\n<p>&nbsp;<\/p>\n<p>Autor postava: Tonko Maroevi\u0107<\/p>\n<p>&nbsp;<\/p>\n<p>U okviru izlo\u017ebe predstavit \u0107emo pretisak prvog izdanja Krle\u017einog Pana (1917.).<\/p>\n<p>&nbsp;<\/p>\n<p>&nbsp;<\/p>\n<p>&nbsp;<\/p>\n<p><strong>PETAK, 7. srpnja 2017.<\/strong><\/p>\n<p>&nbsp;<\/p>\n<p>5 sati<\/p>\n<p>&nbsp;<\/p>\n<p>Ranojutarnja \u0161etnja-akcija\/reakcija Tvornice radnicama\/radnicima ili Tvornica je na\u0161a \u2013 dan zatvorenih vrata<\/p>\n<p>&nbsp;<\/p>\n<p>Radni\u010dko-izvedbeni hodogram pod pokli\u010dem Tvornica je NA\u0160A ili Gospodo, j\u2026 se!<\/p>\n<p>&nbsp;<\/p>\n<p>Koncepcija: Suzana Marjani\u0107 i Goran Matovi\u0107<\/p>\n<p>&nbsp;<\/p>\n<p>5,00 sati ispred McDonald&#8217;sa, u pothodniku na Glavnom kolodvoru<br \/>\n5.15 sati pred portom Janka Gredelja<br \/>\n5.40 sati ispred Paromlina<br \/>\n5.50 sati ispred Konzuma u pothodniku na Glavnom kolodvoru: Bojan Ko\u0161ti\u0107 \u2013 performans Molitva<br \/>\n6.00 sati ispred Esplanade<\/p>\n<p>&nbsp;<\/p>\n<p>Sudjeluju:<br \/>\nGoran Ar\u010dabi\u0107, Viktorija \u0110ur\u0111ek, Mario Kova\u010d, Dora Lipov\u010dan, Irena \u0160ekez Sestri\u0107 i Nik\u0161a Marinovi\u0107<\/p>\n<p>&nbsp;<\/p>\n<p>&nbsp;<\/p>\n<p>7 sati<\/p>\n<p>&nbsp;<\/p>\n<p>Vrt Memorijalnog prostora Miroslava i Bele Krle\u017ea, Krle\u017ein Gvozd 23<\/p>\n<p>&nbsp;<\/p>\n<p>Doru\u010dak kod Krle\u017ee<\/p>\n<p>&nbsp;<\/p>\n<p>Koncepcija: Goran Matovi\u0107 i Suzana Marjani\u0107<\/p>\n<p>&nbsp;<\/p>\n<p>Sudjeluju:<br \/>\nNatalija \u0110or\u0111evi\u0107, Viktorija \u0110ur\u0111ek, Tomislav Parma\u0107, Nata\u0161a Hrupec, Bojan Ko\u0161ti\u0107, Dora Lipov\u010dan, Jol\u00e1n Mann, Irena \u0160ekez Sestri\u0107 i Nik\u0161a Marinovi\u0107<\/p>\n<p>&nbsp;<\/p>\n<p>Izvor: <a href=\"http:\/\/www.mgz.hr\/\">http:\/\/www.mgz.hr\/<\/a><\/p>\n<p>&nbsp;<\/p>\n","protected":false},"excerpt":{"rendered":"","protected":false},"author":2,"featured_media":5080,"comment_status":"open","ping_status":"open","sticky":false,"template":"","format":"standard","meta":{"_acf_changed":false,"jetpack_post_was_ever_published":false,"_jetpack_newsletter_access":"","_jetpack_dont_email_post_to_subs":false,"_jetpack_newsletter_tier_id":0,"_jetpack_memberships_contains_paywalled_content":false,"_jetpack_memberships_contains_paid_content":false,"footnotes":"","jetpack_publicize_message":"","jetpack_publicize_feature_enabled":true,"jetpack_social_post_already_shared":true,"jetpack_social_options":{"image_generator_settings":{"template":"highway","default_image_id":0,"font":"","enabled":false},"version":2}},"categories":[3],"tags":[],"class_list":["post-5079","post","type-post","status-publish","format-standard","has-post-thumbnail","hentry","category-novosti"],"acf":{"facebook_opis":""},"jetpack_publicize_connections":[],"jetpack_featured_media_url":"https:\/\/i0.wp.com\/historiografija.hr\/wp-content\/uploads\/2017\/06\/Festival-Miroslav-Krleza-2017.jpg?fit=330%2C487&ssl=1","jetpack_sharing_enabled":true,"jetpack-related-posts":[{"id":52148,"url":"https:\/\/historiografija.hr\/?p=52148","url_meta":{"origin":5079,"position":0},"title":"Poziv za prijavu na me\u0111unarodnu znanstvenu konferenciju \u201eGranice (ne)slobode: Zadarski krug 1966. Intelektualna opozicija u totalitarnom dru\u0161tvu\u201c","author":"Branimir Jankovi\u0107","date":"27. o\u017eujka 2026.","format":false,"excerpt":"\u00a0\u00a0\u00a0\u00a0 Povodom \u0161ezdesete obljetnice poku\u0161aja osnivanja \u010dasopisa Slobodan glas u Zadru 1966. godine, pozivamo vas na znanstvenu konferenciju posve\u0107enu istra\u017eivanju disidentstva, intelektualne opozicije i granica divergentnog mi\u0161ljenja nasuprot slu\u017ebenoj ideologiji u komunisti\u010dkoj Jugoslaviji. Ideja konferencije je analizirati konkretan fenomen zadarskog slu\u010daja razloge i okolnosti njegove pojave, ali uz otvaranje komparativnih\u2026","rel":"","context":"U &quot;Novosti&quot;","block_context":{"text":"Novosti","link":"https:\/\/historiografija.hr\/?cat=3"},"img":{"alt_text":"","src":"https:\/\/i0.wp.com\/historiografija.hr\/wp-content\/uploads\/2026\/03\/Poziv-konferencija-Zadar.jpg?fit=1200%2C509&ssl=1&resize=350%2C200","width":350,"height":200,"srcset":"https:\/\/i0.wp.com\/historiografija.hr\/wp-content\/uploads\/2026\/03\/Poziv-konferencija-Zadar.jpg?fit=1200%2C509&ssl=1&resize=350%2C200 1x, https:\/\/i0.wp.com\/historiografija.hr\/wp-content\/uploads\/2026\/03\/Poziv-konferencija-Zadar.jpg?fit=1200%2C509&ssl=1&resize=525%2C300 1.5x, https:\/\/i0.wp.com\/historiografija.hr\/wp-content\/uploads\/2026\/03\/Poziv-konferencija-Zadar.jpg?fit=1200%2C509&ssl=1&resize=700%2C400 2x, https:\/\/i0.wp.com\/historiografija.hr\/wp-content\/uploads\/2026\/03\/Poziv-konferencija-Zadar.jpg?fit=1200%2C509&ssl=1&resize=1050%2C600 3x"},"classes":[]},{"id":52578,"url":"https:\/\/historiografija.hr\/?p=52578","url_meta":{"origin":5079,"position":1},"title":"Poziv za sudjelovanje: XXII. Dani Julija Bene\u0161i\u0107a u Iloku","author":"Branimir Jankovi\u0107","date":"21. travnja 2026.","format":false,"excerpt":"Zavod za lingvisti\u010dka istra\u017eivanja Hrvatske akademije znanosti i umjetnosti, zajedno s Muzejom grada Iloka, organizira XXII. Dane Julija Bene\u0161i\u0107a, koji \u0107e se odr\u017eati od 28. do 30. listopada 2026. u Iloku.\u00a0Teme ovogodi\u0161njih Dana podijeljene su u dvije cjeline: Knji\u017eevno-jezikoslovni d\u00ecv\u0101n s Bene\u0161i\u0107em te Ilok i Srijem u povijesnim stalnicama i\u2026","rel":"","context":"U &quot;Novosti&quot;","block_context":{"text":"Novosti","link":"https:\/\/historiografija.hr\/?cat=3"},"img":{"alt_text":"","src":"https:\/\/i0.wp.com\/historiografija.hr\/wp-content\/uploads\/2019\/10\/HE2_Benesic.jpg?fit=413%2C591&ssl=1&resize=350%2C200","width":350,"height":200},"classes":[]},{"id":52616,"url":"https:\/\/historiografija.hr\/?p=52616","url_meta":{"origin":5079,"position":2},"title":"No\u0107 knjige 2026.","author":"Branimir Jankovi\u0107","date":"22. travnja 2026.","format":false,"excerpt":"Slavljeni\u010dka 15. No\u0107 knjige odr\u017eat \u0107e se 23. travnja diljem Hrvatske u povodu Svjetskog dana knjige i autorskih prava te Dana hrvatske knjige. S vi\u0161e od 1.000 prijavljenih programa i akcija s pravom nosi epitet najmasovnije doma\u0107e kulturne manifestacije, a ove \u0107e godine prote\u0107i u znaku mira, razumijevanja, tolerancije, srodnosti\u2026","rel":"","context":"U &quot;Novosti&quot;","block_context":{"text":"Novosti","link":"https:\/\/historiografija.hr\/?cat=3"},"img":{"alt_text":"","src":"https:\/\/i0.wp.com\/historiografija.hr\/wp-content\/uploads\/2026\/04\/noc_knjige_2026.jpg?fit=680%2C276&ssl=1&resize=350%2C200","width":350,"height":200,"srcset":"https:\/\/i0.wp.com\/historiografija.hr\/wp-content\/uploads\/2026\/04\/noc_knjige_2026.jpg?fit=680%2C276&ssl=1&resize=350%2C200 1x, https:\/\/i0.wp.com\/historiografija.hr\/wp-content\/uploads\/2026\/04\/noc_knjige_2026.jpg?fit=680%2C276&ssl=1&resize=525%2C300 1.5x"},"classes":[]},{"id":52619,"url":"https:\/\/historiografija.hr\/?p=52619","url_meta":{"origin":5079,"position":3},"title":"Predavanje \u0110ur\u0111ice Vitkovi\u0107 &#8220;Izme\u0111u pera i objektiva: Zagorka i Foto Tonka&#8221;","author":"Branimir Jankovi\u0107","date":"23. travnja 2026.","format":false,"excerpt":"Memorijalni stan Marije Juri\u0107 Zagorke poziva Vas na predavanje \u0110ur\u0111ice Vitkovi\u0107 \u201eIzme\u0111u pera i objektiva: Zagorka i Foto Tonka\u201c koje \u0107e se odr\u017eati u utorak, 28. travnja 2026. s po\u010detkom u 18 h u sklopu Ciklusa predavanja u Memorijalnom stanu Marije Juri\u0107 Zagorke. Kako su se susrele knji\u017eevnost i fotografija\u2026","rel":"","context":"U &quot;Novosti&quot;","block_context":{"text":"Novosti","link":"https:\/\/historiografija.hr\/?cat=3"},"img":{"alt_text":"","src":"https:\/\/i0.wp.com\/historiografija.hr\/wp-content\/uploads\/2024\/11\/Zagorka_ciklus.jpg?fit=1200%2C1006&ssl=1&resize=350%2C200","width":350,"height":200,"srcset":"https:\/\/i0.wp.com\/historiografija.hr\/wp-content\/uploads\/2024\/11\/Zagorka_ciklus.jpg?fit=1200%2C1006&ssl=1&resize=350%2C200 1x, https:\/\/i0.wp.com\/historiografija.hr\/wp-content\/uploads\/2024\/11\/Zagorka_ciklus.jpg?fit=1200%2C1006&ssl=1&resize=525%2C300 1.5x, https:\/\/i0.wp.com\/historiografija.hr\/wp-content\/uploads\/2024\/11\/Zagorka_ciklus.jpg?fit=1200%2C1006&ssl=1&resize=700%2C400 2x, https:\/\/i0.wp.com\/historiografija.hr\/wp-content\/uploads\/2024\/11\/Zagorka_ciklus.jpg?fit=1200%2C1006&ssl=1&resize=1050%2C600 3x"},"classes":[]},{"id":52508,"url":"https:\/\/historiografija.hr\/?p=52508","url_meta":{"origin":5079,"position":4},"title":"Glazbena radionica \u201eDUGMETARA REVISITED\u201c","author":"Branimir Jankovi\u0107","date":"17. travnja 2026.","format":false,"excerpt":"DUGMETARA REVISITED glazbena radionica vodi: Ana Horvat 13., 20. i 27. travnja, od 18 do 20 sati Radiona, Nova cesta 186 Na tri radioni\u010dka susreta uranjamo u naslje\u0111e Dugmetare, biv\u0161e tvornice dugmadi na Savskoj cesti koja je po\u010detkom 2000-ih igrom slu\u010daja postala \u017eivo, jedinstveno mjesto glazbene proizvodnje. Svoje su probe\u2026","rel":"","context":"U &quot;Novosti&quot;","block_context":{"text":"Novosti","link":"https:\/\/historiografija.hr\/?cat=3"},"img":{"alt_text":"","src":"https:\/\/i0.wp.com\/historiografija.hr\/wp-content\/uploads\/2026\/04\/TRESNJA_TRESTI.jpg?fit=380%2C475&ssl=1&resize=350%2C200","width":350,"height":200},"classes":[]},{"id":52528,"url":"https:\/\/historiografija.hr\/?p=52528","url_meta":{"origin":5079,"position":5},"title":"[Promocija knjige] Banja Luka u ratu: Etnopolitika i svakodnevica (1990\u20131995) (ActiveLab, YugoLab)","author":"Branimir Jankovi\u0107","date":"17. travnja 2026.","format":false,"excerpt":"Institut za filozofiju i dru\u0161tvenu teoriju i O\u0161tra Nula organizuju promociju knjige Banja Luka u ratu: Etnopolitika i svakodnevica (1990\u20131995) autorke Armine Galija\u0161, koja \u0107e se odr\u017eati 20. aprila 2026. u 12.00 sati u prostorijama Instituta (Kraljice Natalije 45, Beograd). Re\u010d je o prvom nau\u010dno utemeljenom i sistematskom radu koji\u2026","rel":"","context":"U &quot;Novosti&quot;","block_context":{"text":"Novosti","link":"https:\/\/historiografija.hr\/?cat=3"},"img":{"alt_text":"","src":"https:\/\/i0.wp.com\/historiografija.hr\/wp-content\/uploads\/2026\/04\/20-april-RS.jpg?fit=1200%2C675&ssl=1&resize=350%2C200","width":350,"height":200,"srcset":"https:\/\/i0.wp.com\/historiografija.hr\/wp-content\/uploads\/2026\/04\/20-april-RS.jpg?fit=1200%2C675&ssl=1&resize=350%2C200 1x, https:\/\/i0.wp.com\/historiografija.hr\/wp-content\/uploads\/2026\/04\/20-april-RS.jpg?fit=1200%2C675&ssl=1&resize=525%2C300 1.5x, https:\/\/i0.wp.com\/historiografija.hr\/wp-content\/uploads\/2026\/04\/20-april-RS.jpg?fit=1200%2C675&ssl=1&resize=700%2C400 2x, https:\/\/i0.wp.com\/historiografija.hr\/wp-content\/uploads\/2026\/04\/20-april-RS.jpg?fit=1200%2C675&ssl=1&resize=1050%2C600 3x"},"classes":[]}],"_links":{"self":[{"href":"https:\/\/historiografija.hr\/index.php?rest_route=\/wp\/v2\/posts\/5079","targetHints":{"allow":["GET"]}}],"collection":[{"href":"https:\/\/historiografija.hr\/index.php?rest_route=\/wp\/v2\/posts"}],"about":[{"href":"https:\/\/historiografija.hr\/index.php?rest_route=\/wp\/v2\/types\/post"}],"author":[{"embeddable":true,"href":"https:\/\/historiografija.hr\/index.php?rest_route=\/wp\/v2\/users\/2"}],"replies":[{"embeddable":true,"href":"https:\/\/historiografija.hr\/index.php?rest_route=%2Fwp%2Fv2%2Fcomments&post=5079"}],"version-history":[{"count":2,"href":"https:\/\/historiografija.hr\/index.php?rest_route=\/wp\/v2\/posts\/5079\/revisions"}],"predecessor-version":[{"id":5082,"href":"https:\/\/historiografija.hr\/index.php?rest_route=\/wp\/v2\/posts\/5079\/revisions\/5082"}],"wp:featuredmedia":[{"embeddable":true,"href":"https:\/\/historiografija.hr\/index.php?rest_route=\/wp\/v2\/media\/5080"}],"wp:attachment":[{"href":"https:\/\/historiografija.hr\/index.php?rest_route=%2Fwp%2Fv2%2Fmedia&parent=5079"}],"wp:term":[{"taxonomy":"category","embeddable":true,"href":"https:\/\/historiografija.hr\/index.php?rest_route=%2Fwp%2Fv2%2Fcategories&post=5079"},{"taxonomy":"post_tag","embeddable":true,"href":"https:\/\/historiografija.hr\/index.php?rest_route=%2Fwp%2Fv2%2Ftags&post=5079"}],"curies":[{"name":"wp","href":"https:\/\/api.w.org\/{rel}","templated":true}]}}