{"id":50776,"date":"2026-01-07T13:59:43","date_gmt":"2026-01-07T13:59:43","guid":{"rendered":"https:\/\/historiografija.hr\/?p=50776"},"modified":"2026-01-08T21:10:23","modified_gmt":"2026-01-08T21:10:23","slug":"predstavljanje-knjige-spisi-istarskih-biljeznika-sv-iii-spisi-poreckih-biljeznika-sv-ii-registri-poreckoga-biljeznika-antuna-de-teodoris-sijecanj-1449-travanj-1487","status":"publish","type":"post","link":"https:\/\/historiografija.hr\/?p=50776","title":{"rendered":"Predstavljanje knjige &#8220;Spisi istarskih bilje\u017enika, sv. III, Spisi pore\u010dkih bilje\u017enika, sv. II: Registri pore\u010dkoga bilje\u017enika Antuna de Teodoris (sije\u010danj 1449. \u2013 travanj 1487.)&#8221; u Zagrebu"},"content":{"rendered":"\n<p>U organizaciji&nbsp;Odsjeka za povijesne znanosti Zavoda za povijesne i dru\u0161tvene znanosti Hrvatske akademije znanosti i umjetnosti,&nbsp;<strong>u utorak 13. sije\u010dnja 2026. s po\u010detkom u 13 sati&nbsp;<\/strong>u dvorani Knji\u017enice HAZU,&nbsp;Trg Josipa Jurja Strossmayera 14, Zagreb, odr\u017eat \u0107e se&nbsp;predstavljanje knjige&nbsp;<strong>Spisi istarskih bilje\u017enika, sv. III, Spisi pore\u010dkih bilje\u017enika, sv. II.: Registri pore\u010dkoga bilje\u017enika Antuna de Teodoris (sije\u010danj 1449. \u2013 travanj 1487.)<\/strong>, koju su priredili<strong> Zoran Ladi\u0107 i Marino Martin\u010devi\u0107. <\/strong>Nakon uvodne rije\u010di predsjednika HAZU<strong> akademika Velimira Neidhardta<\/strong> knjigu \u0107e uz urednike predstaviti i <strong>dr. sc. Damir Karbi\u0107,&nbsp;Mirela Mrak Kliman, dipl. iur., prof. dr. sc. Mirjana Matijevi\u0107 Sokol <\/strong>i <strong>dr. sc. Lovorka \u010corali\u0107<\/strong>.<\/p>\n\n\n\n<p>Promocija knjige <em>Spisi istarskih bilje\u017enika, sv. III, Spisi pore\u010dkih bilje\u017enika, sv. II. Registri pore\u010dkoga bilje\u017enika Antuna de Teodoris (sije\u010danj 1449. \u2013 travanj 1487.)<\/em> (prir. Zoran Ladi\u0107 i Marino Martin\u010devi\u0107), odr\u017eat \u0107e se 13. sije\u010dnja 2026. u 13 sati u dvorani Knji\u017enice HAZU. &nbsp;&nbsp;&nbsp;&nbsp;&nbsp;&nbsp;&nbsp;&nbsp;&nbsp;&nbsp;&nbsp;&nbsp;&nbsp;&nbsp;<\/p>\n\n\n\n<p>Ideju i osnovne znanstvene postavke za rad na ovom projektu postavio je dr. sc. Elvis Orbani\u0107, negda\u0161nji ravnatelj Dr\u017eavnog arhiva u Pazinu, a projekt je zdu\u0161no podr\u017eala i sada\u0161nja ravnateljica istog arhiva Mirela Mrak Kliman, dipl. iur. Glavna urednica serije <em>Spisi istarskih bilje\u017enika<\/em> je Mirjana Matijevi\u0107-Sokol. Prva knjiga edicije <em>Spisi istarskih bilje\u017enika <\/em>tiskana je 2008. godine i sastoji se od prijepisa bilje\u017eni\u010dkih isprava labinskog notara Bartolomeja Gervazija (1525.-1550.) \u010dije su kriti\u010dko izdanje priredili Zoran Ladi\u0107 i Elvis Orbani\u0107. Druga knjiga iste edicije naslovljena je <em>Registri pore\u010dkih bilje\u017enika Henrika de Artizanibus (1433.-1434.) i Antuna de Teodoris (1453.-1449.)<\/em> i sadr\u017ei prijepise isprava dva pore\u010dka bilje\u017enika iz prve polovine i sredine 15. stolje\u0107a. U njoj se donosi prijepis vi\u0161e od 140 isprava te regesta koje je izradio Zoran Ladi\u0107, nekoliko faksimila isprava te kazala osoba, zemljopisnih pojmova i stvari koje se spominju u ovoj bilje\u017eni\u010dkoj knjizi, a koje je izradio Marino Martin\u010devi\u0107. Ova knjiga tiskana je 2018. &nbsp;&nbsp;&nbsp;&nbsp;&nbsp;&nbsp;&nbsp;&nbsp;&nbsp;&nbsp;&nbsp;&nbsp;&nbsp;&nbsp;<\/p>\n\n\n\n<p>Knjiga koja se sada predstavlja tiskana je 2025. Rije\u010d je o knjizi u kojoj se donose prijepisi registara najstarije sa\u010duvane bilje\u017eni\u010dke knjige za podru\u010dje hrvatskog dijela Istre. Knjiga je tiskana kao sv. III unutar edicije <em>Spisi istarskih bilje\u017enika<\/em>, odnosno sv. II <em>Registara pore\u010dkog bilje\u017enika Antuna de Teodoris<\/em>. U tre\u0107oj knjizi izvr\u0161en je prijepis 245 raznih vrsta isprava \u2013 kupoprodajni ugovori, ugovori o prokuraturi, ugovori o mirazu i braku, ugovori o naukovanju, inventari dobara i sli\u010dno, a jedan dio knjige sadr\u017ei tzv. <em>Liber testamentorum<\/em> u kojem je zapisano 65 oporuka mu\u0161kih i \u017eenskih stanovnika pore\u010dke komune iz svih dru\u0161tvenih stale\u017ea. Autori u uvodu isti\u010du velike mogu\u0107nosti koje sve tri knjige <em>Spisa istarskih bilje\u017enika<\/em> pru\u017eaju u znanstvenom istra\u017eivanju raznih podru\u010dja srednjovjekovnog \u017eivota kako u Labinu i Pore\u010du tako i u cijeloj Istri. Gotovo da nema problematike&nbsp; &nbsp;koju nije mogu\u0107e razmatrati na temelju isprava zapisanih u ova tri sveska \u2013 komunalne ustanove, uloga notarijata, dru\u0161tveno ure\u0111enje komuna, gospodarska problematika, zdravstvo i medicina, crkvena problematika, obiteljska povijest, materijalna kultura, religioznost, urbani razvitak, problematika migracijskih kretanja te niz drugih pitanja. Tre\u0107a knjiga je pisana latinskim pismom i jezikom te djelomice dijalektom <em>Veneto<\/em>, a autori razmatraju paleografske, jezi\u010dne i sadr\u017eajne aspekte ovih pore\u010dkih isprava. Knjiga sadr\u017ei i regesta svih isprava na hrvatskom jeziku te <em>Kazalo osobnih imena<\/em> i <em>Kazalo zemljopisnih imena<\/em>. Za nadati se da \u0107e se rad na prijepisima bilje\u017eni\u010dkih registara edicije <em>Spisa istarskih bilje\u017enika<\/em> nastaviti i za razdoblje do kraja 16. stolje\u0107a. Jer, notarski spisi pru\u017eaju pregr\u0161t podataka i pravo su blago za prou\u010davanje i cjelovitije razumijevanje srednjovjekovne &nbsp;i rano novovjekovne povijesti priobalnih i oto\u010dkih urbanih i ruralnih dru\u0161tava Dalmacije, Hrvatskog primorja i Istre.<\/p>\n\n\n\n<hr class=\"wp-block-separator has-alpha-channel-opacity\"\/>\n\n\n\n<p>&nbsp;Izvor:<\/p>\n\n\n\n<figure class=\"wp-block-embed is-type-wp-embed is-provider-hazu wp-block-embed-hazu\"><div class=\"wp-block-embed__wrapper\">\n<blockquote class=\"wp-embedded-content\" data-secret=\"RjqkAJvl9E\"><a href=\"https:\/\/www.info.hazu.hr\/events\/predstavljanje-knjige-spisi-istarskih-biljeznika-sv-iii-spisi-poreckih-biljeznika-sv-ii-registri-poreckoga-biljeznika-antuna-de-teodoris-sijecanj-1449-travanj-1487\/\">Predstavljanje knjige  Spisi istarskih bilje\u017enika, sv. III, Spisi pore\u010dkih bilje\u017enika, sv. II: Registri pore\u010dkoga bilje\u017enika Antuna de Teodoris (sije\u010danj 1449. \u2013 travanj 1487.)<\/a><\/blockquote><iframe loading=\"lazy\" class=\"wp-embedded-content\" sandbox=\"allow-scripts\" security=\"restricted\" style=\"position: absolute; visibility: hidden;\" title=\"&#8220;Predstavljanje knjige  Spisi istarskih bilje\u017enika, sv. III, Spisi pore\u010dkih bilje\u017enika, sv. II: Registri pore\u010dkoga bilje\u017enika Antuna de Teodoris (sije\u010danj 1449. \u2013 travanj 1487.)&#8221; &#8212; HAZU\" src=\"https:\/\/www.info.hazu.hr\/events\/predstavljanje-knjige-spisi-istarskih-biljeznika-sv-iii-spisi-poreckih-biljeznika-sv-ii-registri-poreckoga-biljeznika-antuna-de-teodoris-sijecanj-1449-travanj-1487\/embed\/#?secret=RjqkAJvl9E\" data-secret=\"RjqkAJvl9E\" width=\"600\" height=\"338\" frameborder=\"0\" marginwidth=\"0\" marginheight=\"0\" scrolling=\"no\"><\/iframe>\n<\/div><\/figure>\n\n\n\n<hr class=\"wp-block-separator has-alpha-channel-opacity\"\/>\n\n\n\n<p>Dodatne obavijesti:<\/p>\n\n\n\n<figure class=\"wp-block-embed is-type-wp-embed is-provider-dr-avni-arhiv-u-pazinu wp-block-embed-dr-avni-arhiv-u-pazinu\"><div class=\"wp-block-embed__wrapper\">\n<blockquote class=\"wp-embedded-content\" data-secret=\"b2q3CZfNRZ\"><a href=\"https:\/\/www.dapa.hr\/poziv-na-promociju-knjige-registri-istarskog-biljeznika-antuna-de-teodoris\/\">Poziv na promociju knjige Registri istarskog bilje\u017enika Antuna de Teodoris<\/a><\/blockquote><iframe loading=\"lazy\" class=\"wp-embedded-content\" sandbox=\"allow-scripts\" security=\"restricted\" style=\"position: absolute; visibility: hidden;\" title=\"&#8220;Poziv na promociju knjige Registri istarskog bilje\u017enika Antuna de Teodoris&#8221; &#8212; Dr\u017eavni arhiv u Pazinu\" src=\"https:\/\/www.dapa.hr\/poziv-na-promociju-knjige-registri-istarskog-biljeznika-antuna-de-teodoris\/embed\/#?secret=5JxGI1o4mI#?secret=b2q3CZfNRZ\" data-secret=\"b2q3CZfNRZ\" width=\"600\" height=\"338\" frameborder=\"0\" marginwidth=\"0\" marginheight=\"0\" scrolling=\"no\"><\/iframe>\n<\/div><\/figure>\n\n\n\n<figure class=\"wp-block-embed is-type-wp-embed is-provider-historiografija-hr wp-block-embed-historiografija-hr\"><div class=\"wp-block-embed__wrapper\">\n<blockquote class=\"wp-embedded-content\" data-secret=\"F3D6EbAfen\"><a href=\"https:\/\/historiografija.hr\/?p=49119\">Spisi istarskih bilje\u017enika III. Spisi pore\u010dkih bilje\u017enika sv. II, Registri pore\u010dkoga bilje\u017enika Antuna de Teodoris (sije\u010danj 1449. \u2013 travanj 1487.)<\/a><\/blockquote><iframe loading=\"lazy\" class=\"wp-embedded-content\" sandbox=\"allow-scripts\" security=\"restricted\" style=\"position: absolute; visibility: hidden;\" title=\"&#8220;Spisi istarskih bilje\u017enika III. Spisi pore\u010dkih bilje\u017enika sv. II, Registri pore\u010dkoga bilje\u017enika Antuna de Teodoris (sije\u010danj 1449. \u2013 travanj 1487.)&#8221; &#8212; Historiografija.hr\" src=\"https:\/\/historiografija.hr\/?p=49119&#038;embed=true#?secret=dEjuEQ7SEA#?secret=F3D6EbAfen\" data-secret=\"F3D6EbAfen\" width=\"600\" height=\"338\" frameborder=\"0\" marginwidth=\"0\" marginheight=\"0\" scrolling=\"no\"><\/iframe>\n<\/div><\/figure>\n\n\n\n<hr class=\"wp-block-separator has-alpha-channel-opacity\"\/>\n","protected":false},"excerpt":{"rendered":"","protected":false},"author":2,"featured_media":49120,"comment_status":"open","ping_status":"open","sticky":false,"template":"","format":"standard","meta":{"_acf_changed":false,"jetpack_post_was_ever_published":false,"_jetpack_newsletter_access":"","_jetpack_dont_email_post_to_subs":false,"_jetpack_newsletter_tier_id":0,"_jetpack_memberships_contains_paywalled_content":false,"_jetpack_memberships_contains_paid_content":false,"footnotes":"","jetpack_publicize_message":"","jetpack_publicize_feature_enabled":true,"jetpack_social_post_already_shared":true,"jetpack_social_options":{"image_generator_settings":{"template":"highway","default_image_id":0,"font":"","enabled":false},"version":2}},"categories":[3],"tags":[],"class_list":["post-50776","post","type-post","status-publish","format-standard","has-post-thumbnail","hentry","category-novosti"],"acf":{"facebook_opis":""},"jetpack_publicize_connections":[],"jetpack_featured_media_url":"https:\/\/i0.wp.com\/historiografija.hr\/wp-content\/uploads\/2025\/10\/Naslovnica-Spisi-istarskih-biljeznika.jpg?fit=1109%2C873&ssl=1","jetpack_sharing_enabled":true,"jetpack-related-posts":[],"_links":{"self":[{"href":"https:\/\/historiografija.hr\/index.php?rest_route=\/wp\/v2\/posts\/50776","targetHints":{"allow":["GET"]}}],"collection":[{"href":"https:\/\/historiografija.hr\/index.php?rest_route=\/wp\/v2\/posts"}],"about":[{"href":"https:\/\/historiografija.hr\/index.php?rest_route=\/wp\/v2\/types\/post"}],"author":[{"embeddable":true,"href":"https:\/\/historiografija.hr\/index.php?rest_route=\/wp\/v2\/users\/2"}],"replies":[{"embeddable":true,"href":"https:\/\/historiografija.hr\/index.php?rest_route=%2Fwp%2Fv2%2Fcomments&post=50776"}],"version-history":[{"count":4,"href":"https:\/\/historiografija.hr\/index.php?rest_route=\/wp\/v2\/posts\/50776\/revisions"}],"predecessor-version":[{"id":50816,"href":"https:\/\/historiografija.hr\/index.php?rest_route=\/wp\/v2\/posts\/50776\/revisions\/50816"}],"wp:featuredmedia":[{"embeddable":true,"href":"https:\/\/historiografija.hr\/index.php?rest_route=\/wp\/v2\/media\/49120"}],"wp:attachment":[{"href":"https:\/\/historiografija.hr\/index.php?rest_route=%2Fwp%2Fv2%2Fmedia&parent=50776"}],"wp:term":[{"taxonomy":"category","embeddable":true,"href":"https:\/\/historiografija.hr\/index.php?rest_route=%2Fwp%2Fv2%2Fcategories&post=50776"},{"taxonomy":"post_tag","embeddable":true,"href":"https:\/\/historiografija.hr\/index.php?rest_route=%2Fwp%2Fv2%2Ftags&post=50776"}],"curies":[{"name":"wp","href":"https:\/\/api.w.org\/{rel}","templated":true}]}}