{"id":5075,"date":"2017-06-29T08:13:53","date_gmt":"2017-06-29T08:13:53","guid":{"rendered":"http:\/\/historiografija.hr\/?p=5075"},"modified":"2017-06-29T08:15:09","modified_gmt":"2017-06-29T08:15:09","slug":"filmski-program-stanovanje-na-filmu","status":"publish","type":"post","link":"https:\/\/historiografija.hr\/?p=5075","title":{"rendered":"Filmski program &#8220;Stanovanje na filmu&#8221;"},"content":{"rendered":"<p>U petak, 30. lipnja 2017. u 20 sati u BAZI u Zagrebu (Ad\u017eijina 11) prva ve\u010der ciklusa &#8220;Politike reprezentacije&#8221; uklju\u010duje \u201ckomparativni prikaz starih i novih promotivnih filmova posve\u0107enih planskom razvoju Zagreba\u201d.<\/p>\n<p>&nbsp;<\/p>\n<p>&nbsp;<\/p>\n<p>&#8212;<\/p>\n<p>&nbsp;<\/p>\n<p>&nbsp;<\/p>\n<p>Filmski program &#8220;Stanovanje na filmu&#8221;<\/p>\n<p>kustosica: Petra Belc<\/p>\n<p>&nbsp;<\/p>\n<p>&nbsp;<\/p>\n<p>prva ve\u010der ciklusa &#8220;Politike reprezentacije&#8221;<\/p>\n<p>&nbsp;<\/p>\n<p>&nbsp;<\/p>\n<p>petak, 30.6.2017., 20 sati<\/p>\n<p>BAZA, Ad\u017eijina 11<\/p>\n<p>&nbsp;<\/p>\n<p>&nbsp;<\/p>\n<p>Ovogodi\u0161nji filmski program otvaramo projekcijom kratkih filmova u BAZI, nakon \u010dega slijedi razgovor s redateljem Vanjom Vascarcem.<\/p>\n<p>&nbsp;<\/p>\n<p>&nbsp;<\/p>\n<p>Optimizam koji je pratio razvoj dru\u0161tva u Jugoslaviji na osobit se na\u010din artikulirao i filmskim sredstvima. Sredinom pro\u0161log stolje\u0107a osnovano je filmsko poduze\u0107e Zagreb film i ostvarivalo je zna\u010dajne uspjehe na polju umjetni\u010dkog igranog, reklamnog i animiranog filma, dok je istodobno s gotovo jednakim entuzijazmom oblikovalo i filmske reprezentacije Zagreba. Komuniciraju\u0107i razvoj grada vizualnim posredovanjem ovog odr\u017eavnog poduze\u0107a, gradske vlasti prenose nam da je izme\u0111u 1953. i 1957. dovr\u0161eno &#8220;7300 novih komfornih stanova&#8221;, dok se ta brojka u razdoblju izme\u0111u 1963. i 1967. penje na 26 tisu\u0107a novoizgra\u0111enih stambenih jedinica. \u0160iri se mre\u017ea autobusnog i tramvajskog prometa, grade se nove ceste, \u0161kole i op\u0107inski Domovi narodnog zdravlja koji, ula\u017eu\u0107i paralelno u modernizaciju medicinske opreme, gra\u0111anima pru\u017eaju lije\u010dni\u010dku skrb. 1963. pu\u0161ta se u promet sljemenska \u017ei\u010dara, a ubrzo i zagreba\u010dka zra\u010dna luka dobiva novu pristani\u0161nu zgradu.<\/p>\n<p>&nbsp;<\/p>\n<p>&nbsp;<\/p>\n<p>Ove se informacije prezentiraju u kratkim namjenskim filmovima kroz pa\u017eljivo odmjerenu ritmi\u010dku strukturu i promi\u0161ljenu izmjenu (eksperimentalne i popularne) pozadinske glazbe i prizornih \u0161umova i zvukova. Kamera pritom podjednako lebdi nad gradom kao \u0161to ulazi i u tvorni\u010dke hale, supermarkete i kvartovske knji\u017enice, a cjelina je re\u017eijski oboga\u0107ena atmosferskim kadrovima detalja i monta\u017enom igrom krupnih planova repetitivnih uzoraka stambenih blokova ili proizvodnih traka. U filmovima je uglavnom prisutan i pripovjeda\u010d koji gledatelju poma\u017ee da jasno razumije &#8220;velik[e] misli promi\u0161ljenog i jedinstvenog plana&#8221; za &#8220;narednih 30 godina&#8221;, kojima su gradske vlasti strate\u0161ki planirale razvoj Zagreba. Stvarna stambena naselja rastu pred o\u010dima gledatelja, dok Zagrep\u010dani sjedaju u stvarne \u017ei\u010dare i u \u0161irokim se planovima snje\u017enim padinama spu\u0161taju s vrha Sljemena.<\/p>\n<p>&nbsp;<\/p>\n<p>Pedesetak godina kasnije, promotivni filmovi namijenjeni prezentaciji projekata od strate\u0161ke va\u017enosti za Grad Zagreb otkrivaju druga\u010diju sliku: sada\u0161njost je nejasno smje\u0161tena izme\u0111u fikcije i zbilje, a pro\u0161lost kao da je li\u0161ena \u010dinjeni\u010dnog utemeljenja i uprizorena u skladu s ne\u010dijim nostalgi\u010dnim impresijama, krupni planovi skrivaju \u0161iru sliku stvarnosti dok je obe\u0107avana budu\u0107nost svedena na fantazmatske rendere i 3D projekcije ne\/znala\u010dkog tehnofuturizma.<\/p>\n<p>&nbsp;<\/p>\n<p>&nbsp;<\/p>\n<p>Komparativni prikaz starih i novih promotivnih filmova posve\u0107enih planskom razvoju Zagreba i njegovim kapitalnim investicijskim projektima otvaraju ovogodi\u0161nji filmski program, otvaraju\u0107i klju\u010dna pitanja o politikama njihove reprezentacije. Koji su proizvodni modeli danas zamijenili nekada\u0161nju suradnju s dr\u017eavnim poduze\u0107ima poput Zagreb filma, kako se oni odra\u017eavaju na tr\u017ei\u0161te filmske proizvodnje i jesu li zaista (dugoro\u010dno) bolje rje\u0161enje? Na koje se na\u010dine redateljski oblikuju pripovijesti gradskih i industrijskih propagandnih filmova, tko odlu\u010duje o njihovom izgledu i sadr\u017eaju, i na \u010demu se temelje briefovi klijenata? Koliko je pritom bitna re\u017eijska vje\u0161tina, stupanj inovacije i proizvodna kvaliteta filma te koliko se javnog novca investira u njihov nastanak? Filmska &#8220;sve\u010danost rada i blagostanja u nekada\u0161njoj zemlji seljaka &#8220;s polovice pro\u0161log stolje\u0107a i dana\u0161nji filmski posredovani urbani vizionari, osim istra\u017eiva\u010dko-gledateljskog u\u017eitka, povod su za razgovor o pitanjima krize institucija socijalne dr\u017eave, posljedicama slobodnog tr\u017ei\u0161ta i neobi\u010dnim spregama privatnih proizvodnih investicija i javne gradske propagande.&#8221;<\/p>\n<p>&nbsp;<\/p>\n<p>&nbsp;<\/p>\n<p>Petra Belc<\/p>\n<p>&nbsp;<\/p>\n<p>&nbsp;<\/p>\n<p>Program se odvija uz potporu Hrvatskog audiovizualnog centra.<\/p>\n<p>&nbsp;<\/p>\n<p>&nbsp;<\/p>\n<p>&nbsp;<\/p>\n<p>Izvor:<\/p>\n<p>&nbsp;<\/p>\n<p><a href=\"http:\/\/www.blok.hr\/hr\/umjetnici-za-kvart\/petra-belc-filmski-program-stanovanje-na-filmu\">http:\/\/www.blok.hr\/hr\/umjetnici-za-kvart\/petra-belc-filmski-program-stanovanje-na-filmu<\/a><\/p>\n<p>&nbsp;<\/p>\n","protected":false},"excerpt":{"rendered":"","protected":false},"author":2,"featured_media":5076,"comment_status":"open","ping_status":"open","sticky":false,"template":"","format":"standard","meta":{"_acf_changed":false,"jetpack_post_was_ever_published":false,"_jetpack_newsletter_access":"","_jetpack_dont_email_post_to_subs":false,"_jetpack_newsletter_tier_id":0,"_jetpack_memberships_contains_paywalled_content":false,"_jetpack_memberships_contains_paid_content":false,"footnotes":"","jetpack_publicize_message":"","jetpack_publicize_feature_enabled":true,"jetpack_social_post_already_shared":true,"jetpack_social_options":{"image_generator_settings":{"template":"highway","default_image_id":0,"font":"","enabled":false},"version":2}},"categories":[13,3],"tags":[],"class_list":["post-5075","post","type-post","status-publish","format-standard","has-post-thumbnail","hentry","category-filmovi-i-serije","category-novosti"],"acf":{"facebook_opis":""},"jetpack_publicize_connections":[],"jetpack_featured_media_url":"https:\/\/i0.wp.com\/historiografija.hr\/wp-content\/uploads\/2017\/06\/large_Raste_grad_2.png?fit=712%2C445&ssl=1","jetpack_sharing_enabled":true,"jetpack-related-posts":[{"id":52547,"url":"https:\/\/historiografija.hr\/?p=52547","url_meta":{"origin":5075,"position":0},"title":"ISHA Zagreb \u2013 Filmska ve\u010der: Povratak Martina Guerrea","author":"Branimir Jankovi\u0107","date":"20. travnja 2026.","format":false,"excerpt":"Klub studenata povijesti \u2013 ISHA Zagreb poziva Vas na filmsku ve\u010der na kojoj \u0107e se prikazivati \u201ePovratak Martina Guerrea\u201c, povijesna drama iz 1982. godine s radnjom smje\u0161tenom u 16. stolje\u0107u. Radnja je utemeljena na stvarnoj povijesnoj li\u010dnosti Martina Guerrea koji se nakon mnogo godina izbivanja vra\u0107a u svoje rodno mjesto\u2026","rel":"","context":"U &quot;Filmovi i serije&quot;","block_context":{"text":"Filmovi i serije","link":"https:\/\/historiografija.hr\/?cat=13"},"img":{"alt_text":"","src":"https:\/\/i0.wp.com\/historiografija.hr\/wp-content\/uploads\/2026\/04\/M-Guerre.png?fit=702%2C1006&ssl=1&resize=350%2C200","width":350,"height":200,"srcset":"https:\/\/i0.wp.com\/historiografija.hr\/wp-content\/uploads\/2026\/04\/M-Guerre.png?fit=702%2C1006&ssl=1&resize=350%2C200 1x, https:\/\/i0.wp.com\/historiografija.hr\/wp-content\/uploads\/2026\/04\/M-Guerre.png?fit=702%2C1006&ssl=1&resize=525%2C300 1.5x, https:\/\/i0.wp.com\/historiografija.hr\/wp-content\/uploads\/2026\/04\/M-Guerre.png?fit=702%2C1006&ssl=1&resize=700%2C400 2x"},"classes":[]},{"id":52520,"url":"https:\/\/historiografija.hr\/?p=52520","url_meta":{"origin":5075,"position":1},"title":"Predstavljanje knjige &#8220;Socialist Economics in Yugoslavia: A Critical History&#8221; u Zagrebu","author":"Branimir Jankovi\u0107","date":"17. travnja 2026.","format":false,"excerpt":"Pozivamo vas na predstavljanje knjige \"Socialist Economics in Yugoslavia: A Critical History\", autora Mislava \u00a0\u017ditka i Marka Grde\u0161i\u0107a (Routledge, 2026). Na predstavljanju \u0107e govoriti Branko Milanovi\u0107 (CUNY), Milica Uvali\u0107 (EUI), Zdravko Petak (FPZG) te autori.\u00a0 Predstavljanje \u0107e se odr\u017eati u srijedu 22. travnja u 16:00 sati na Fakultetu politi\u010dkih znanosti\u2026","rel":"","context":"U &quot;Novosti&quot;","block_context":{"text":"Novosti","link":"https:\/\/historiografija.hr\/?cat=3"},"img":{"alt_text":"","src":"https:\/\/i0.wp.com\/historiografija.hr\/wp-content\/uploads\/2026\/04\/Poziv-na-predstavljanje.png?fit=800%2C652&ssl=1&resize=350%2C200","width":350,"height":200,"srcset":"https:\/\/i0.wp.com\/historiografija.hr\/wp-content\/uploads\/2026\/04\/Poziv-na-predstavljanje.png?fit=800%2C652&ssl=1&resize=350%2C200 1x, https:\/\/i0.wp.com\/historiografija.hr\/wp-content\/uploads\/2026\/04\/Poziv-na-predstavljanje.png?fit=800%2C652&ssl=1&resize=525%2C300 1.5x, https:\/\/i0.wp.com\/historiografija.hr\/wp-content\/uploads\/2026\/04\/Poziv-na-predstavljanje.png?fit=800%2C652&ssl=1&resize=700%2C400 2x"},"classes":[]},{"id":52528,"url":"https:\/\/historiografija.hr\/?p=52528","url_meta":{"origin":5075,"position":2},"title":"[Promocija knjige] Banja Luka u ratu: Etnopolitika i svakodnevica (1990\u20131995) (ActiveLab, YugoLab)","author":"Branimir Jankovi\u0107","date":"17. travnja 2026.","format":false,"excerpt":"Institut za filozofiju i dru\u0161tvenu teoriju i O\u0161tra Nula organizuju promociju knjige Banja Luka u ratu: Etnopolitika i svakodnevica (1990\u20131995) autorke Armine Galija\u0161, koja \u0107e se odr\u017eati 20. aprila 2026. u 12.00 sati u prostorijama Instituta (Kraljice Natalije 45, Beograd). Re\u010d je o prvom nau\u010dno utemeljenom i sistematskom radu koji\u2026","rel":"","context":"U &quot;Novosti&quot;","block_context":{"text":"Novosti","link":"https:\/\/historiografija.hr\/?cat=3"},"img":{"alt_text":"","src":"https:\/\/i0.wp.com\/historiografija.hr\/wp-content\/uploads\/2026\/04\/20-april-RS.jpg?fit=1200%2C675&ssl=1&resize=350%2C200","width":350,"height":200,"srcset":"https:\/\/i0.wp.com\/historiografija.hr\/wp-content\/uploads\/2026\/04\/20-april-RS.jpg?fit=1200%2C675&ssl=1&resize=350%2C200 1x, https:\/\/i0.wp.com\/historiografija.hr\/wp-content\/uploads\/2026\/04\/20-april-RS.jpg?fit=1200%2C675&ssl=1&resize=525%2C300 1.5x, https:\/\/i0.wp.com\/historiografija.hr\/wp-content\/uploads\/2026\/04\/20-april-RS.jpg?fit=1200%2C675&ssl=1&resize=700%2C400 2x, https:\/\/i0.wp.com\/historiografija.hr\/wp-content\/uploads\/2026\/04\/20-april-RS.jpg?fit=1200%2C675&ssl=1&resize=1050%2C600 3x"},"classes":[]},{"id":52657,"url":"https:\/\/historiografija.hr\/?p=52657","url_meta":{"origin":5075,"position":3},"title":"[Predavanje] Jezik i drugost u (post)socijalisti\u010dkoj Srbiji: diskurzivne politike identiteta (YugoLab)","author":"Branimir Jankovi\u0107","date":"24. travnja 2026.","format":false,"excerpt":"U sklopu projekta Prizma \/ IMAGINATION (\u201eZami\u0161ljanje nacije: srpski nacionalni narativi u sporu (XX\u2013XXI vek)\u201c), koji se realizuje na Institutu za filozofiju i dru\u0161tvenu teoriju Univerziteta u Beogradu (2024\u20132027) uz finansijsku podr\u0161ku Fonda za nauku Republike Srbije, organizuje se serija predavanja na kojoj istra\u017eiva\u010di i istra\u017eiva\u010dice projekta predstavljaju rezultate svojih\u2026","rel":"","context":"U &quot;Novosti&quot;","block_context":{"text":"Novosti","link":"https:\/\/historiografija.hr\/?cat=3"},"img":{"alt_text":"","src":"https:\/\/i0.wp.com\/historiografija.hr\/wp-content\/uploads\/2026\/04\/IFDT_28_IV.png?fit=1200%2C675&ssl=1&resize=350%2C200","width":350,"height":200,"srcset":"https:\/\/i0.wp.com\/historiografija.hr\/wp-content\/uploads\/2026\/04\/IFDT_28_IV.png?fit=1200%2C675&ssl=1&resize=350%2C200 1x, https:\/\/i0.wp.com\/historiografija.hr\/wp-content\/uploads\/2026\/04\/IFDT_28_IV.png?fit=1200%2C675&ssl=1&resize=525%2C300 1.5x, https:\/\/i0.wp.com\/historiografija.hr\/wp-content\/uploads\/2026\/04\/IFDT_28_IV.png?fit=1200%2C675&ssl=1&resize=700%2C400 2x, https:\/\/i0.wp.com\/historiografija.hr\/wp-content\/uploads\/2026\/04\/IFDT_28_IV.png?fit=1200%2C675&ssl=1&resize=1050%2C600 3x"},"classes":[]},{"id":52573,"url":"https:\/\/historiografija.hr\/?p=52573","url_meta":{"origin":5075,"position":4},"title":"Znanstvena konferencija &#8220;Filozofija odgoja: povijest, praksa, perspektive&#8221;","author":"Branimir Jankovi\u0107","date":"21. travnja 2026.","format":false,"excerpt":"Znanstvena konferencija \"Filozofija odgoja: povijest, praksa, perspektive\" odr\u017eat \u0107e se 23. i 24. travnja 2026. u Konferencijskoj dvorani Knji\u017enice Filozofskog fakulteta u Zagrebu (2. kat).\u00a0Konferencija je organizirana u okviru projekta\u00a0SUMKOS (voditeljica prof. dr. sc. Ivana Zagorac, financiran\u00a0sredstvima NextGenerationEU), uz potporu Odsjeka za filozofiju.\u00a0 Uz izlaga\u010dki dio, konferencija obuhva\u0107a i izlo\u017ebu\u2026","rel":"","context":"U &quot;Novosti&quot;","block_context":{"text":"Novosti","link":"https:\/\/historiografija.hr\/?cat=3"},"img":{"alt_text":"","src":"","width":0,"height":0},"classes":[]},{"id":52569,"url":"https:\/\/historiografija.hr\/?p=52569","url_meta":{"origin":5075,"position":5},"title":"[Predavanje] Ne \u010dekaju\u0107i inspiraciju \u2013 anga\u017eovane intelektualne, kulturalne i umetni\u010dke prakse u me\u0111uratnom periodu: teorija i praksa kriti\u010dke levice u jugoslovenskoj kulturi (YugoLab)","author":"Branimir Jankovi\u0107","date":"21. travnja 2026.","format":false,"excerpt":"U vreme agresivnog ja\u010danja globalne desnice, (pro)fa\u0161isti\u010dkih, rasisti\u010dkih i imperijalisti\u010dkih politika, dok je istovremeno globalna levica izrazito slaba, a progresivni pokreti atomizirani i fragmentisani, va\u017eno je iz savremene perspektive vratiti se revolucionarnim i emancipatorskim zbivanjima u jugoslovenskom (ali i s njima u vezi internacionalnim de\u0161avanjima), kao i dru\u0161tvenoj ulozi kulturalnih\u2026","rel":"","context":"U &quot;Novosti&quot;","block_context":{"text":"Novosti","link":"https:\/\/historiografija.hr\/?cat=3"},"img":{"alt_text":"","src":"","width":0,"height":0},"classes":[]}],"_links":{"self":[{"href":"https:\/\/historiografija.hr\/index.php?rest_route=\/wp\/v2\/posts\/5075","targetHints":{"allow":["GET"]}}],"collection":[{"href":"https:\/\/historiografija.hr\/index.php?rest_route=\/wp\/v2\/posts"}],"about":[{"href":"https:\/\/historiografija.hr\/index.php?rest_route=\/wp\/v2\/types\/post"}],"author":[{"embeddable":true,"href":"https:\/\/historiografija.hr\/index.php?rest_route=\/wp\/v2\/users\/2"}],"replies":[{"embeddable":true,"href":"https:\/\/historiografija.hr\/index.php?rest_route=%2Fwp%2Fv2%2Fcomments&post=5075"}],"version-history":[{"count":2,"href":"https:\/\/historiografija.hr\/index.php?rest_route=\/wp\/v2\/posts\/5075\/revisions"}],"predecessor-version":[{"id":5078,"href":"https:\/\/historiografija.hr\/index.php?rest_route=\/wp\/v2\/posts\/5075\/revisions\/5078"}],"wp:featuredmedia":[{"embeddable":true,"href":"https:\/\/historiografija.hr\/index.php?rest_route=\/wp\/v2\/media\/5076"}],"wp:attachment":[{"href":"https:\/\/historiografija.hr\/index.php?rest_route=%2Fwp%2Fv2%2Fmedia&parent=5075"}],"wp:term":[{"taxonomy":"category","embeddable":true,"href":"https:\/\/historiografija.hr\/index.php?rest_route=%2Fwp%2Fv2%2Fcategories&post=5075"},{"taxonomy":"post_tag","embeddable":true,"href":"https:\/\/historiografija.hr\/index.php?rest_route=%2Fwp%2Fv2%2Ftags&post=5075"}],"curies":[{"name":"wp","href":"https:\/\/api.w.org\/{rel}","templated":true}]}}