{"id":50726,"date":"2026-01-05T12:27:26","date_gmt":"2026-01-05T12:27:26","guid":{"rendered":"https:\/\/historiografija.hr\/?p=50726"},"modified":"2026-01-05T12:27:26","modified_gmt":"2026-01-05T12:27:26","slug":"predavanje-trpimira-vedrisa-hrvati-franci-i-bizant-novi-pogled-na-pocetke-hrvatske-drzavnosti","status":"publish","type":"post","link":"https:\/\/historiografija.hr\/?p=50726","title":{"rendered":"Predavanje Trpimira Vedri\u0161a \u201cHrvati, Franci i Bizant: novi pogled na po\u010detke hrvatske dr\u017eavnosti\u201d"},"content":{"rendered":"\n<p>Predavanja i vodstva uz izlo\u017ebu \u201cU po\u010detku bija\u0161e Kraljevstvo \u2013 1100 godina Hrvatskoga kraljevstva\u201d<\/p>\n\n\n\n<p><strong>\u010cetvrtak, 8. 1. 2025. u 18:00 sati u Galeriji Klovi\u0107evi dvori<\/strong><\/p>\n\n\n\n<p>Predavanje \u0107e odr\u017eati prof. dr. sc. Trpimir Vedri\u0161<\/p>\n\n\n\n<hr class=\"wp-block-separator has-alpha-channel-opacity\"\/>\n\n\n\n<p>Polaze\u0107i od recentnih istra\u017eivanja unutar niza disciplina cilj je predavanja predstaviti obrise \u2018nove historiografske paradigme\u2019, odnosno tuma\u010denja najranije hrvatske povijesti: od pitanja doseljenja Hrvata, vremena i naravi njihova pokr\u0161tavanja do oblikovanja dr\u017eave. Umjesto izoliranog promatranja tih pojava, predavanje ih smje\u0161ta u \u0161iri politi\u010dki i kulturni kontekst osobito nagla\u0161avaju\u0107i klju\u010dnu ulogu kratkog razdoblja od nekoliko desetlje\u0107a koja su prethodila i slijedila sklapanje tzv. Aachenskog mira (812.). Naime, u tom se vremenu isprepli\u0107u tri va\u017ena povijesna procesa: \u0161irenje Frana\u010dke dr\u017eave, obnova Bizantskog carstva i reaktivacija papinstva. Ti su procesi doveli do \u2018razdiobe carske ba\u0161tine\u2019 na podru\u010dju nekada\u0161nje rimske pokrajine Dalmacije i time stvorili preduvjete za nastanak Hrvatske kne\u017eevine. Drugim rije\u010dima, oblikovanje Kne\u017eevine promatrano pod vidikom interferencije tih utjecaja, smje\u0161ta se u kontekst \u0161ire povijesti isto\u010dnog jadranskog prostora i njegova dublja zale\u0111a izme\u0111u kasnog 8. i druge polovice 9. st. Tuma\u010denje se oslanja na recentnu me\u0111unarodnu historiografiju o frana\u010dkoj nazo\u010dnosti u Italiji i prodoru na istok, obnovi bizantske administracije na Jadranu i obnovi papinskog interesa za podru\u010dje Ilirika s nakanom u\u010dvr\u0161\u0107ivanja jurisdikcije Rimske Crkve nad tim prostorom. Smje\u0161taju\u0107i rezultate niza hrvatskih stru\u010dnjaka u te \u0161ire me\u0111unarodne okvire, svrha je predavanja ocrtati okolnosti i povijesne okvire oblikovanja hrvatskog ranosrednjovjekovnog identiteta.<\/p>\n\n\n\n<p><strong>Trpimir Vedri\u0161<\/strong> izvanredni je profesor na Odsjeku za povijest Filozofskog fakulteta Sveu\u010dili\u0161ta u Zagrebu gdje dr\u017ei nastavu iz hrvatske povijesti srednjeg vijeka i povijest kr\u0161\u0107anstva. Zavr\u0161io je Klasi\u010dnu gimnaziju te diplomirao povijest i etnologiju na zagreba\u010dkom Filozofskom fakultetu. Studirao je filozofiju na Filozofskom fakultetu Dru\u017ebe Isusove i zavr\u0161io diplomski studij medievistike na Odsjeku za srednjovjekovne studije na Srednjoeuropskom Sveu\u010dili\u0161tu u Budimpe\u0161ti. Obranio je doktorat iz hrvatske povijesti na Filozofskom fakultetu u Zagrebu (2009) i doktorat iz srednjovjekovnih studija na Srednjoeuropskom Sveu\u010dili\u0161tu (2015). Istra\u017eiva\u010dki se uglavnom bavi hagiografijom i kultom svetaca, povije\u0161\u0107u kr\u0161\u0107anstva u kasnoj antici i srednjem vijeku te modernom recepcijom srednjovjekovlja. Autor je vi\u0161e radova i organizator niza skupova povezanih s temom predavanja. Me\u0111u ostalim, su-urednik je zbornika radova Imperial spheres and the Adriatic: Byzantium, the Carolingians and the Treaty of Aachen (812) (Routledge, 2017) i Migration, Integration and Connectivity on the Southeastern Frontier of the Carolingian Empire (Brill, 2018). Obje knjige problematiziraju politi\u010dke i kulturne procese koji su doveli do preoblikovanja isto\u010dne jadranske obale i njenog zale\u0111a po\u010detkom ranog srednjeg vijeka.<\/p>\n\n\n\n<hr class=\"wp-block-separator has-alpha-channel-opacity\"\/>\n\n\n\n<p>Izvor:<\/p>\n\n\n\n<figure class=\"wp-block-embed is-type-wp-embed is-provider-galerija-klovi-evi-dvori wp-block-embed-galerija-klovi-evi-dvori\"><div class=\"wp-block-embed__wrapper\">\n<blockquote class=\"wp-embedded-content\" data-secret=\"wGjoSFN0wx\"><a href=\"https:\/\/gkd.hr\/2026\/01\/02\/predavanje-prof-dr-sc-trpimira-vedrisa-hrvati-franci-i-bizant-novi-pogled-na-pocetke-hrvatske-drzavnosti\/\">Predavanje prof. dr. sc. Trpimira Vedri\u0161a &#8220;Hrvati, Franci i Bizant: novi pogled na po\u010detke hrvatske dr\u017eavnosti&#8221;<\/a><\/blockquote><iframe loading=\"lazy\" class=\"wp-embedded-content\" sandbox=\"allow-scripts\" security=\"restricted\" style=\"position: absolute; visibility: hidden;\" title=\"&#8220;Predavanje prof. dr. sc. Trpimira Vedri\u0161a &#8220;Hrvati, Franci i Bizant: novi pogled na po\u010detke hrvatske dr\u017eavnosti&#8221;&#8221; &#8212; Galerija Klovi\u0107evi dvori\" src=\"https:\/\/gkd.hr\/2026\/01\/02\/predavanje-prof-dr-sc-trpimira-vedrisa-hrvati-franci-i-bizant-novi-pogled-na-pocetke-hrvatske-drzavnosti\/embed\/#?secret=KfAv9ftyNr#?secret=wGjoSFN0wx\" data-secret=\"wGjoSFN0wx\" width=\"600\" height=\"338\" frameborder=\"0\" marginwidth=\"0\" marginheight=\"0\" scrolling=\"no\"><\/iframe>\n<\/div><\/figure>\n\n\n\n<hr class=\"wp-block-separator has-alpha-channel-opacity\"\/>\n\n\n\n<figure class=\"wp-block-embed is-type-wp-embed is-provider-historiografija-hr wp-block-embed-historiografija-hr\"><div class=\"wp-block-embed__wrapper\">\n<blockquote class=\"wp-embedded-content\" data-secret=\"3QfCIiK0Ly\"><a href=\"https:\/\/historiografija.hr\/?p=49612\">Predavanja i vodstva uz izlo\u017ebu \u201cU po\u010detku bija\u0161e Kraljevstvo \u2013 1100 godina Hrvatskoga kraljevstva\u201d<\/a><\/blockquote><iframe loading=\"lazy\" class=\"wp-embedded-content\" sandbox=\"allow-scripts\" security=\"restricted\" style=\"position: absolute; visibility: hidden;\" title=\"&#8220;Predavanja i vodstva uz izlo\u017ebu \u201cU po\u010detku bija\u0161e Kraljevstvo \u2013 1100 godina Hrvatskoga kraljevstva\u201d&#8221; &#8212; Historiografija.hr\" src=\"https:\/\/historiografija.hr\/?p=49612&#038;embed=true#?secret=ng6c9WoIKI#?secret=3QfCIiK0Ly\" data-secret=\"3QfCIiK0Ly\" width=\"600\" height=\"338\" frameborder=\"0\" marginwidth=\"0\" marginheight=\"0\" scrolling=\"no\"><\/iframe>\n<\/div><\/figure>\n\n\n\n<hr class=\"wp-block-separator has-alpha-channel-opacity\"\/>\n","protected":false},"excerpt":{"rendered":"","protected":false},"author":2,"featured_media":49726,"comment_status":"open","ping_status":"open","sticky":false,"template":"","format":"standard","meta":{"_acf_changed":false,"jetpack_post_was_ever_published":false,"_jetpack_newsletter_access":"","_jetpack_dont_email_post_to_subs":false,"_jetpack_newsletter_tier_id":0,"_jetpack_memberships_contains_paywalled_content":false,"_jetpack_memberships_contains_paid_content":false,"footnotes":"","jetpack_publicize_message":"","jetpack_publicize_feature_enabled":true,"jetpack_social_post_already_shared":true,"jetpack_social_options":{"image_generator_settings":{"template":"highway","default_image_id":0,"font":"","enabled":false},"version":2}},"categories":[3],"tags":[],"class_list":["post-50726","post","type-post","status-publish","format-standard","has-post-thumbnail","hentry","category-novosti"],"acf":{"facebook_opis":""},"jetpack_publicize_connections":[],"jetpack_featured_media_url":"https:\/\/i0.wp.com\/historiografija.hr\/wp-content\/uploads\/2025\/11\/Izlozba_predavanja.jpeg?fit=820%2C360&ssl=1","jetpack_sharing_enabled":true,"jetpack-related-posts":[],"_links":{"self":[{"href":"https:\/\/historiografija.hr\/index.php?rest_route=\/wp\/v2\/posts\/50726","targetHints":{"allow":["GET"]}}],"collection":[{"href":"https:\/\/historiografija.hr\/index.php?rest_route=\/wp\/v2\/posts"}],"about":[{"href":"https:\/\/historiografija.hr\/index.php?rest_route=\/wp\/v2\/types\/post"}],"author":[{"embeddable":true,"href":"https:\/\/historiografija.hr\/index.php?rest_route=\/wp\/v2\/users\/2"}],"replies":[{"embeddable":true,"href":"https:\/\/historiografija.hr\/index.php?rest_route=%2Fwp%2Fv2%2Fcomments&post=50726"}],"version-history":[{"count":1,"href":"https:\/\/historiografija.hr\/index.php?rest_route=\/wp\/v2\/posts\/50726\/revisions"}],"predecessor-version":[{"id":50727,"href":"https:\/\/historiografija.hr\/index.php?rest_route=\/wp\/v2\/posts\/50726\/revisions\/50727"}],"wp:featuredmedia":[{"embeddable":true,"href":"https:\/\/historiografija.hr\/index.php?rest_route=\/wp\/v2\/media\/49726"}],"wp:attachment":[{"href":"https:\/\/historiografija.hr\/index.php?rest_route=%2Fwp%2Fv2%2Fmedia&parent=50726"}],"wp:term":[{"taxonomy":"category","embeddable":true,"href":"https:\/\/historiografija.hr\/index.php?rest_route=%2Fwp%2Fv2%2Fcategories&post=50726"},{"taxonomy":"post_tag","embeddable":true,"href":"https:\/\/historiografija.hr\/index.php?rest_route=%2Fwp%2Fv2%2Ftags&post=50726"}],"curies":[{"name":"wp","href":"https:\/\/api.w.org\/{rel}","templated":true}]}}