{"id":50706,"date":"2026-01-05T10:32:32","date_gmt":"2026-01-05T10:32:32","guid":{"rendered":"https:\/\/historiografija.hr\/?p=50706"},"modified":"2026-01-05T19:46:11","modified_gmt":"2026-01-05T19:46:11","slug":"preminuo-poljski-povjesnicar-andrzej-paczkowski","status":"publish","type":"post","link":"https:\/\/historiografija.hr\/?p=50706","title":{"rendered":"Preminuo poljski povjesni\u010dar Andrzej Paczkowski"},"content":{"rendered":"\n<p>Dana 3. sije\u010dnja 2026. godine u dobi od 87 godina preminuo je istaknuti poljski povjesni\u010dar Andrzej Paczkowski \u010dija je knjiga <a href=\"https:\/\/srednja-europa.hr\/proizvod\/pola-stoljeca-povijesti-poljske-1939-1989\/\">Pola stolje\u0107a povijesti Poljske 1939.-1989. <\/a>dostupna i na hrvatskom jeziku.<\/p>\n\n\n\n<p>Andrzej Paczkowski ro\u0111en je 1938. godine. Diplomirao je povijest na Sveu\u010dili\u0161tu u Var\u0161avi 1960. godine, doktorirao je 1966, a habilitirao 1975. U po\u010decima svoje znanstvene karijere bavio se primarno povije\u0161\u0107u poljskog tiska, s fokusom na me\u0111uratno razdoblje. Radio je u Institutu istra\u017eivanja knji\u017eevnosti Poljske akademije znanosti (PAN), u Nacionalnoj knji\u017enici u Var\u0161avi, a u razdoblju 1980-1990. u Povijesnom institutu PAN. Tada je objavio brojne izvore vezane uz djelovanje sindikata Solidarnost te gra\u0111u Centralnog komiteta Poljske ujedinjene radni\u010dke partije. I sam je od 1980. bio aktivni \u010dlan Solidarnosti. Nakon uvo\u0111enja ratnog stanja pisao je za ilegalne \u010dasopise, a 1983. bio je suosniva\u010d Arhiva Solidarnosti. Bavio se i alpinizmom te je u razdoblju 1974-1995. obna\u0161ao du\u017enost predsjednika Poljskog alpinisti\u010dkog saveza.<\/p>\n\n\n\n<p>Od 1980-ih u fokusu znanstvenih interesa Andrzeja Paczkowskog bila je suvremena povijest Poljske, o \u010demu je objavio vi\u0161e knjiga, a me\u0111u njima ranije spomenutu <em>Pola stolje\u0107a povijesti Poljske<\/em> koja je 2001. do\u017eivjela svoje hrvatsko izdanje. U trenutku izlaska te knjige iz tiska istra\u017eivanja socijalisti\u010dkog razdoblja povijesti Hrvatske nisu bila jo\u0161 ni u povojima, pa je za hrvatsku stru\u010dnu javnost knjiga Paczkowskog predstavljala zasigurno i neku vrstu poticaja za novi pristup tom povijesnom razdoblju. Profesor Paczkowski boravio je po\u010detkom 2000-ih u Zagrebu, pa sam \u2013 kao prevoditeljica njegove knjige \u2013 imala i priliku osobno ga upoznati.<\/p>\n\n\n\n<p>Od 1990. godine Andrzej Paczkowski vezan je uz Institut za politi\u010dke studije PAN (IPS PAN), jedne od najzna\u010dajnijih institucija koja se bave sustavnim istra\u017eivanjima suvremene povijesti, a predavao je na Collegium Civitas. Boravio je na studijskim boravcima u inozemstvu, bio \u010dlan uredni\u0161tva brojnih stranih \u010dasopisa te suautor <em>Crne knjige komunizma<\/em>. Godine 1999. bio je me\u0111u osniva\u010dima, a kasnije \u010dlan nadzornih tijela Instituta nacionalne memorije (IPN) te predsjednik Vije\u0107a IPN do 2016. godine, kada je to tijelo ukinuto novim zakonom o IPN-u. Nakon toga otvoreno je kritizirao politiku povijesti vladaju\u0107e stranke Pravo i pravda (PiS) i na\u010din djelovanja IPN-a.<\/p>\n\n\n\n<p>Pored istra\u017eivanja povijesti socijalisti\u010dkog razdoblja, upravo je doprinos Andrzeja Paczkowskog analizi politik\u00e2 povijesti i kulture sje\u0107anja posredno dostupan hrvatskim \u010ditateljima. Pripremaju\u0107i knjigu <a href=\"https:\/\/historiografija.hr\/wp-content\/uploads\/2026\/01\/Zla_proslost.pdf\" data-type=\"attachment\" data-id=\"50729\">Zla pro\u0161lost. Suo\u010davanje s pro\u0161lo\u0161\u0107u koja optere\u0107uje<\/a> \u2013 uz ljubazni pristanak profesora Paczkowskog i uprave IPS PAN \u2013 koristila sam i tekstove iz dviju knjiga koje je on priredio.<\/p>\n\n\n\n<p><em>Magdalena Najbar-Agi\u010di\u0107<\/em><\/p>\n\n\n\n<hr class=\"wp-block-separator has-alpha-channel-opacity\"\/>\n\n\n\n<p>Vidi i:<\/p>\n\n\n\n<p>Tvrtko Jakovina, \u201eTo nije bio moj komunizam iako je bila moja pro\u0161lost \u2013 razgovor s poljskim povjesni\u010darem Andrzejom Paczkowskim\u201c, <em>\u010casopis za suvremenu povijest<\/em>, 35 (2), 2003), str. 625-632. <a href=\"https:\/\/hrcak.srce.hr\/index.php\/101951\">https:\/\/hrcak.srce.hr\/index.php\/101951<\/a><\/p>\n\n\n\n<p>Tomislav Ani\u0107, \u201eAndrzej PACZKOWSKI, <em>Pola stolje\u0107a Poljske:1939-1989<\/em>. Profil, Srednja Europa, Zagreb 2001., 511 str.\u201c, <em>\u010casopis za suvremenu povijest<\/em>, 34(2), 2003, str. 540-546. <a href=\"https:\/\/hrcak.srce.hr\/209017\">https:\/\/hrcak.srce.hr\/209017<\/a> <\/p>\n\n\n\n<p>Nada Kisi\u0107-Kolanovi\u0107, \u201eStephane COURTOIS, Nicolas WERTH, Jean-Louis PANNEE, Andrzej PACZKOWSKI, Karei BARTO\u0160EK, Jean-Louis MARGOLIN, Crna knjiga komunizma. Politi\u010dka kultura, Golden marketing, Zagreb, 1999. str. 724\u201c, <em>\u010casopis za suvremenu povijest<\/em>, 31(3), 1999, str. 645-649. <a href=\"https:\/\/hrcak.srce.hr\/clanak\/310406\">https:\/\/hrcak.srce.hr\/clanak\/310406<\/a> <\/p>\n\n\n\n<hr class=\"wp-block-separator has-alpha-channel-opacity\"\/>\n\n\n\n<p>Napomena:<\/p>\n\n\n\n<p>Fotografija preuzeta sa stranica Instituta za politi\u010dke studije PAN <a href=\"https:\/\/isppan.waw.pl\/\" target=\"_blank\" rel=\"noreferrer noopener\">https:\/\/isppan.waw.pl\/<\/a>.<\/p>\n\n\n\n<hr class=\"wp-block-separator has-alpha-channel-opacity\"\/>\n","protected":false},"excerpt":{"rendered":"","protected":false},"author":2,"featured_media":50710,"comment_status":"open","ping_status":"open","sticky":false,"template":"","format":"standard","meta":{"_acf_changed":false,"jetpack_post_was_ever_published":false,"_jetpack_newsletter_access":"","_jetpack_dont_email_post_to_subs":false,"_jetpack_newsletter_tier_id":0,"_jetpack_memberships_contains_paywalled_content":false,"_jetpack_memberships_contains_paid_content":false,"footnotes":"","jetpack_publicize_message":"","jetpack_publicize_feature_enabled":true,"jetpack_social_post_already_shared":true,"jetpack_social_options":{"image_generator_settings":{"template":"highway","default_image_id":0,"font":"","enabled":false},"version":2}},"categories":[3,20],"tags":[],"class_list":["post-50706","post","type-post","status-publish","format-standard","has-post-thumbnail","hentry","category-novosti","category-obavijesti-o-smrti-i-nekrolozi"],"acf":{"facebook_opis":""},"jetpack_publicize_connections":[],"jetpack_featured_media_url":"https:\/\/i0.wp.com\/historiografija.hr\/wp-content\/uploads\/2026\/01\/prof_A_Paczkowski.jpg?fit=550%2C285&ssl=1","jetpack_sharing_enabled":true,"jetpack-related-posts":[],"_links":{"self":[{"href":"https:\/\/historiografija.hr\/index.php?rest_route=\/wp\/v2\/posts\/50706","targetHints":{"allow":["GET"]}}],"collection":[{"href":"https:\/\/historiografija.hr\/index.php?rest_route=\/wp\/v2\/posts"}],"about":[{"href":"https:\/\/historiografija.hr\/index.php?rest_route=\/wp\/v2\/types\/post"}],"author":[{"embeddable":true,"href":"https:\/\/historiografija.hr\/index.php?rest_route=\/wp\/v2\/users\/2"}],"replies":[{"embeddable":true,"href":"https:\/\/historiografija.hr\/index.php?rest_route=%2Fwp%2Fv2%2Fcomments&post=50706"}],"version-history":[{"count":5,"href":"https:\/\/historiografija.hr\/index.php?rest_route=\/wp\/v2\/posts\/50706\/revisions"}],"predecessor-version":[{"id":50735,"href":"https:\/\/historiografija.hr\/index.php?rest_route=\/wp\/v2\/posts\/50706\/revisions\/50735"}],"wp:featuredmedia":[{"embeddable":true,"href":"https:\/\/historiografija.hr\/index.php?rest_route=\/wp\/v2\/media\/50710"}],"wp:attachment":[{"href":"https:\/\/historiografija.hr\/index.php?rest_route=%2Fwp%2Fv2%2Fmedia&parent=50706"}],"wp:term":[{"taxonomy":"category","embeddable":true,"href":"https:\/\/historiografija.hr\/index.php?rest_route=%2Fwp%2Fv2%2Fcategories&post=50706"},{"taxonomy":"post_tag","embeddable":true,"href":"https:\/\/historiografija.hr\/index.php?rest_route=%2Fwp%2Fv2%2Ftags&post=50706"}],"curies":[{"name":"wp","href":"https:\/\/api.w.org\/{rel}","templated":true}]}}