{"id":50696,"date":"2026-01-02T16:59:22","date_gmt":"2026-01-02T16:59:22","guid":{"rendered":"https:\/\/historiografija.hr\/?p=50696"},"modified":"2026-01-02T17:00:44","modified_gmt":"2026-01-02T17:00:44","slug":"bozena-vranjes-soljan-akademik-niksa-stancic-zivot-i-djelo","status":"publish","type":"post","link":"https:\/\/historiografija.hr\/?p=50696","title":{"rendered":"Bo\u017eena Vranje\u0161-\u0160oljan, &#8220;Akademik Nik\u0161a Stan\u010di\u0107 &#8211; \u017eivot i djelo&#8221;"},"content":{"rendered":"\n<p>U nastavku donosimo tekst Bo\u017eene Vranje\u0161-\u0160oljan &#8220;Akademik Nik\u0161a Stan\u010di\u0107 &#8211; \u017eivot i djelo&#8221;, objavljen kao uvodni dio knjige: Nik\u0161a Stan\u010di\u0107 <em>Izabrani radovi<\/em> (Pisci hrvatske povijesti, knj. 2, Srednja Europa, Zagreb 2022), u kojem je objavljena biografija i bibliografija Nik\u0161e Stan\u010di\u0107a. Tekst Bo\u017eene Vranje\u0161-\u0160oljan izvorno je objavljen u knjizi <em>Zbornik Nik\u0161e Stan\u010di\u0107a<\/em> (ur. Iskra Ivelji\u0107), Filozofski fakultet Sveu\u010dili\u0161ta u Zagrebu, Odsjek za povijest \u2013 FF press, Zagreb 2011.<\/p>\n\n\n\n<hr class=\"wp-block-separator has-alpha-channel-opacity\"\/>\n\n\n\n<div data-wp-interactive=\"core\/file\" class=\"wp-block-file\"><object data-wp-bind--hidden=\"!state.hasPdfPreview\" hidden class=\"wp-block-file__embed\" data=\"https:\/\/historiografija.hr\/wp-content\/uploads\/2026\/01\/Niksa_Stancic_Izabrani_radovi_9-40.pdf\" type=\"application\/pdf\" style=\"width:100%;height:600px\" aria-label=\"Ugra\u0111eno Nik\u0161a_Stan\u010di\u0107_Izabrani_radovi_9-40.\"><\/object><a id=\"wp-block-file--media-2333b565-9d0b-4365-916c-5ebd8180d198\" href=\"https:\/\/historiografija.hr\/wp-content\/uploads\/2026\/01\/Niksa_Stancic_Izabrani_radovi_9-40.pdf\">Nik\u0161a_Stan\u010di\u0107_Izabrani_radovi_9-40<\/a><a href=\"https:\/\/historiografija.hr\/wp-content\/uploads\/2026\/01\/Niksa_Stancic_Izabrani_radovi_9-40.pdf\" class=\"wp-block-file__button wp-element-button\" download aria-describedby=\"wp-block-file--media-2333b565-9d0b-4365-916c-5ebd8180d198\">Preuzmi<\/a><\/div>\n\n\n\n<hr class=\"wp-block-separator has-alpha-channel-opacity\"\/>\n","protected":false},"excerpt":{"rendered":"","protected":false},"author":2,"featured_media":31914,"comment_status":"open","ping_status":"open","sticky":false,"template":"","format":"standard","meta":{"_acf_changed":false,"jetpack_post_was_ever_published":false,"_jetpack_newsletter_access":"","_jetpack_dont_email_post_to_subs":false,"_jetpack_newsletter_tier_id":0,"_jetpack_memberships_contains_paywalled_content":false,"_jetpack_memberships_contains_paid_content":false,"footnotes":"","jetpack_publicize_message":"","jetpack_publicize_feature_enabled":true,"jetpack_social_post_already_shared":true,"jetpack_social_options":{"image_generator_settings":{"template":"highway","default_image_id":0,"font":"","enabled":false},"version":2}},"categories":[3,20],"tags":[],"class_list":["post-50696","post","type-post","status-publish","format-standard","has-post-thumbnail","hentry","category-novosti","category-obavijesti-o-smrti-i-nekrolozi"],"acf":{"facebook_opis":""},"jetpack_publicize_connections":[],"jetpack_featured_media_url":"https:\/\/i0.wp.com\/historiografija.hr\/wp-content\/uploads\/2022\/06\/Niksa-Stancic.jpg?fit=555%2C385&ssl=1","jetpack_sharing_enabled":true,"jetpack-related-posts":[],"_links":{"self":[{"href":"https:\/\/historiografija.hr\/index.php?rest_route=\/wp\/v2\/posts\/50696","targetHints":{"allow":["GET"]}}],"collection":[{"href":"https:\/\/historiografija.hr\/index.php?rest_route=\/wp\/v2\/posts"}],"about":[{"href":"https:\/\/historiografija.hr\/index.php?rest_route=\/wp\/v2\/types\/post"}],"author":[{"embeddable":true,"href":"https:\/\/historiografija.hr\/index.php?rest_route=\/wp\/v2\/users\/2"}],"replies":[{"embeddable":true,"href":"https:\/\/historiografija.hr\/index.php?rest_route=%2Fwp%2Fv2%2Fcomments&post=50696"}],"version-history":[{"count":3,"href":"https:\/\/historiografija.hr\/index.php?rest_route=\/wp\/v2\/posts\/50696\/revisions"}],"predecessor-version":[{"id":50700,"href":"https:\/\/historiografija.hr\/index.php?rest_route=\/wp\/v2\/posts\/50696\/revisions\/50700"}],"wp:featuredmedia":[{"embeddable":true,"href":"https:\/\/historiografija.hr\/index.php?rest_route=\/wp\/v2\/media\/31914"}],"wp:attachment":[{"href":"https:\/\/historiografija.hr\/index.php?rest_route=%2Fwp%2Fv2%2Fmedia&parent=50696"}],"wp:term":[{"taxonomy":"category","embeddable":true,"href":"https:\/\/historiografija.hr\/index.php?rest_route=%2Fwp%2Fv2%2Fcategories&post=50696"},{"taxonomy":"post_tag","embeddable":true,"href":"https:\/\/historiografija.hr\/index.php?rest_route=%2Fwp%2Fv2%2Ftags&post=50696"}],"curies":[{"name":"wp","href":"https:\/\/api.w.org\/{rel}","templated":true}]}}