{"id":50688,"date":"2026-01-02T12:15:44","date_gmt":"2026-01-02T12:15:44","guid":{"rendered":"https:\/\/historiografija.hr\/?p=50688"},"modified":"2026-01-07T14:45:47","modified_gmt":"2026-01-07T14:45:47","slug":"preminuo-povjesnicar-niksa-stancic","status":"publish","type":"post","link":"https:\/\/historiografija.hr\/?p=50688","title":{"rendered":"Preminuo povjesni\u010dar Nik\u0161a Stan\u010di\u0107"},"content":{"rendered":"\n<p>Dana 2. sije\u010dnja 2026. u 88. godini preminuo je akademik Nik\u0161a Stan\u010di\u0107 (1938-2026), umirovljeni profesor Odsjeka za povijest Filozofskog fakulteta u Zagrebu. Sprovod \u0107e biti u petak, 9. sije\u010dnja 2026. u 11.55h s ispra\u0107ajnog trga na Mirogoju, a misa zadu\u0161nica u subotu, 10. sije\u010dnja 2026. u 8h u crkvi Majke Bo\u017eje Lurdske, ulaz iz Ulice kralja Zvonimira.<\/p>\n\n\n\n<hr class=\"wp-block-separator has-alpha-channel-opacity\"\/>\n\n\n\n<p><strong>Op\u0161irnije o Nik\u0161i Stan\u010di\u0107u:<\/strong><\/p>\n\n\n\n<figure class=\"wp-block-embed is-type-wp-embed is-provider-hazu wp-block-embed-hazu\"><div class=\"wp-block-embed__wrapper\">\n<blockquote class=\"wp-embedded-content\" data-secret=\"buz6uA2Fkt\"><a href=\"https:\/\/www.info.hazu.hr\/clanovi\/stancic-niksa\/\">Stan\u010di\u0107 Nik\u0161a<\/a><\/blockquote><iframe loading=\"lazy\" class=\"wp-embedded-content\" sandbox=\"allow-scripts\" security=\"restricted\" style=\"position: absolute; visibility: hidden;\" title=\"&#8220;Stan\u010di\u0107 Nik\u0161a&#8221; &#8212; HAZU\" src=\"https:\/\/www.info.hazu.hr\/clanovi\/stancic-niksa\/embed\/#?secret=buz6uA2Fkt\" data-secret=\"buz6uA2Fkt\" width=\"600\" height=\"338\" frameborder=\"0\" marginwidth=\"0\" marginheight=\"0\" scrolling=\"no\"><\/iframe>\n<\/div><\/figure>\n\n\n\n<p><a href=\"https:\/\/enciklopedija.hr\/clanak\/stancic-niksa\">https:\/\/enciklopedija.hr\/clanak\/stancic-niksa<\/a><\/p>\n\n\n\n<figure class=\"wp-block-embed is-type-wp-embed is-provider-proleksis-enciklopedija wp-block-embed-proleksis-enciklopedija\"><div class=\"wp-block-embed__wrapper\">\n<blockquote class=\"wp-embedded-content\" data-secret=\"KH7A8XUcD6\"><a href=\"https:\/\/proleksis.lzmk.hr\/2221\/\">Stan\u010di\u0107, Nik\u0161a<\/a><\/blockquote><iframe loading=\"lazy\" class=\"wp-embedded-content\" sandbox=\"allow-scripts\" security=\"restricted\" style=\"position: absolute; visibility: hidden;\" title=\"&#8220;Stan\u010di\u0107, Nik\u0161a&#8221; &#8212; Proleksis enciklopedija\" src=\"https:\/\/proleksis.lzmk.hr\/2221\/embed\/#?secret=KH7A8XUcD6\" data-secret=\"KH7A8XUcD6\" width=\"600\" height=\"338\" frameborder=\"0\" marginwidth=\"0\" marginheight=\"0\" scrolling=\"no\"><\/iframe>\n<\/div><\/figure>\n\n\n\n<p><a href=\"https:\/\/srednja-europa.hr\/proizvod\/pisci-hrvatske-povijesti-niksa-stancic-izabrani-radovi\">https:\/\/srednja-europa.hr\/proizvod\/pisci-hrvatske-povijesti-niksa-stancic-izabrani-radovi<\/a><\/p>\n\n\n\n<p><a href=\"https:\/\/hrcak.srce.hr\/336395\">https:\/\/hrcak.srce.hr\/336395<\/a><\/p>\n\n\n\n<hr class=\"wp-block-separator has-alpha-channel-opacity\"\/>\n\n\n\n<p><strong>Obavijesti o smrti, sje\u0107anja i tekstovi:<\/strong><\/p>\n\n\n\n<figure class=\"wp-block-embed is-type-wp-embed is-provider-hazu wp-block-embed-hazu\"><div class=\"wp-block-embed__wrapper\">\n<blockquote class=\"wp-embedded-content\" data-secret=\"eZbFE3AgAj\"><a href=\"https:\/\/www.info.hazu.hr\/2026\/01\/umro-akademik-niksa-stancic\/\">Umro akademik Nik\u0161a Stan\u010di\u0107<\/a><\/blockquote><iframe loading=\"lazy\" class=\"wp-embedded-content\" sandbox=\"allow-scripts\" security=\"restricted\" style=\"position: absolute; visibility: hidden;\" title=\"&#8220;Umro akademik Nik\u0161a Stan\u010di\u0107&#8221; &#8212; HAZU\" src=\"https:\/\/www.info.hazu.hr\/2026\/01\/umro-akademik-niksa-stancic\/embed\/#?secret=eZbFE3AgAj\" data-secret=\"eZbFE3AgAj\" width=\"600\" height=\"338\" frameborder=\"0\" marginwidth=\"0\" marginheight=\"0\" scrolling=\"no\"><\/iframe>\n<\/div><\/figure>\n\n\n\n<figure class=\"wp-block-embed is-type-wp-embed is-provider-filozofski-fakultet-sveu-ili-ta-u-zagrebu wp-block-embed-filozofski-fakultet-sveu-ili-ta-u-zagrebu\"><div class=\"wp-block-embed__wrapper\">\n<blockquote class=\"wp-embedded-content\" data-secret=\"w4fW7sfMoB\"><a href=\"https:\/\/web2020.ffzg.unizg.hr\/blog\/2026\/01\/07\/preminuo-akademik-niksa-stancic\/\">Preminuo akademik Nik\u0161a Stan\u010di\u0107<\/a><\/blockquote><iframe loading=\"lazy\" class=\"wp-embedded-content\" sandbox=\"allow-scripts\" security=\"restricted\" style=\"position: absolute; visibility: hidden;\" title=\"&#8220;Preminuo akademik Nik\u0161a Stan\u010di\u0107&#8221; &#8212; Filozofski fakultet Sveu\u010dili\u0161ta u Zagrebu\" src=\"https:\/\/web2020.ffzg.unizg.hr\/blog\/2026\/01\/07\/preminuo-akademik-niksa-stancic\/embed\/#?secret=w4fW7sfMoB\" data-secret=\"w4fW7sfMoB\" width=\"600\" height=\"338\" frameborder=\"0\" marginwidth=\"0\" marginheight=\"0\" scrolling=\"no\"><\/iframe>\n<\/div><\/figure>\n\n\n\n<p><a href=\"https:\/\/historiografija.ba\/historija-u-javnosti\/dogadjaji\/umro-je-profesor-niksa-stancic\">https:\/\/historiografija.ba\/historija-u-javnosti\/dogadjaji\/umro-je-profesor-niksa-stancic<\/a><\/p>\n\n\n\n<p><a href=\"https:\/\/www.telegram.hr\/komentari\/akademik-niksa-stancic-jedan-od-najvecih-hrvatskih-povjesnicara-autenticno-je-zivio-sve-nase-suprotnosti\">https:\/\/www.telegram.hr\/komentari\/akademik-niksa-stancic-jedan-od-najvecih-hrvatskih-povjesnicara-autenticno-je-zivio-sve-nase-suprotnosti<\/a><\/p>\n\n\n\n<figure class=\"wp-block-embed is-type-wp-embed is-provider-historiografija-hr wp-block-embed-historiografija-hr\"><div class=\"wp-block-embed__wrapper\">\n<blockquote class=\"wp-embedded-content\" data-secret=\"SJK3boVXxE\"><a href=\"https:\/\/historiografija.hr\/?p=50696\">Bo\u017eena Vranje\u0161-\u0160oljan, &#8220;Akademik Nik\u0161a Stan\u010di\u0107 &#8211; \u017eivot i djelo&#8221;<\/a><\/blockquote><iframe loading=\"lazy\" class=\"wp-embedded-content\" sandbox=\"allow-scripts\" security=\"restricted\" style=\"position: absolute; visibility: hidden;\" title=\"&#8220;Bo\u017eena Vranje\u0161-\u0160oljan, &#8220;Akademik Nik\u0161a Stan\u010di\u0107 &#8211; \u017eivot i djelo&#8221;&#8221; &#8212; Historiografija.hr\" src=\"https:\/\/historiografija.hr\/?p=50696&#038;embed=true#?secret=Zn0r4z9L9n#?secret=SJK3boVXxE\" data-secret=\"SJK3boVXxE\" width=\"600\" height=\"338\" frameborder=\"0\" marginwidth=\"0\" marginheight=\"0\" scrolling=\"no\"><\/iframe>\n<\/div><\/figure>\n\n\n\n<hr class=\"wp-block-separator has-alpha-channel-opacity\"\/>\n\n\n\n<p><strong>Iz medija:<\/strong><\/p>\n\n\n\n<p><a href=\"https:\/\/vijesti.hrt.hr\/hrvatska\/umro-akademik-niksa-stancic-12502524\">https:\/\/vijesti.hrt.hr\/hrvatska\/umro-akademik-niksa-stancic-12502524<\/a><\/p>\n\n\n\n<p><a href=\"https:\/\/www.vecernji.hr\/kultura\/preminuo-hrvatski-povjesnicar-akademik-i-redoviti-clan-hazu-a-niksa-stancic-1921150\">https:\/\/www.vecernji.hr\/kultura\/preminuo-hrvatski-povjesnicar-akademik-i-redoviti-clan-hazu-a-niksa-stancic-1921150<\/a><\/p>\n\n\n\n<p><a href=\"https:\/\/www.jutarnji.hr\/life\/znanost\/niksa-stancic-hrvatska-povijest-akademik-hazu-15658403\">https:\/\/www.jutarnji.hr\/life\/znanost\/niksa-stancic-hrvatska-povijest-akademik-hazu-15658403<\/a><\/p>\n\n\n\n<p><a href=\"https:\/\/n1info.hr\/crna-kronika\/preminuo-akademik-zasluzan-za-povijesni-hrvatski-grb\">https:\/\/n1info.hr\/crna-kronika\/preminuo-akademik-zasluzan-za-povijesni-hrvatski-grb<\/a><\/p>\n\n\n\n<p><a href=\"https:\/\/www.telegram.hr\/vijesti\/umro-niksa-stancic-akademik-koji-je-tudmanu-90-donio-crtez-novog-grba-rekao-je-neka-prvo-polje-bude-crveno\">https:\/\/www.telegram.hr\/vijesti\/umro-niksa-stancic-akademik-koji-je-tudmanu-90-donio-crtez-novog-grba-rekao-je-neka-prvo-polje-bude-crveno<\/a><\/p>\n\n\n\n<figure class=\"wp-block-embed is-type-wp-embed is-provider-novi-list wp-block-embed-novi-list\"><div class=\"wp-block-embed__wrapper\">\nhttps:\/\/www.novilist.hr\/novosti\/preminuo-akademik-povjesnicar-niksa-stancic\/\n<\/div><\/figure>\n\n\n\n<p><a href=\"https:\/\/slobodnadalmacija.hr\/split-i-zupanija\/otoci\/otok-hvar-tuguje-umro-je-omiljeni-akademik-povjesnicar-koji-je-predavao-u-zagrebu-splitu-1528565\">https:\/\/slobodnadalmacija.hr\/split-i-zupanija\/otoci\/otok-hvar-tuguje-umro-je-omiljeni-akademik-povjesnicar-koji-je-predavao-u-zagrebu-splitu-1528565<\/a><\/p>\n\n\n\n<p><a href=\"https:\/\/www.tportal.hr\/kultura\/clanak\/preminuo-akademik-niksa-stancic-odigrao-je-kljucnu-ulogu-u-definiranju-modernog-hrvatskog-grba-20260102\">https:\/\/www.tportal.hr\/kultura\/clanak\/preminuo-akademik-niksa-stancic-odigrao-je-kljucnu-ulogu-u-definiranju-modernog-hrvatskog-grba-20260102<\/a><\/p>\n\n\n\n<p><a href=\"https:\/\/dnevnik.hr\/vijesti\/hrvatska\/umro-je-niksa-stancic-ugledni-akademik-i-povjesnicar---955307.html\">https:\/\/dnevnik.hr\/vijesti\/hrvatska\/umro-je-niksa-stancic-ugledni-akademik-i-povjesnicar&#8212;955307.html<\/a><\/p>\n\n\n\n<p><a href=\"https:\/\/www.hina.hr\/vijest\/12152783\">https:\/\/www.hina.hr\/vijest\/12152783<\/a><\/p>\n\n\n\n<hr class=\"wp-block-separator has-alpha-channel-opacity\"\/>\n\n\n\n<p><strong>Dodatni prilozi:<\/strong><\/p>\n\n\n\n<hr class=\"wp-block-separator has-alpha-channel-opacity\"\/>\n\n\n\n<p><strong>Nik\u0161a Stan\u010di\u0107 \u2013 Kako sam postao povjesni\u010dar<\/strong><\/p>\n\n\n\n<figure class=\"wp-block-embed is-type-wp-embed is-provider-historiografija-hr wp-block-embed-historiografija-hr\"><div class=\"wp-block-embed__wrapper\">\n<blockquote class=\"wp-embedded-content\" data-secret=\"ZQrea19Ib0\"><a href=\"https:\/\/historiografija.hr\/?p=1965\">Nik\u0161a Stan\u010di\u0107 &#8211; Kako sam postao povjesni\u010dar<\/a><\/blockquote><iframe loading=\"lazy\" class=\"wp-embedded-content\" sandbox=\"allow-scripts\" security=\"restricted\" style=\"position: absolute; visibility: hidden;\" title=\"&#8220;Nik\u0161a Stan\u010di\u0107 &#8211; Kako sam postao povjesni\u010dar&#8221; &#8212; Historiografija.hr\" src=\"https:\/\/historiografija.hr\/?p=1965&#038;embed=true#?secret=R64YgIA0pT#?secret=ZQrea19Ib0\" data-secret=\"ZQrea19Ib0\" width=\"600\" height=\"338\" frameborder=\"0\" marginwidth=\"0\" marginheight=\"0\" scrolling=\"no\"><\/iframe>\n<\/div><\/figure>\n\n\n\n<p><a href=\"https:\/\/hrcak.srce.hr\/103102\">https:\/\/hrcak.srce.hr\/103102<\/a><\/p>\n\n\n\n<hr class=\"wp-block-separator has-alpha-channel-opacity\"\/>\n\n\n\n<p><strong>Prikaz <em>Zbornika Nik\u0161e Stan\u010di\u0107a <\/em>na portalu Historiografija.hr<em>:<\/em><\/strong><\/p>\n\n\n\n<figure class=\"wp-block-embed is-type-wp-embed is-provider-historiografija-hr wp-block-embed-historiografija-hr\"><div class=\"wp-block-embed__wrapper\">\n<blockquote class=\"wp-embedded-content\" data-secret=\"JWhzDso6Vd\"><a href=\"https:\/\/historiografija.hr\/?p=1964\">Boris Bla\u017eina &#8211; Zbornik Nik\u0161e Stan\u010di\u0107a (ur. Iskra Ivelji\u0107), Filozofski fakultet Sveu\u010dili\u0161ta u Zagrebu, Odsjek za povijest \u2013 FF press, Zagreb 2011.<\/a><\/blockquote><iframe loading=\"lazy\" class=\"wp-embedded-content\" sandbox=\"allow-scripts\" security=\"restricted\" style=\"position: absolute; visibility: hidden;\" title=\"&#8220;Boris Bla\u017eina &#8211; Zbornik Nik\u0161e Stan\u010di\u0107a (ur. Iskra Ivelji\u0107), Filozofski fakultet Sveu\u010dili\u0161ta u Zagrebu, Odsjek za povijest \u2013 FF press, Zagreb 2011.&#8221; &#8212; Historiografija.hr\" src=\"https:\/\/historiografija.hr\/?p=1964&#038;embed=true#?secret=UYCZ2bOHzI#?secret=JWhzDso6Vd\" data-secret=\"JWhzDso6Vd\" width=\"600\" height=\"338\" frameborder=\"0\" marginwidth=\"0\" marginheight=\"0\" scrolling=\"no\"><\/iframe>\n<\/div><\/figure>\n\n\n\n<hr class=\"wp-block-separator has-alpha-channel-opacity\"\/>\n","protected":false},"excerpt":{"rendered":"","protected":false},"author":2,"featured_media":50689,"comment_status":"open","ping_status":"open","sticky":false,"template":"","format":"standard","meta":{"_acf_changed":false,"jetpack_post_was_ever_published":false,"_jetpack_newsletter_access":"","_jetpack_dont_email_post_to_subs":false,"_jetpack_newsletter_tier_id":0,"_jetpack_memberships_contains_paywalled_content":false,"_jetpack_memberships_contains_paid_content":false,"footnotes":"","jetpack_publicize_message":"","jetpack_publicize_feature_enabled":true,"jetpack_social_post_already_shared":true,"jetpack_social_options":{"image_generator_settings":{"template":"highway","default_image_id":0,"font":"","enabled":false},"version":2}},"categories":[3,20],"tags":[],"class_list":["post-50688","post","type-post","status-publish","format-standard","has-post-thumbnail","hentry","category-novosti","category-obavijesti-o-smrti-i-nekrolozi"],"acf":{"facebook_opis":""},"jetpack_publicize_connections":[],"jetpack_featured_media_url":"https:\/\/i0.wp.com\/historiografija.hr\/wp-content\/uploads\/2026\/01\/Niksa_Stancic.jpg?fit=350%2C378&ssl=1","jetpack_sharing_enabled":true,"jetpack-related-posts":[],"_links":{"self":[{"href":"https:\/\/historiografija.hr\/index.php?rest_route=\/wp\/v2\/posts\/50688","targetHints":{"allow":["GET"]}}],"collection":[{"href":"https:\/\/historiografija.hr\/index.php?rest_route=\/wp\/v2\/posts"}],"about":[{"href":"https:\/\/historiografija.hr\/index.php?rest_route=\/wp\/v2\/types\/post"}],"author":[{"embeddable":true,"href":"https:\/\/historiografija.hr\/index.php?rest_route=\/wp\/v2\/users\/2"}],"replies":[{"embeddable":true,"href":"https:\/\/historiografija.hr\/index.php?rest_route=%2Fwp%2Fv2%2Fcomments&post=50688"}],"version-history":[{"count":7,"href":"https:\/\/historiografija.hr\/index.php?rest_route=\/wp\/v2\/posts\/50688\/revisions"}],"predecessor-version":[{"id":50797,"href":"https:\/\/historiografija.hr\/index.php?rest_route=\/wp\/v2\/posts\/50688\/revisions\/50797"}],"wp:featuredmedia":[{"embeddable":true,"href":"https:\/\/historiografija.hr\/index.php?rest_route=\/wp\/v2\/media\/50689"}],"wp:attachment":[{"href":"https:\/\/historiografija.hr\/index.php?rest_route=%2Fwp%2Fv2%2Fmedia&parent=50688"}],"wp:term":[{"taxonomy":"category","embeddable":true,"href":"https:\/\/historiografija.hr\/index.php?rest_route=%2Fwp%2Fv2%2Fcategories&post=50688"},{"taxonomy":"post_tag","embeddable":true,"href":"https:\/\/historiografija.hr\/index.php?rest_route=%2Fwp%2Fv2%2Ftags&post=50688"}],"curies":[{"name":"wp","href":"https:\/\/api.w.org\/{rel}","templated":true}]}}