{"id":50681,"date":"2026-01-02T11:36:21","date_gmt":"2026-01-02T11:36:21","guid":{"rendered":"https:\/\/historiografija.hr\/?p=50681"},"modified":"2026-01-02T11:37:41","modified_gmt":"2026-01-02T11:37:41","slug":"izlozba-arheologija-i-popularna-kultura","status":"publish","type":"post","link":"https:\/\/historiografija.hr\/?p=50681","title":{"rendered":"Izlo\u017eba \u201eArheologija i popularna kultura\u201c"},"content":{"rendered":"\n<p><strong>3. 10. 2025. &#8211; 1. 2. 2026.<\/strong><\/p>\n\n\n\n<p><strong>Arheolo\u0161ki muzej u Zagrebu, 1. Kat<\/strong><\/p>\n\n\n\n<p><strong>Sve\u010dano otvorenje izlo\u017ebe odr\u017eano je u \u010detvrtak, 2. 10. 2025. u 19 sati u Arheolo\u0161kom muzeju u Zagrebu<\/strong><\/p>\n\n\n\n<p>Multimedijalna izlo\u017eba koja \u0107e vam pru\u017eiti jedinstveno iskustvo koje spaja znanost, ba\u0161tinu i kreativni svijet zabave.<\/p>\n\n\n\n<p>Do\u017eivite pro\u0161lost na nov i neo\u010dekivan na\u010din \u2013 kroz o\u010di popularne kulture koja nas sve povezuje.<\/p>\n\n\n\n<p>Izlo\u017eba <strong>Arheologija i popularna kultura<\/strong> prikazat \u0107e vam kako je arheologija utjecala na razli\u010dite medije te kako je prikazivana kroz razli\u010dite medije \/ likovnu umjetnost, knji\u017eevnost, kazali\u0161te, film, strip, glazbu, igra\u010dke, razli\u010dite vrste dru\u0161tvenih igara i gaming industriju.<\/p>\n\n\n\n<p>Na izlo\u017ebi <strong>Arheologija i popularna kultura<\/strong> vidjet \u0107ete tako\u0111er razli\u010dite poglede umjetnika i njihova fascinacija i ponekad \u010dak i opsjednutost arheologijom i arheolo\u0161kim nalazi\u0161tima od 15.-16. stolje\u0107a, pa do recentnih prikaza arheologije i arheologa kroz popularnu kulturu dana\u0161njice.<\/p>\n\n\n\n<p>Razli\u010diti mediji utje\u010du na javni pogled na arheologiju od samih po\u010detaka bavljenja arheologijom i sakupljanjem gra\u0111e s arheolo\u0161kih nalazi\u0161ta. Popularni mediji pak utje\u010du na javno vi\u0111enje arheologije vi\u0161e od jednog stolje\u0107a. Prije nastanka digitalnih masovnih medija, popularna kultura u odnosu na arheologiju temeljila se na izvje\u0161tajima putnika i drugim tiskanim medijima. U moderno doba, filmovi, televizijske emisije, tiskani mediji i video igrice slu\u017eili su da arheologiju dovedu do masa. Nesvjesno, ti oblici medija \u010desto krivo predstavljaju metodolo\u0161ke i teorijske temelje polja u korist avanture i glamura. Rudnici kralja Solomona , Indiana Jones, Lara Croft: Tomb Raider i serija Stargate SG-1 samo su neki od primjera koliko su pogledi na arheologiju prikazani u masovnim medijima. Ovi filmovi arheologe prikazuju na romanti\u010dan i avanturisti\u010dki na\u010din, koji \u010desto zasjenjuje znanstvene ciljeve i praksu \u201eprave\u201c arheologije.<\/p>\n\n\n\n<p>Ova percepcija, zapravo, svjedo\u010di o dru\u0161tvenoj ulozi arheologije u razli\u010ditim vremenskim razdobljima i promjenjivim o\u010dekivanjima javnosti od arheologije \u0161to se najbolje vidi ba\u0161 u popularnoj kulturi i medijskim izvje\u0161tavanjima.<\/p>\n\n\n\n<p>Arheologija je ugra\u0111ena u popularnu kulturu na mnogo na\u010dina, uklju\u010duju\u0107i ali svakako ne ograni\u010davaju\u0107i se na filmove, televiziju, medije, ogla\u0161avanje, fikciju, publicistiku, dokumentarni film, glazbu, stripove, igrice i igra\u010dke. Popularna kultura promi\u010de i koristi stereotipe o arheologiji i pretpovijesnoj pro\u0161losti.<\/p>\n\n\n\n<p>Impresum<\/p>\n\n\n\n<p>Organizator: Arheolo\u0161ki muzej u Zagrebu<\/p>\n\n\n\n<p>Autori izlo\u017ebe: Jacqueline Balen, Daniel Rafaeli\u0107<\/p>\n\n\n\n<p>Kustosica izlo\u017ebe: Ema Kosnica<\/p>\n\n\n\n<p>Grafi\u010dko oblikovanje i postav izlo\u017ebe: \u0160esni\u0107&amp;Turkovi\u0107 \/ Marko \u0160esni\u0107, Goran Turkovi\u0107, Andrea \u0160umberac, Maja Dragani\u0107<\/p>\n\n\n\n<p>Stru\u010dni suradnici: Simon Bogojevi\u0107 Narath, Lada Bo\u0161njak Velagi\u0107, Marijana Dragi\u010devi\u0107, Ivan Drni\u0107, Tibor \u0110ur\u0111ev, Ivor Jankovi\u0107, Tomislav Ki\u0161, Ema Kosnica, Juraj Kuko\u010d, Jurica Kuni\u0107, Marina Mili\u0107evi\u0107 Brada\u010d, Irena Paulus, Ante Paro, Ana Pavlovi\u0107, Ivan Radman-Livaja, Zorica Ru\u017ei\u0107 Nemet, Porin \u0160\u0107ukanec Rezni\u010dek, Nikola Vukosavljevi\u0107, Milana Vukovi\u0107 Runji\u0107, Zrinka Znidar\u010di\u0107<\/p>\n\n\n\n<p>Lektura hrvatskog jezika: Mario \u0160avori\u0107<\/p>\n\n\n\n<p>Prijevod na engleski: Agnes Milovan Solter<\/p>\n\n\n\n<p>Tehni\u010dka izvedba izlo\u017ebe: Ivan Troha, Zlatko Ros, Tin Toma\u0161kovi\u0107, Franjo \u0160imunkovi\u0107, Robert Vazdar<\/p>\n\n\n\n<p>Izrada skulptura ruku: ARMARION<\/p>\n\n\n\n<p>Edukativni program: Zorica Ru\u017ei\u0107 Nemet, Porin \u0160\u0107ukanec Rezni\u010dek<\/p>\n\n\n\n<p>Marketing i odnosi s javno\u0161\u0107u: Davorka Mara\u010di\u0107, Ema Kosnica<\/p>\n\n\n\n<p>Gra\u0111u za izlo\u017ebu ustupili su: Alamy, Arheolo\u0161ki muzej u Zagrebu, band KEOPS, British Museum, Dr\u017eavni arhiv u Splitu, Gliptoteka HAZU, Hrvatska kinoteka, Hrvatski dr\u017eavni arhiv, Hrvatsko narodno kazali\u0161te u Splitu, Hrvatsko narodno kazali\u0161te u Zagrebu, Knji\u017enica HAZU, Nacionalna sveu\u010dili\u0161na knji\u017enica, Nacionalni muzej moderne umjetnosti, Odsjek za povijest hrvatskog kazali\u0161ta HAZU, Rijksmuseum, Universiteitsbibliotheek Gent \u2013 Universiteit Gent privatne osobe: i privatne osobe: Jacqueline Balen, Goran Bilogrivi\u0107, Lana Bunjevac, Jelena Boras, Martina \u010celhar, Ivan Drni\u0107, Filip Frankovi\u0107, Kristina Hodak, Ivor Jankovi\u0107, Iva Kai\u0107, Ana Kokotovi\u0107, Emil Podrug, Boris Ple\u0161a, Daniel Rafaeli\u0107, Zlatan Stilinovi\u0107, Petar Te\u0161ija, Lino Ursi\u0107, Filip Vara\u017edinec, Lia Vidas<\/p>\n\n\n\n<p>Gra\u0111u za izlo\u017ebu donirala je Naklada Fibra d. o. o.<\/p>\n\n\n\n<p>Zahvale Vanji Budi\u0161\u0107aku, Ivi Cvitan, Ani \u0110uki\u0107, Rolandu Heideu, Anti Livaji\u0107u, Muzeju Mimara, Muzeju suvremene umjetnosti, Andriji Nemetu, Martini Petranovi\u0107, Tamari Runjak, akademiku Borisu Senkeru, Ani Solter, Jeleni \u0160ari\u0107, Andrei \u0160imuni\u0107, Ingi Vilogorac Br\u010di\u0107 i svim posuditeljima gra\u0111e.<\/p>\n\n\n\n<p>Financijska potpora: Grad Zagreb, Gradski ured za kulturu i civilno dru\u0161vo, Ministarstvo kulture i medija Republike Hrvatske, Turisti\u010dka zajednica Grada Zagreba, Arheolo\u0161ki muzej u Zagrebu<\/p>\n\n\n\n<hr class=\"wp-block-separator has-alpha-channel-opacity\"\/>\n\n\n\n<p>Izvor:<\/p>\n\n\n\n<p><a href=\"https:\/\/www.amz.hr\/hr\/izlozbe\/izlozba-arheologija-i-popularna-kultura-u-arheoloskom-muzeju-u-zagrebu\">https:\/\/www.amz.hr\/hr\/izlozbe\/izlozba-arheologija-i-popularna-kultura-u-arheoloskom-muzeju-u-zagrebu<\/a><\/p>\n\n\n\n<hr class=\"wp-block-separator has-alpha-channel-opacity\"\/>\n","protected":false},"excerpt":{"rendered":"","protected":false},"author":2,"featured_media":50682,"comment_status":"open","ping_status":"open","sticky":false,"template":"","format":"standard","meta":{"_acf_changed":false,"jetpack_post_was_ever_published":false,"_jetpack_newsletter_access":"","_jetpack_dont_email_post_to_subs":false,"_jetpack_newsletter_tier_id":0,"_jetpack_memberships_contains_paywalled_content":false,"_jetpack_memberships_contains_paid_content":false,"footnotes":"","jetpack_publicize_message":"","jetpack_publicize_feature_enabled":true,"jetpack_social_post_already_shared":true,"jetpack_social_options":{"image_generator_settings":{"template":"highway","default_image_id":0,"font":"","enabled":false},"version":2}},"categories":[10,3],"tags":[],"class_list":["post-50681","post","type-post","status-publish","format-standard","has-post-thumbnail","hentry","category-izlozbe","category-novosti"],"acf":{"facebook_opis":""},"jetpack_publicize_connections":[],"jetpack_featured_media_url":"https:\/\/i0.wp.com\/historiografija.hr\/wp-content\/uploads\/2026\/01\/Muzej-kultura.jpg?fit=250%2C444&ssl=1","jetpack_sharing_enabled":true,"jetpack-related-posts":[{"id":52505,"url":"https:\/\/historiografija.hr\/?p=52505","url_meta":{"origin":50681,"position":0},"title":"Izlo\u017eba &#8220;Eschenstock \/ Jasenov prut&#8221;","author":"Branimir Jankovi\u0107","date":"17. travnja 2026.","format":false,"excerpt":"Srpsko narodno vije\u0107e (SNV) i Vizura aperta postavljaju izlo\u017ebu \u0161vicarskog slikara Velimira Ili\u0161evi\u0107a: Eschenstock \/ Jasenov prut. Izlo\u017eba se uz prisustvo autora otvara povodom 81. godi\u0161njice proboja logora\u0161a iz usta\u0161kog logora smrti Jasenovac 22. aprila 2026. u 19 sati u Srpskom kulturnom centru (SKC) u Preradovi\u0107evoj ulici 21 u Zagrebu.\u2026","rel":"","context":"U &quot;Izlo\u017ebe&quot;","block_context":{"text":"Izlo\u017ebe","link":"https:\/\/historiografija.hr\/?cat=10"},"img":{"alt_text":"","src":"https:\/\/i0.wp.com\/historiografija.hr\/wp-content\/uploads\/2026\/04\/Jasenov_prut.jpg?fit=1024%2C640&ssl=1&resize=350%2C200","width":350,"height":200,"srcset":"https:\/\/i0.wp.com\/historiografija.hr\/wp-content\/uploads\/2026\/04\/Jasenov_prut.jpg?fit=1024%2C640&ssl=1&resize=350%2C200 1x, https:\/\/i0.wp.com\/historiografija.hr\/wp-content\/uploads\/2026\/04\/Jasenov_prut.jpg?fit=1024%2C640&ssl=1&resize=525%2C300 1.5x, https:\/\/i0.wp.com\/historiografija.hr\/wp-content\/uploads\/2026\/04\/Jasenov_prut.jpg?fit=1024%2C640&ssl=1&resize=700%2C400 2x"},"classes":[]},{"id":52575,"url":"https:\/\/historiografija.hr\/?p=52575","url_meta":{"origin":50681,"position":1},"title":"Izlo\u017eba dje\u010djih radova \u201cU po\u010detku bija\u0161e crte\u017e\u2026\u201d","author":"Branimir Jankovi\u0107","date":"21. travnja 2026.","format":false,"excerpt":"U subotu, 25. travnja 2026. u 11 sati u Galeriji Klovi\u0107evi dvori sve\u010dano otvaramo izlo\u017ebu dje\u010djih radova pod nazivom U po\u010detku bija\u0161e crte\u017e\u2026 Radovi su nastali u sklopu likovnih radionica uz izlo\u017ebu U po\u010detku bija\u0161e kraljevstvo \u2013 izlo\u017eba povodom 1100 godina Hrvatskoga Kraljevstva. Na brojnim likovnim radionicama, uz \u0161kolsku djecu,\u2026","rel":"","context":"U &quot;Izlo\u017ebe&quot;","block_context":{"text":"Izlo\u017ebe","link":"https:\/\/historiografija.hr\/?cat=10"},"img":{"alt_text":"","src":"https:\/\/i0.wp.com\/historiografija.hr\/wp-content\/uploads\/2025\/10\/Klovicevi_sluzbeni-plakat.png?fit=840%2C1200&ssl=1&resize=350%2C200","width":350,"height":200,"srcset":"https:\/\/i0.wp.com\/historiografija.hr\/wp-content\/uploads\/2025\/10\/Klovicevi_sluzbeni-plakat.png?fit=840%2C1200&ssl=1&resize=350%2C200 1x, https:\/\/i0.wp.com\/historiografija.hr\/wp-content\/uploads\/2025\/10\/Klovicevi_sluzbeni-plakat.png?fit=840%2C1200&ssl=1&resize=525%2C300 1.5x, https:\/\/i0.wp.com\/historiografija.hr\/wp-content\/uploads\/2025\/10\/Klovicevi_sluzbeni-plakat.png?fit=840%2C1200&ssl=1&resize=700%2C400 2x"},"classes":[]},{"id":52511,"url":"https:\/\/historiografija.hr\/?p=52511","url_meta":{"origin":50681,"position":2},"title":"Izlo\u017eba &#8220;Lica Sljemena&#8221;","author":"Branimir Jankovi\u0107","date":"17. travnja 2026.","format":false,"excerpt":"Srda\u010dno vas pozivamo na otvorenje izlo\u017ebe Lica Sljemena koje \u0107e se odr\u017eati u srijedu 22. travnja 2026. u 18 h ispred Muzeja Prigorja (Trg Dragutina Domjani\u0107a 5, Sesvete). Izlo\u017eba proizlazi iz istra\u017eivanja Nevene \u0160krbi\u0107 Alempijevi\u0107, Petre Kelemen i Sanje Potkonjak te intervjua sa Sljemena\u0161icama i Sljemena\u0161ima, koji su provedeni u\u2026","rel":"","context":"U &quot;Izlo\u017ebe&quot;","block_context":{"text":"Izlo\u017ebe","link":"https:\/\/historiografija.hr\/?cat=10"},"img":{"alt_text":"","src":"https:\/\/i0.wp.com\/historiografija.hr\/wp-content\/uploads\/2026\/04\/Izlozba-Lica-Sljemena.png?fit=1080%2C686&ssl=1&resize=350%2C200","width":350,"height":200,"srcset":"https:\/\/i0.wp.com\/historiografija.hr\/wp-content\/uploads\/2026\/04\/Izlozba-Lica-Sljemena.png?fit=1080%2C686&ssl=1&resize=350%2C200 1x, https:\/\/i0.wp.com\/historiografija.hr\/wp-content\/uploads\/2026\/04\/Izlozba-Lica-Sljemena.png?fit=1080%2C686&ssl=1&resize=525%2C300 1.5x, https:\/\/i0.wp.com\/historiografija.hr\/wp-content\/uploads\/2026\/04\/Izlozba-Lica-Sljemena.png?fit=1080%2C686&ssl=1&resize=700%2C400 2x, https:\/\/i0.wp.com\/historiografija.hr\/wp-content\/uploads\/2026\/04\/Izlozba-Lica-Sljemena.png?fit=1080%2C686&ssl=1&resize=1050%2C600 3x"},"classes":[]},{"id":52666,"url":"https:\/\/historiografija.hr\/?p=52666","url_meta":{"origin":50681,"position":3},"title":"Najava programa Festivala povijesti Kliofest (5-8. V. 2026)","author":"Branimir Jankovi\u0107","date":"24. travnja 2026.","format":false,"excerpt":"Po trinaesti put odr\u017eava se Festival povijesti Kliofest! Do petka \u0107emo odr\u017eati osam okruglih stolova i dva kolokvija te niz predstavljanja knjiga i projekata razli\u010dite tematike, od antike do suvremenosti. Bit \u0107e predstavljeno i nekoliko izlo\u017ebi te odr\u017ean jedan povijesni kviz. Prikazat \u0107emo i jedan film \u2013 o generalu Boroevi\u0107u.\u2026","rel":"","context":"U &quot;Novosti&quot;","block_context":{"text":"Novosti","link":"https:\/\/historiografija.hr\/?cat=3"},"img":{"alt_text":"","src":"https:\/\/i0.wp.com\/historiografija.hr\/wp-content\/uploads\/2026\/04\/Kliofest-2026.jpg?fit=526%2C526&ssl=1&resize=350%2C200","width":350,"height":200,"srcset":"https:\/\/i0.wp.com\/historiografija.hr\/wp-content\/uploads\/2026\/04\/Kliofest-2026.jpg?fit=526%2C526&ssl=1&resize=350%2C200 1x, https:\/\/i0.wp.com\/historiografija.hr\/wp-content\/uploads\/2026\/04\/Kliofest-2026.jpg?fit=526%2C526&ssl=1&resize=525%2C300 1.5x"},"classes":[]},{"id":52619,"url":"https:\/\/historiografija.hr\/?p=52619","url_meta":{"origin":50681,"position":4},"title":"Predavanje \u0110ur\u0111ice Vitkovi\u0107 &#8220;Izme\u0111u pera i objektiva: Zagorka i Foto Tonka&#8221;","author":"Branimir Jankovi\u0107","date":"23. travnja 2026.","format":false,"excerpt":"Memorijalni stan Marije Juri\u0107 Zagorke poziva Vas na predavanje \u0110ur\u0111ice Vitkovi\u0107 \u201eIzme\u0111u pera i objektiva: Zagorka i Foto Tonka\u201c koje \u0107e se odr\u017eati u utorak, 28. travnja 2026. s po\u010detkom u 18 h u sklopu Ciklusa predavanja u Memorijalnom stanu Marije Juri\u0107 Zagorke. Kako su se susrele knji\u017eevnost i fotografija\u2026","rel":"","context":"U &quot;Novosti&quot;","block_context":{"text":"Novosti","link":"https:\/\/historiografija.hr\/?cat=3"},"img":{"alt_text":"","src":"https:\/\/i0.wp.com\/historiografija.hr\/wp-content\/uploads\/2024\/11\/Zagorka_ciklus.jpg?fit=1200%2C1006&ssl=1&resize=350%2C200","width":350,"height":200,"srcset":"https:\/\/i0.wp.com\/historiografija.hr\/wp-content\/uploads\/2024\/11\/Zagorka_ciklus.jpg?fit=1200%2C1006&ssl=1&resize=350%2C200 1x, https:\/\/i0.wp.com\/historiografija.hr\/wp-content\/uploads\/2024\/11\/Zagorka_ciklus.jpg?fit=1200%2C1006&ssl=1&resize=525%2C300 1.5x, https:\/\/i0.wp.com\/historiografija.hr\/wp-content\/uploads\/2024\/11\/Zagorka_ciklus.jpg?fit=1200%2C1006&ssl=1&resize=700%2C400 2x, https:\/\/i0.wp.com\/historiografija.hr\/wp-content\/uploads\/2024\/11\/Zagorka_ciklus.jpg?fit=1200%2C1006&ssl=1&resize=1050%2C600 3x"},"classes":[]},{"id":52573,"url":"https:\/\/historiografija.hr\/?p=52573","url_meta":{"origin":50681,"position":5},"title":"Znanstvena konferencija &#8220;Filozofija odgoja: povijest, praksa, perspektive&#8221;","author":"Branimir Jankovi\u0107","date":"21. travnja 2026.","format":false,"excerpt":"Znanstvena konferencija \"Filozofija odgoja: povijest, praksa, perspektive\" odr\u017eat \u0107e se 23. i 24. travnja 2026. u Konferencijskoj dvorani Knji\u017enice Filozofskog fakulteta u Zagrebu (2. kat).\u00a0Konferencija je organizirana u okviru projekta\u00a0SUMKOS (voditeljica prof. dr. sc. Ivana Zagorac, financiran\u00a0sredstvima NextGenerationEU), uz potporu Odsjeka za filozofiju.\u00a0 Uz izlaga\u010dki dio, konferencija obuhva\u0107a i izlo\u017ebu\u2026","rel":"","context":"U &quot;Novosti&quot;","block_context":{"text":"Novosti","link":"https:\/\/historiografija.hr\/?cat=3"},"img":{"alt_text":"","src":"","width":0,"height":0},"classes":[]}],"_links":{"self":[{"href":"https:\/\/historiografija.hr\/index.php?rest_route=\/wp\/v2\/posts\/50681","targetHints":{"allow":["GET"]}}],"collection":[{"href":"https:\/\/historiografija.hr\/index.php?rest_route=\/wp\/v2\/posts"}],"about":[{"href":"https:\/\/historiografija.hr\/index.php?rest_route=\/wp\/v2\/types\/post"}],"author":[{"embeddable":true,"href":"https:\/\/historiografija.hr\/index.php?rest_route=\/wp\/v2\/users\/2"}],"replies":[{"embeddable":true,"href":"https:\/\/historiografija.hr\/index.php?rest_route=%2Fwp%2Fv2%2Fcomments&post=50681"}],"version-history":[{"count":2,"href":"https:\/\/historiografija.hr\/index.php?rest_route=\/wp\/v2\/posts\/50681\/revisions"}],"predecessor-version":[{"id":50684,"href":"https:\/\/historiografija.hr\/index.php?rest_route=\/wp\/v2\/posts\/50681\/revisions\/50684"}],"wp:featuredmedia":[{"embeddable":true,"href":"https:\/\/historiografija.hr\/index.php?rest_route=\/wp\/v2\/media\/50682"}],"wp:attachment":[{"href":"https:\/\/historiografija.hr\/index.php?rest_route=%2Fwp%2Fv2%2Fmedia&parent=50681"}],"wp:term":[{"taxonomy":"category","embeddable":true,"href":"https:\/\/historiografija.hr\/index.php?rest_route=%2Fwp%2Fv2%2Fcategories&post=50681"},{"taxonomy":"post_tag","embeddable":true,"href":"https:\/\/historiografija.hr\/index.php?rest_route=%2Fwp%2Fv2%2Ftags&post=50681"}],"curies":[{"name":"wp","href":"https:\/\/api.w.org\/{rel}","templated":true}]}}