{"id":50664,"date":"2026-01-01T23:55:00","date_gmt":"2026-01-01T23:55:00","guid":{"rendered":"https:\/\/historiografija.hr\/?p=50664"},"modified":"2026-01-02T16:10:29","modified_gmt":"2026-01-02T16:10:29","slug":"portal-historiografija-hr-u-novoj-2026-godini","status":"publish","type":"post","link":"https:\/\/historiografija.hr\/?p=50664","title":{"rendered":"Portal Historiografija.hr u novoj 2026. godini"},"content":{"rendered":"\n<p>Portal <strong>Historiografija.hr<\/strong> \u017eeli svim autorima, suradnicima i \u010ditateljima <strong>sretnu <\/strong>i uspje\u0161nu <strong>2026.<\/strong> godinu, uz <strong>zahvalu<\/strong> na dosada\u0161njem pra\u0107enju, slanju obavijesti i pisanju tekstova.<\/p>\n\n\n\n<p>Nastavit \u0107emo i dalje prenositi \u0161to vi\u0161e obavijesti o <strong>hrvatskoj historiografiji<\/strong> u svom njezinom <strong>pluralitetu<\/strong>, neovisno o uredni\u010dkim preferencijama i komentarima, otvaraju\u0107i prostor za polemiku i dijalog, na\u010delno otvoren svima zainteresiranima. <\/p>\n\n\n\n<p>Namjera nam je i dalje pratiti \u0161to se doga\u0111a ne samo u historiografiji nego i u <strong>drugim disciplinama<\/strong>, te u <strong>kulturi i dru\u0161tvu<\/strong> op\u0107enito, kako na lokalnoj, nacionalnoj i <strong>regionalnoj<\/strong>, tako i na transnacionalnoj i <strong>globalnoj<\/strong> razini.<\/p>\n\n\n\n<p>Vrijedi istaknuti da \u0107emo i u<strong> 2026. godini<\/strong> imati, u odre\u0111enoj mjeri, <strong>institucionalnu financijsku podr\u0161ku<\/strong>. Na osnovu toga, planiramo uklju\u010diti dodatne suradnike u pisanju autorskih tekstova i polemika, kao i svakodnevnih obavijesti (posebno studente, doktorande i mla\u0111e autorice i autore). Isto tako, namjeravamo kona\u010dno otvoriti <strong>Instagram<\/strong> profil, pokrenuti <strong>newsletter<\/strong>, a mo\u017eda i <strong>podcast<\/strong>. Slobodno nam se javite s va\u0161im prijedlozima i idejama s tim u vezi.<\/p>\n\n\n\n<p>Budu\u0107i da \u0107e 2026. godine biti <strong>deset godina<\/strong> kako je <strong>urednik<\/strong> portala <strong>Historiografija.hr<\/strong> Branimir Jankovi\u0107, vjerujemo da \u0107e biti zanimljivo pratiti i je li to pravi trenutak za <strong>promjene<\/strong> i na tom planu.<\/p>\n\n\n\n<p>U svakom slu\u010daju, \u010deka nas <strong>zanimljiva godina <\/strong>na portalu Historiografija.hr!<\/p>\n\n\n\n<hr class=\"wp-block-separator has-alpha-channel-opacity\"\/>\n\n\n\n<p>Prethodne obavijesti:<\/p>\n\n\n\n<figure class=\"wp-block-embed is-type-wp-embed is-provider-historiografija-hr wp-block-embed-historiografija-hr\"><div class=\"wp-block-embed__wrapper\">\n<blockquote class=\"wp-embedded-content\" data-secret=\"DWJCkCknN0\"><a href=\"https:\/\/historiografija.hr\/?p=44161\">Nova godina 2025: \u017eelje i planovi<\/a><\/blockquote><iframe loading=\"lazy\" class=\"wp-embedded-content\" sandbox=\"allow-scripts\" security=\"restricted\" style=\"position: absolute; visibility: hidden;\" title=\"&#8220;Nova godina 2025: \u017eelje i planovi&#8221; &#8212; Historiografija.hr\" src=\"https:\/\/historiografija.hr\/?p=44161&#038;embed=true#?secret=Heka0ZzdGP#?secret=DWJCkCknN0\" data-secret=\"DWJCkCknN0\" width=\"600\" height=\"338\" frameborder=\"0\" marginwidth=\"0\" marginheight=\"0\" scrolling=\"no\"><\/iframe>\n<\/div><\/figure>\n","protected":false},"excerpt":{"rendered":"","protected":false},"author":2,"featured_media":50665,"comment_status":"open","ping_status":"open","sticky":false,"template":"","format":"standard","meta":{"_acf_changed":false,"jetpack_post_was_ever_published":false,"_jetpack_newsletter_access":"","_jetpack_dont_email_post_to_subs":false,"_jetpack_newsletter_tier_id":0,"_jetpack_memberships_contains_paywalled_content":false,"_jetpack_memberships_contains_paid_content":false,"footnotes":"","jetpack_publicize_message":"","jetpack_publicize_feature_enabled":true,"jetpack_social_post_already_shared":true,"jetpack_social_options":{"image_generator_settings":{"template":"highway","default_image_id":0,"font":"","enabled":false},"version":2}},"categories":[3],"tags":[],"class_list":["post-50664","post","type-post","status-publish","format-standard","has-post-thumbnail","hentry","category-novosti"],"acf":{"facebook_opis":""},"jetpack_publicize_connections":[],"jetpack_featured_media_url":"https:\/\/i0.wp.com\/historiografija.hr\/wp-content\/uploads\/2026\/01\/Historiografija-hr-naslovnica.webp?fit=860%2C280&ssl=1","jetpack_sharing_enabled":true,"jetpack-related-posts":[],"_links":{"self":[{"href":"https:\/\/historiografija.hr\/index.php?rest_route=\/wp\/v2\/posts\/50664","targetHints":{"allow":["GET"]}}],"collection":[{"href":"https:\/\/historiografija.hr\/index.php?rest_route=\/wp\/v2\/posts"}],"about":[{"href":"https:\/\/historiografija.hr\/index.php?rest_route=\/wp\/v2\/types\/post"}],"author":[{"embeddable":true,"href":"https:\/\/historiografija.hr\/index.php?rest_route=\/wp\/v2\/users\/2"}],"replies":[{"embeddable":true,"href":"https:\/\/historiografija.hr\/index.php?rest_route=%2Fwp%2Fv2%2Fcomments&post=50664"}],"version-history":[{"count":4,"href":"https:\/\/historiografija.hr\/index.php?rest_route=\/wp\/v2\/posts\/50664\/revisions"}],"predecessor-version":[{"id":50691,"href":"https:\/\/historiografija.hr\/index.php?rest_route=\/wp\/v2\/posts\/50664\/revisions\/50691"}],"wp:featuredmedia":[{"embeddable":true,"href":"https:\/\/historiografija.hr\/index.php?rest_route=\/wp\/v2\/media\/50665"}],"wp:attachment":[{"href":"https:\/\/historiografija.hr\/index.php?rest_route=%2Fwp%2Fv2%2Fmedia&parent=50664"}],"wp:term":[{"taxonomy":"category","embeddable":true,"href":"https:\/\/historiografija.hr\/index.php?rest_route=%2Fwp%2Fv2%2Fcategories&post=50664"},{"taxonomy":"post_tag","embeddable":true,"href":"https:\/\/historiografija.hr\/index.php?rest_route=%2Fwp%2Fv2%2Ftags&post=50664"}],"curies":[{"name":"wp","href":"https:\/\/api.w.org\/{rel}","templated":true}]}}