{"id":50650,"date":"2026-01-01T22:27:37","date_gmt":"2026-01-01T22:27:37","guid":{"rendered":"https:\/\/historiografija.hr\/?p=50650"},"modified":"2026-01-01T22:27:37","modified_gmt":"2026-01-01T22:27:37","slug":"matthias-middell-hg-french-globalization-projects","status":"publish","type":"post","link":"https:\/\/historiografija.hr\/?p=50650","title":{"rendered":"Matthias Middell (Hg.), \u201eFrench Globalization Projects\u201c"},"content":{"rendered":"\n<p>Globalisierung ist kein anonymer Prozess, der hinter dem R\u00fccken der Akteure stattfindet. Dieser Band betrachtet die Bem\u00fchungen in Frankreich und seinem weitgespannten Empire seit dem 16. Jahrhundert, den jeweils relevanten Teil der Welt so zu erschlie\u00dfen und zu ordnen, wie es den jeweiligen Interessen entsprach. Diese Perspektive \u00f6ffnet einen neuen Blick auf die franz\u00f6sische Geschichte und ihre vielf\u00e4ltigen globalen Verflechtungen. Das franz\u00f6sische Globalisierungsprojekt stand immer in Konkurrenz zu anderen und rang um Deutungshoheit und Machtanteile. Es konnte sich nie vollst\u00e4ndig durchsetzen, wurde aber immer wieder an neue Bedingungen angepasst. Dies l\u00e4sst sich in der Wirtschafts- und Technologiegeschichte ebenso wie in der politischen und Kolonialgeschichte sowie der Kultur- und Ideengeschichte beobachten. Das Handbuch bietet ein umfassendes Panorama zu einem der langfristigsten Globalisierungsprojekte der modernen Geschichte. Es fasst Forschungen zusammen, die in den letzten Jahren in verschiedenen L\u00e4ndern neu initiiert worden sind.<\/p>\n\n\n\n<hr class=\"wp-block-separator has-alpha-channel-opacity\"\/>\n\n\n\n<p>Sprache: Englisch<\/p>\n\n\n\n<p>589 Seiten, gebunden<\/p>\n\n\n\n<p>ISBN: 978-3-525-30217-0<\/p>\n\n\n\n<p>Vandenhoeck &amp; Ruprecht, 1. Auflage 2025, 2024<\/p>\n\n\n\n<hr class=\"wp-block-separator has-alpha-channel-opacity\"\/>\n\n\n\n<p>Handbooks of Globalization Projects&nbsp; &#8211; Band 001<\/p>\n\n\n\n<hr class=\"wp-block-separator has-alpha-channel-opacity\"\/>\n\n\n\n<p><strong>Open Access<\/strong><\/p>\n\n\n\n<p><a href=\"https:\/\/www.vandenhoeck-ruprecht-verlage.com\/themen-entdecken\/geschichte\/transnationaleglobalgeschichte\/59323\/french-globalization-projects\">https:\/\/www.vandenhoeck-ruprecht-verlage.com\/themen-entdecken\/geschichte\/transnationaleglobalgeschichte\/59323\/french-globalization-projects<\/a><\/p>\n\n\n\n<hr class=\"wp-block-separator has-alpha-channel-opacity\"\/>\n\n\n\n<p><\/p>\n","protected":false},"excerpt":{"rendered":"","protected":false},"author":2,"featured_media":50651,"comment_status":"open","ping_status":"open","sticky":false,"template":"","format":"standard","meta":{"_acf_changed":false,"jetpack_post_was_ever_published":false,"_jetpack_newsletter_access":"","_jetpack_dont_email_post_to_subs":false,"_jetpack_newsletter_tier_id":0,"_jetpack_memberships_contains_paywalled_content":false,"_jetpack_memberships_contains_paid_content":false,"footnotes":"","jetpack_publicize_message":"","jetpack_publicize_feature_enabled":true,"jetpack_social_post_already_shared":true,"jetpack_social_options":{"image_generator_settings":{"template":"highway","default_image_id":0,"font":"","enabled":false},"version":2}},"categories":[19,8,3],"tags":[],"class_list":["post-50650","post","type-post","status-publish","format-standard","has-post-thumbnail","hentry","category-e-knjige","category-knjige","category-novosti"],"acf":{"facebook_opis":""},"jetpack_publicize_connections":[],"jetpack_featured_media_url":"https:\/\/i0.wp.com\/historiografija.hr\/wp-content\/uploads\/2026\/01\/Middell.jpg?fit=800%2C1200&ssl=1","jetpack_sharing_enabled":true,"jetpack-related-posts":[],"_links":{"self":[{"href":"https:\/\/historiografija.hr\/index.php?rest_route=\/wp\/v2\/posts\/50650","targetHints":{"allow":["GET"]}}],"collection":[{"href":"https:\/\/historiografija.hr\/index.php?rest_route=\/wp\/v2\/posts"}],"about":[{"href":"https:\/\/historiografija.hr\/index.php?rest_route=\/wp\/v2\/types\/post"}],"author":[{"embeddable":true,"href":"https:\/\/historiografija.hr\/index.php?rest_route=\/wp\/v2\/users\/2"}],"replies":[{"embeddable":true,"href":"https:\/\/historiografija.hr\/index.php?rest_route=%2Fwp%2Fv2%2Fcomments&post=50650"}],"version-history":[{"count":1,"href":"https:\/\/historiografija.hr\/index.php?rest_route=\/wp\/v2\/posts\/50650\/revisions"}],"predecessor-version":[{"id":50652,"href":"https:\/\/historiografija.hr\/index.php?rest_route=\/wp\/v2\/posts\/50650\/revisions\/50652"}],"wp:featuredmedia":[{"embeddable":true,"href":"https:\/\/historiografija.hr\/index.php?rest_route=\/wp\/v2\/media\/50651"}],"wp:attachment":[{"href":"https:\/\/historiografija.hr\/index.php?rest_route=%2Fwp%2Fv2%2Fmedia&parent=50650"}],"wp:term":[{"taxonomy":"category","embeddable":true,"href":"https:\/\/historiografija.hr\/index.php?rest_route=%2Fwp%2Fv2%2Fcategories&post=50650"},{"taxonomy":"post_tag","embeddable":true,"href":"https:\/\/historiografija.hr\/index.php?rest_route=%2Fwp%2Fv2%2Ftags&post=50650"}],"curies":[{"name":"wp","href":"https:\/\/api.w.org\/{rel}","templated":true}]}}