{"id":50641,"date":"2026-01-01T22:09:53","date_gmt":"2026-01-01T22:09:53","guid":{"rendered":"https:\/\/historiografija.hr\/?p=50641"},"modified":"2026-01-01T22:12:31","modified_gmt":"2026-01-01T22:12:31","slug":"sven-lindqvist-iskoreniti-svu-bagru-putovanje-u-srce-tame-i-na-izvore-evropskog-genocida","status":"publish","type":"post","link":"https:\/\/historiografija.hr\/?p=50641","title":{"rendered":"Sven Lindqvist, \u201eISKORENITI SVU BAGRU: Putovanje u srce tame i na izvore evropskog genocida\u201c"},"content":{"rendered":"\n<p><em>Iskoreniti svu bagru<\/em> istovremeno je esej o poreklu evropske ideje i prakse genocida, ali i putopis. Putuju\u0107i kroz Saharu, Sven Lindkvist osve\u0161\u0107uje istoriju evropskog osvajanja Afrike prepli\u0107u\u0107i svoje ponekad i lirske bele\u0161ke sa navodima iz dela filozofa, eugeni\u010dara, apologeta rasizma, istori\u010dara, ratnih vo\u0111a, dru\u0161tvenih i prirodnih nau\u010dnika \u2013 poput \u010c. Darvina, V. \u010cer\u010dila, H. Spensera itd.<\/p>\n\n\n\n<p>U nastojanju da rekonstrui\u0161e istoriju kolonijalnog imperijalizma i rasizma koji ga je opravdavao (a rasizmu je pak legitimaciju davala \u201enauka\u201c, najpre u Engleskoj, a kasnije i drugde u Evropi), kroz 169 kratkih poglavlja Lindkvist prati genezu jedne ideje, teorije i prakse sa\u017eete u naslovu \u201eIskoreniti svu bagru\u201c. To su re\u010di koje na kraju romana D\u017eozefa Konrada <em>Srce tame<\/em> izgovara jedan od junaka, ozlogla\u0161eni Kerc (\u201eExterminate all the brutes\u201c). Nasuprot samozvanom evropskom imid\u017eu kao \u201ekolevci napretka\u201c, Lindkvist postavlja brutalnu politiku ekspanzije koja je, u ime navodne biolo\u0161ke i intelektualne superiornosti, kao i sumnjivog civilizatorskog zadatka, otvorila put novom nasilju.<\/p>\n\n\n\n<p><em>Iskoreniti svu bagru<\/em> je originalno, ali u isti mah i uznemiruju\u0107e delo. Ono nam jasno predo\u010dava da zapadni svet \u010dinjenici da se nalazi na vrhu \u201elanca ishrane\u201c ima da zahvali ne samo zbog svojih dobrih nego i lo\u0161ih osobina. Uz to i belodano pokazuje da onaj koji dehumanizuje druge ne mo\u017ee da to \u010dini, a da na kraju istinski ne dehumanizuje samog sebe.<\/p>\n\n\n\n<hr class=\"wp-block-separator has-alpha-channel-opacity\"\/>\n\n\n\n<p><strong>Sven Lindkvist (Sven Lindqvist, 1932\u20132019)<\/strong>, bio je poznati \u0161vedski autor \u010diji opus od oko 35 knjiga obuhvata \u017eanrove po\u010dev od eseja, istoriografije, dokumentarne proze do putopisa i reporta\u017ea. \u0160kolovao se na Univerzitetu u Stokholmu, gde je i doktorirao, i proveo je nekoliko godina 60-ih u Pekingu kao \u0161vedski kulturni ata\u0161e.<\/p>\n\n\n\n<p>Lindkvist je poznat pre svega po knjigama u kojima se fokusirao na evropski imperijalizam, kolonijalizam, rasizam, genocid, rat i ekolo\u0161ku degradaciju. Me\u0111u njegovim najpoznatijim i najvi\u0161e cenjenim delima, pored Iskoreniti svu bagru (1992), izdvajaju se Istorija bombardovanja (1999), kao i Terra Nullius (2005), o sudbini aborid\u017einskog stanovni\u0161tva u Australiji. Delo Iskoreniti svu bagru prevedeno je na preko 15 jezika, adaptirano je za pozori\u0161te i poslu\u017eilo je kao inspiracija za istoimeni \u010detvorodelni mini-serijal reditelja Raula Peka (Raoul Peck) (reditelja filma o D\u017eejmsu Boldvinu, <em>I Am Not Your Negro<\/em>), prvi put emitovan 2021. g.<\/p>\n\n\n\n<p>Sven Lindkvist je dobitnik brojnih nagrada i priznanja u \u0160vedskoj, me\u0111u kojima su Stora Journalistpriset (1969), ili Lenjinova nagrada (2012), a \u0161vedski dnevnik Svenska Dagbladet opisao ga je kao jednog od najva\u017enijih modernih \u0161vedskih pisaca.<\/p>\n\n\n\n<hr class=\"wp-block-separator has-alpha-channel-opacity\"\/>\n\n\n\n<p>Prevod: Dorijan Hajdu<\/p>\n\n\n\n<p>Broj strana: 208<\/p>\n\n\n\n<p>Godina izdanja: 2025.<\/p>\n\n\n\n<hr class=\"wp-block-separator has-alpha-channel-opacity\"\/>\n\n\n\n<p>Izvor i dodatne obavijesti: <\/p>\n\n\n\n<p><a href=\"https:\/\/karposbooks.rs\/shop\/novo\/iskoreniti-svu-bagru-sven-lindkvist\/\">https:\/\/karposbooks.rs\/shop\/novo\/iskoreniti-svu-bagru-sven-lindkvist\/<\/a><\/p>\n\n\n\n<hr class=\"wp-block-separator has-alpha-channel-opacity\"\/>\n","protected":false},"excerpt":{"rendered":"","protected":false},"author":2,"featured_media":50642,"comment_status":"open","ping_status":"open","sticky":false,"template":"","format":"standard","meta":{"_acf_changed":false,"jetpack_post_was_ever_published":false,"_jetpack_newsletter_access":"","_jetpack_dont_email_post_to_subs":false,"_jetpack_newsletter_tier_id":0,"_jetpack_memberships_contains_paywalled_content":false,"_jetpack_memberships_contains_paid_content":false,"footnotes":"","jetpack_publicize_message":"","jetpack_publicize_feature_enabled":true,"jetpack_social_post_already_shared":true,"jetpack_social_options":{"image_generator_settings":{"template":"highway","default_image_id":0,"font":"","enabled":false},"version":2}},"categories":[8,3],"tags":[],"class_list":["post-50641","post","type-post","status-publish","format-standard","has-post-thumbnail","hentry","category-knjige","category-novosti"],"acf":{"facebook_opis":""},"jetpack_publicize_connections":[],"jetpack_featured_media_url":"https:\/\/i0.wp.com\/historiografija.hr\/wp-content\/uploads\/2026\/01\/Iskoreniti-svu-bagru.jpg?fit=566%2C800&ssl=1","jetpack_sharing_enabled":true,"jetpack-related-posts":[],"_links":{"self":[{"href":"https:\/\/historiografija.hr\/index.php?rest_route=\/wp\/v2\/posts\/50641","targetHints":{"allow":["GET"]}}],"collection":[{"href":"https:\/\/historiografija.hr\/index.php?rest_route=\/wp\/v2\/posts"}],"about":[{"href":"https:\/\/historiografija.hr\/index.php?rest_route=\/wp\/v2\/types\/post"}],"author":[{"embeddable":true,"href":"https:\/\/historiografija.hr\/index.php?rest_route=\/wp\/v2\/users\/2"}],"replies":[{"embeddable":true,"href":"https:\/\/historiografija.hr\/index.php?rest_route=%2Fwp%2Fv2%2Fcomments&post=50641"}],"version-history":[{"count":4,"href":"https:\/\/historiografija.hr\/index.php?rest_route=\/wp\/v2\/posts\/50641\/revisions"}],"predecessor-version":[{"id":50646,"href":"https:\/\/historiografija.hr\/index.php?rest_route=\/wp\/v2\/posts\/50641\/revisions\/50646"}],"wp:featuredmedia":[{"embeddable":true,"href":"https:\/\/historiografija.hr\/index.php?rest_route=\/wp\/v2\/media\/50642"}],"wp:attachment":[{"href":"https:\/\/historiografija.hr\/index.php?rest_route=%2Fwp%2Fv2%2Fmedia&parent=50641"}],"wp:term":[{"taxonomy":"category","embeddable":true,"href":"https:\/\/historiografija.hr\/index.php?rest_route=%2Fwp%2Fv2%2Fcategories&post=50641"},{"taxonomy":"post_tag","embeddable":true,"href":"https:\/\/historiografija.hr\/index.php?rest_route=%2Fwp%2Fv2%2Ftags&post=50641"}],"curies":[{"name":"wp","href":"https:\/\/api.w.org\/{rel}","templated":true}]}}